{"id":8364,"date":"2016-12-09T02:45:04","date_gmt":"2016-12-09T04:45:04","guid":{"rendered":"https:\/\/blogs.correiobraziliense.com.br\/aricunha\/?p=8364"},"modified":"2016-12-13T06:46:40","modified_gmt":"2016-12-13T08:46:40","slug":"um-estranho-no-ninho","status":"publish","type":"post","link":"https:\/\/blogs.correiobraziliense.com.br\/aricunha\/um-estranho-no-ninho\/","title":{"rendered":"Um estranho no ninho"},"content":{"rendered":"<p>ARI CUNHA <\/p>\n<p>DESDE 1960 \u00bb<\/p>\n<p>aricunha@dabr.com.br<\/p>\n<p>com Circe Cunha e MAMFIL<\/p>\n<p> Qualquer cidad\u00e3o que venha acompanhado as sess\u00f5es realizadas no plen\u00e1rio do STF, desde 2005, quando teve in\u00edcio as transmiss\u00f5es ao vivo do julgamento da A\u00e7\u00e3o Penal 470 do mensal\u00e3o, j\u00e1 tem, nessa altura dos acontecimentos, uma teoria formada sobre um personagem muito peculiar daquela Corte que, a despeito de seu comportamento apagado, parece um estranho no ninho, quer por uma percept\u00edvel limita\u00e7\u00e3o nas filigranas jur\u00eddicas, quer por uma inclina\u00e7\u00e3o, digamos, tendenciosa em prol dos governos que ocuparam o Planalto nos \u00faltimos dez anos.<\/p>\n<p>Essa figura, que, num \u00e1timo, foi al\u00e7ada da condi\u00e7\u00e3o de advogado sem muitos talentos, do Partido dos Trabalhadores, para ministro dessa alta Corte Constitucional, onde o not\u00f3rio saber jur\u00eddico \u00e9 condi\u00e7\u00e3o sine qua non para o exerc\u00edcio do cargo, destoa do conjunto. A presen\u00e7a desse juiz na Corte Suprema, s\u00f3 refor\u00e7a a tese de que as indica\u00e7\u00f5es para o alto cargo t\u00e9cnico deveriam ser prerrogativa interna do Judici\u00e1rio, com a sabatina dos indicados sendo feita pelos pr\u00f3prios ministros da Corte.<\/p>\n<p>Colocado no centro do plen\u00e1rio e tendo como questionantes, doutos constitucionalistas e experientes ju\u00edzes, qualquer candidato ao cargo, seria sabatinado comme il faut . Mas como a indica\u00e7\u00e3o e a sabatina ainda s\u00e3o postas sob o crivo exclusivamente ideol\u00f3gico, n\u00e3o surpreende que, cada vez mais, a Corte venha adotando interpreta\u00e7\u00f5es e decis\u00f5es com forte colora\u00e7\u00e3o pol\u00edtico-partid\u00e1ria.<\/p>\n<p>Para os que observam com mais aten\u00e7\u00e3o a performance desse ministro, quem ali enverga a t\u00fanica talar \u00e9 uma esp\u00e9cie de ator que se limita a ler pareceres escritos, obviamente preparados por uma pl\u00eaiade de juristas alojados em seu amplo gabinete. Mais curioso, e n\u00e3o menos emblem\u00e1tico, \u00e9 que na maioria das decis\u00f5es que vem proferindo, quando o que est\u00e1 em pauta s\u00e3o quest\u00f5es de interesse do seu antigo empregador e padrinho, n\u00e3o raro, o parecer se esvai pelos meandros infinitos do direito e encontra brechas para aliviar a m\u00e3o pesada da Justi\u00e7a sobre os antigos benfeitores. Dizer que ministro n\u00e3o tem passado, s\u00f3 futuro, neste caso, n\u00e3o corresponde aos fatos.<\/p>\n<p>Desde 2005, quando eclodiu o esc\u00e2ndalo do mensal\u00e3o, quando por raz\u00f5es \u00f3bvias e \u00e9ticas era recomend\u00e1vel que se declarasse impedido de julgar, o que se viu e ouviu, foram repetidas decis\u00f5es contra o bom senso e na dire\u00e7\u00e3o de livrar o petismo das pesadas san\u00e7\u00f5es legais que se anunciavam. A partir daquele julgamento emblem\u00e1tico, os olhos da opini\u00e3o p\u00fablica passaram a focar com mais aten\u00e7\u00e3o no desempenho desse magistrado, infelizmente fabricado sob medida e posto a atuar sob pedidos.<\/p>\n<p>A frase que n\u00e3o foi pronunciada<\/p>\n<p>\u201cVoltem sempre!\u201d<\/p>\n<p>Jo\u00e3o, funcion\u00e1rio da delegacia da Asa Norte, bem-humorado, apesar do trabalho estafante.<\/p>\n<p>Leitor<\/p>\n<p>\u00bb As 30 l\u00e2mpadas fluorescentes de 40w cada da Esta\u00e7\u00e3o Catetinho do BRT permanecem acesas  24 horas, gerando um consumo di\u00e1rio de 28,8kh, totalizando, no fim do m\u00eas, 864kw, dos quais pelo menos a metade, 432kw, \u00e9 desperd\u00edcio acintoso nesses momentos de crise. Essa energia que \u00e9 jogada fora equivale aproximadamente ao consumo de duas resid\u00eancias m\u00e9dias. Ser\u00e1 que quem projetou aquilo nunca ouviu falar em rel\u00e9s de controle tipo fotoc\u00e9lula?<\/p>\n<p>Vacina\u00e7\u00e3o<\/p>\n<p>\u00bb A Secretaria de Sa\u00fade do GDF precisa organizar melhor a pr\u00f3xima campanha de vacina\u00e7\u00e3o. Na Asa Norte, por exemplo, tudo foi centralizado em um \u00fanico Posto de Sa\u00fade 207\/407. Um caos total.<\/p>\n<p>Mais cuidado doutor<\/p>\n<p>\u00bb Depois que a coluna chamou a aten\u00e7\u00e3o das autoridades para os coment\u00e1rios feitos discretamente, um prato cheio para quem faz leitura labial, agora as fontes informam que as portas dos quartos de hot\u00e9is em Bras\u00edlia, n\u00e3o s\u00e3o t\u00e3o assim, digamos, \u00e0 prova de som.<\/p>\n<p>Exemplo<\/p>\n<p>\u00bb Opera\u00e7\u00e3o Dr. Lao, parceria entre o Minist\u00e9rio do Planejamento, Desenvolvimento e Gest\u00e3o,  o Minist\u00e9rio da Transpar\u00eancia, Fiscaliza\u00e7\u00e3o e a Controladoria-Geral da Uni\u00e3o, aplicou penalidades disciplinares a oito servidores do Instituto Brasileiro de Geografia e Estat\u00edstica (IBGE) por peculato e associa\u00e7\u00e3o criminosa. O fato ocorreu no Mato Grosso e o chefe da Unidade Estadual que trabalhava no cargo por mais de 30 anos foi demitido depois de instaurado o  processo administrativo disciplinar (PAD).<\/p>\n<p>Mujica<\/p>\n<p>\u00bb O Mujica de Bras\u00edlia, que entrou na Administra\u00e7\u00e3o do Lago Norte de fusca e deixou o cargo de administrador com o mesmo fusca, est\u00e1 cabisbaixo. Roubaram na 213 Norte seu possante verde. O ex-administrador, Manoel Andrade foi prontamente atendido pela pol\u00edcia civil quando comunicou o sumi\u00e7o do velho carro.<\/p>\n<p>Hist\u00f3ria de Bras\u00edlia<\/p>\n<p>Esta \u00e9 com a Capua e Capua. O bloco 56 da Asa Norte est\u00e1 com uma fenda muito grande, de alto a baixo. Parece que n\u00e3o h\u00e1 perigo, mas o pessoal que mora l\u00e1 bem que est\u00e1 apreensivo. (Publicado em 19\/9\/1961)<\/p>\n","protected":false},"excerpt":{"rendered":"<p>ARI CUNHA DESDE 1960 \u00bb aricunha@dabr.com.br com Circe Cunha e MAMFIL Qualquer cidad\u00e3o que venha acompanhado as sess\u00f5es realizadas no plen\u00e1rio do STF, desde 2005, quando teve in\u00edcio as transmiss\u00f5es ao vivo do julgamento da A\u00e7\u00e3o Penal 470 do mensal\u00e3o, j\u00e1 tem, nessa altura dos acontecimentos, uma teoria formada sobre um personagem muito peculiar daquela Corte que, a despeito de [&hellip;]<\/p>\n","protected":false},"author":34,"featured_media":0,"comment_status":"closed","ping_status":"closed","sticky":false,"template":"","format":"standard","meta":{"footnotes":""},"categories":[23],"tags":[],"class_list":["post-8364","post","type-post","status-publish","format-standard","hentry","category-integra"],"_links":{"self":[{"href":"https:\/\/blogs.correiobraziliense.com.br\/aricunha\/wp-json\/wp\/v2\/posts\/8364","targetHints":{"allow":["GET"]}}],"collection":[{"href":"https:\/\/blogs.correiobraziliense.com.br\/aricunha\/wp-json\/wp\/v2\/posts"}],"about":[{"href":"https:\/\/blogs.correiobraziliense.com.br\/aricunha\/wp-json\/wp\/v2\/types\/post"}],"author":[{"embeddable":true,"href":"https:\/\/blogs.correiobraziliense.com.br\/aricunha\/wp-json\/wp\/v2\/users\/34"}],"replies":[{"embeddable":true,"href":"https:\/\/blogs.correiobraziliense.com.br\/aricunha\/wp-json\/wp\/v2\/comments?post=8364"}],"version-history":[{"count":1,"href":"https:\/\/blogs.correiobraziliense.com.br\/aricunha\/wp-json\/wp\/v2\/posts\/8364\/revisions"}],"predecessor-version":[{"id":8365,"href":"https:\/\/blogs.correiobraziliense.com.br\/aricunha\/wp-json\/wp\/v2\/posts\/8364\/revisions\/8365"}],"wp:attachment":[{"href":"https:\/\/blogs.correiobraziliense.com.br\/aricunha\/wp-json\/wp\/v2\/media?parent=8364"}],"wp:term":[{"taxonomy":"category","embeddable":true,"href":"https:\/\/blogs.correiobraziliense.com.br\/aricunha\/wp-json\/wp\/v2\/categories?post=8364"},{"taxonomy":"post_tag","embeddable":true,"href":"https:\/\/blogs.correiobraziliense.com.br\/aricunha\/wp-json\/wp\/v2\/tags?post=8364"}],"curies":[{"name":"wp","href":"https:\/\/api.w.org\/{rel}","templated":true}]}}