{"id":8351,"date":"2016-12-02T03:24:53","date_gmt":"2016-12-02T05:24:53","guid":{"rendered":"https:\/\/blogs.correiobraziliense.com.br\/aricunha\/?p=8351"},"modified":"2016-12-13T06:35:49","modified_gmt":"2016-12-13T08:35:49","slug":"bandoleiros-pela-democracia-2","status":"publish","type":"post","link":"https:\/\/blogs.correiobraziliense.com.br\/aricunha\/bandoleiros-pela-democracia-2\/","title":{"rendered":"Bandoleiros pela democracia"},"content":{"rendered":"<p>DESDE 1960 \u00bb<br \/>\nARI CUNHA<\/p>\n<p>com Circe Cunha e MAMFIL<\/p>\n<p>Em nome de um modelo de democracia que parece interessar apenas a grupos como a CUT, MST, UNE e outros grupelhos que orbitam os partidos de esquerda \u2014 os mesmos que cuidaram de arruinar o Brasil na \u00faltima d\u00e9cada \u2014, a Esplanada dos Minist\u00e9rios, incluindo o Museu da Rep\u00fablica, a Biblioteca Nacional e a Catedral foram, mais uma vez, depredados e pichados por bandos de arruaceiros convocados em v\u00e1rias partes do pa\u00eds para, segundo querem fazer crer, protestar contra a PEC dos gastos p\u00fablicos e a reforma do ensino m\u00e9dio.<\/p>\n<p>As manifesta\u00e7\u00f5es violentas deixaram, al\u00e9m de um rastro de destrui\u00e7\u00e3o material, com preju\u00edzos de milh\u00f5es de reais para o contribuinte, uma forte suspeita de que foram e est\u00e3o sendo perpetrados ante as perspectivas desses mesmos grupos virem a perder o dinheiro farto, que, por muitos anos, inundou os cofres dessas entidades parasitas.<\/p>\n<p>Al\u00e9m disso, esses e outros protestos do g\u00eanero escondem o fato de que, na verdade, buscam o caos , por meio da agita\u00e7\u00e3o das massas e da cria\u00e7\u00e3o de um ambiente prop\u00edcio para uma convuls\u00e3o social desenfreada.<\/p>\n<p>(Abro aqui um par\u00eantese para registrar o pulso do senador Renan Calheiros, que n\u00e3o permitiu que a baderna adentrasse pelas galerias da Casa. Viu que a professora Glaucia Morelli havia entrado com um senador da casa. Tentamos contato com o Sr. Weiller Diniz para confirmar que senador a havia acompanhado, mas n\u00e3o obtivemos sucesso sobre o parlamentar).<\/p>\n<p>Dessa forma, por meio da desestabiliza\u00e7\u00e3o do Estado democr\u00e1tico de direito, o que esses agitadores pretendem de fato \u00e9 enfraquecer o governo Temer e, na sequ\u00eancia, obrigar a convoca\u00e7\u00e3o de novas elei\u00e7\u00f5es para, quem sabe, trazer de volta a mesma gente que infelicitou a grande maioria dos brasileiros e jogou o pa\u00eds nesse fosso inst\u00e1vel.<\/p>\n<p>Nessa nova investida dos v\u00e2ndalos contra o patrim\u00f4nio que \u00e9 de todos, foi usada uma nova estrat\u00e9gia que \u00e9 a de atribuir a membros do pr\u00f3prio governo e a uma direita raivosa os atos de depreda\u00e7\u00e3o e de enfrentamento com a pol\u00edcia, de modo a lan\u00e7ar no colo alheio a ins\u00e2nia cometida contra a capital. A pol\u00edcia, que, em casos como este, fica pisando em ovos, para n\u00e3o ser acusada de fabricar um m\u00e1rtir cad\u00e1ver, deixou escapar a oportunidade de identificar cada um desses b\u00e1rbaros e,  entre outras provid\u00eancias legais, enviar para o endere\u00e7o certo a conta total dos estragos, inclusive os danos morais sofridos por toda a popula\u00e7\u00e3o brasiliense.<\/p>\n<p>A frase que n\u00e3o foi pronunciada<\/p>\n<p>\u201c\u00c9 poss\u00edvel, sim, ser eleito sem dinheiro. \u00c9 s\u00f3 fazer o que fala.\u201d<\/p>\n<p>Eleitor do Reguffe, que conquistou os votos pela a\u00e7\u00e3o.<\/p>\n<p>Orgulho<\/p>\n<p>\u00bb Entre os homenageados pela C\u00e2mara dos Deputados com o M\u00e9rito Legislativo est\u00e1 Silvio Avelino da Silva, servidor da C\u00e2mara desde os 15 anos de idade. Ele entrou para a Casa por um programa para  menores. Iniciou a carreira brilhante como mensageiro. Passou a datil\u00f3grafo e da\u00ed galgou sua vida profissional at\u00e9 chegar a secret\u00e1rio-geral da Mesa, um dos cargos mais importantes do Legislativo. Nosso reconhecimento e agradecimento pelo exemplo dado \u00e0s pr\u00f3ximas gera\u00e7\u00f5es.<\/p>\n<p>Na bucha<\/p>\n<p>\u00bb Em um dos depoimentos na Pol\u00edcia Federal, apareceu a seguinte hist\u00f3ria. Algu\u00e9m queria nomear um diretor na \u00e9poca em que Jos\u00e9 Eduardo Dutra era presidente da estatal. Ao ser questionado pelo ent\u00e3o presidente Lula sobre a raz\u00e3o do tal diretor n\u00e3o ter sido nomeado, segundo Dutra, n\u00e3o fazia parte da tradi\u00e7\u00e3o da Petrobras ficar trocando diretores. Ao que Lula sem pestanejar respondeu: \u201cSe fosse pela tradi\u00e7\u00e3o nem voc\u00ea seria presidente da estatal nem eu seria presidente da Rep\u00fablica\u201d.<\/p>\n<p>Consome dor<\/p>\n<p>\u00bb A operadora de celular Claro fez mais de 34 liga\u00e7\u00f5es para um \u00fanico cliente, do n\u00famero 3130482700 em dois dias. Uma pessoa pergunta se o cliente est\u00e1 ouvindo e passa para uma grava\u00e7\u00e3o que oferece novos produtos.<\/p>\n<p>Hist\u00f3ria de Bras\u00edlia<\/p>\n<p>Finalmente, uma advert\u00eancia. O governo novo se inicia sob um novo regime pol\u00edtico, e sua base, seu sucesso, depende, tamb\u00e9m, da maneira como \u00e9 tratada a coisa p\u00fablica. (Publicado em 19\/9\/1961)<\/p>\n","protected":false},"excerpt":{"rendered":"<p>DESDE 1960 \u00bb ARI CUNHA com Circe Cunha e MAMFIL Em nome de um modelo de democracia que parece interessar apenas a grupos como a CUT, MST, UNE e outros grupelhos que orbitam os partidos de esquerda \u2014 os mesmos que cuidaram de arruinar o Brasil na \u00faltima d\u00e9cada \u2014, a Esplanada dos Minist\u00e9rios, incluindo o Museu da Rep\u00fablica, a [&hellip;]<\/p>\n","protected":false},"author":34,"featured_media":0,"comment_status":"closed","ping_status":"closed","sticky":false,"template":"","format":"standard","meta":{"footnotes":""},"categories":[23],"tags":[30],"class_list":["post-8351","post","type-post","status-publish","format-standard","hentry","category-integra","tag-politica-brasil-brasilia-frase-ari-cunha-circe-cunha"],"_links":{"self":[{"href":"https:\/\/blogs.correiobraziliense.com.br\/aricunha\/wp-json\/wp\/v2\/posts\/8351","targetHints":{"allow":["GET"]}}],"collection":[{"href":"https:\/\/blogs.correiobraziliense.com.br\/aricunha\/wp-json\/wp\/v2\/posts"}],"about":[{"href":"https:\/\/blogs.correiobraziliense.com.br\/aricunha\/wp-json\/wp\/v2\/types\/post"}],"author":[{"embeddable":true,"href":"https:\/\/blogs.correiobraziliense.com.br\/aricunha\/wp-json\/wp\/v2\/users\/34"}],"replies":[{"embeddable":true,"href":"https:\/\/blogs.correiobraziliense.com.br\/aricunha\/wp-json\/wp\/v2\/comments?post=8351"}],"version-history":[{"count":3,"href":"https:\/\/blogs.correiobraziliense.com.br\/aricunha\/wp-json\/wp\/v2\/posts\/8351\/revisions"}],"predecessor-version":[{"id":8354,"href":"https:\/\/blogs.correiobraziliense.com.br\/aricunha\/wp-json\/wp\/v2\/posts\/8351\/revisions\/8354"}],"wp:attachment":[{"href":"https:\/\/blogs.correiobraziliense.com.br\/aricunha\/wp-json\/wp\/v2\/media?parent=8351"}],"wp:term":[{"taxonomy":"category","embeddable":true,"href":"https:\/\/blogs.correiobraziliense.com.br\/aricunha\/wp-json\/wp\/v2\/categories?post=8351"},{"taxonomy":"post_tag","embeddable":true,"href":"https:\/\/blogs.correiobraziliense.com.br\/aricunha\/wp-json\/wp\/v2\/tags?post=8351"}],"curies":[{"name":"wp","href":"https:\/\/api.w.org\/{rel}","templated":true}]}}