{"id":8343,"date":"2016-12-01T02:56:34","date_gmt":"2016-12-01T04:56:34","guid":{"rendered":"https:\/\/blogs.correiobraziliense.com.br\/aricunha\/?p=8343"},"modified":"2016-12-01T12:03:28","modified_gmt":"2016-12-01T14:03:28","slug":"imprensa-livre-como-alvo","status":"publish","type":"post","link":"https:\/\/blogs.correiobraziliense.com.br\/aricunha\/imprensa-livre-como-alvo\/","title":{"rendered":"A imprensa livre como alvo"},"content":{"rendered":"<p>DESDE 1960 \u00bb<\/p>\n<p>jornalista_aricunha@outlook.com<\/p>\n<p>com Circe Cunha com MAMFIL<\/p>\n<p>Durante os anos que antecederam a chegada do Partido dos Trabalhadores ao poder e mesmo ao longo dos primeiros anos do governo Lula, a imprensa, de um modo geral, vivia uma esp\u00e9cie de lua de mel com a legenda e com a maioria dos movimentos sociais de esquerda. A coisa parecia natural, pois havia, por parte dos jornalistas mais jovens e mesmo pela gera\u00e7\u00e3o dos anos de chumbo, uma relativa esperan\u00e7a de que, afinal, o Brasil resolveria, de vez, os graves e seculares problemas de desigualdade social.<\/p>\n<p>A subida da rampa do Planalto pelos partidos de esquerda tinha sido aguardada e adiada desde os anos 1960. Durante o regime militar, esse sonho ficara guardado em segredo por muitos anos. Havia, portanto, uma grande expectativa com a vit\u00f3ria das esquerdas. N\u00e3o se passaram nem cinco anos e as rela\u00e7\u00f5es come\u00e7aram a desandar. O ano de 2005 marca um ponto de viragem nesse romance.<\/p>\n<p>Com a eclos\u00e3o do esc\u00e2ndalo do mensal\u00e3o, come\u00e7aram a aparecer as primeiras contradi\u00e7\u00f5es dentro de um movimento que todos acreditavam e apostavam como moralizador e saneador do Estado. \u00c0 medida que a imprensa livre investigava e passava a seguir as in\u00fameras pistas, aumentavam os sinais de fadiga, que levariam a uma esp\u00e9cie de rompimento for\u00e7ado e definitivo.<\/p>\n<p>A cada enxadada no solo, uma minhoca, a cada pena puxada, surgia uma galinha inteira. Contradi\u00e7\u00f5es atr\u00e1s de contradi\u00e7\u00f5es, desmentidos constantes e, por fim, o div\u00f3rcio litigioso opondo m\u00eddia livre de um lado e o PT e os movimentos sociais, de outro. Estabelecida a ciz\u00e2nia, restou ao partido no poder buscar na cartilha das t\u00e1ticas de guerrilha ou algo do g\u00eanero, a melhor estrat\u00e9gia para deter o avan\u00e7o da imprensa sobre os fatos que n\u00e3o paravam de aparecer.<\/p>\n<p>O ardil escolhido, aquele que parecia trazer melhores resultados para defender o partido das manchetes di\u00e1rias escandalosas, foi, al\u00e9m da ado\u00e7\u00e3o de uma sistem\u00e1tica difus\u00e3o de cal\u00fanias contra a imprensa, feita pelos chamados blogs sujos, custeados, obviamente, com dinheiro p\u00fablico, a coloca\u00e7\u00e3o de boa parte dessa mesma imprensa como inimigo declarado do PT. Passou-se ent\u00e3o a segunda fase desse estratagema, com a incita\u00e7\u00e3o aberta para que os simpatizantes que ainda permaneceram sob a \u00f3rbita do partido atacassem e agredissem, sem tr\u00e9guas, os profissionais de toda a imprensa hostil ao PT.<\/p>\n<p>Alcunhada com o ep\u00f4nimo de m\u00eddia golpista, a ordem das lideran\u00e7as do partido foi baixar o pau na imprensa, perseguir e espancar jornalistas, rep\u00f3rteres, cinegrafistas e fot\u00f3grafos e todos que ousassem criticar a legenda e seu l\u00edder m\u00e1ximo. No entanto, a t\u00e1tica de transformar a imprensa em alvo, como a maioria das decis\u00f5es autocr\u00e1ticas desse partido, provocou um efeito contr\u00e1rio: quanto mais atacam a m\u00eddia, mais a popula\u00e7\u00e3o vai percebendo quanto risco todo o pa\u00eds correu, caso essa turma ficasse, como pretendia, d\u00e9cadas no poder.<\/p>\n<p>A frase que n\u00e3o foi pronunciada<\/p>\n<p>&#8220;Ao ouvir a opini\u00e3o dos ministros do STF sobre o aborto, pensei logo. Imaginem se a m\u00e3e deles pensasse da mesma forma! Se as Excel\u00eancias tiveram a chance de viver, n\u00e3o deveriam privar outros seres humanos da mesma oportunidade&#8221;.<\/p>\n<p>Dona Dita, lendo sobre o caso do aborto em Xer\u00e9m.<\/p>\n<p>Malhete<\/p>\n<p>Inacredit\u00e1vel que, com o aparato tecnol\u00f3gico que temos hoje, depois de 200 mil anos de vida humana na Terra, os ministros da Suprema Corte brasileira nunca tenham assistido no YouTube v\u00eddeos retratando o pavor de um aborto. O Brasil s\u00f3 faz quest\u00e3o de se igualar aos pa\u00edses desenvolvidos no que \u00e9 negativo. Isso \u00e9 fato.<\/p>\n<p>Desenvolvido<\/p>\n<p>Por que o Brasil n\u00e3o imita os pa\u00edses desenvolvidos para proteger a popula\u00e7\u00e3o dos agrot\u00f3xicos, do sal e do a\u00e7\u00facar? Por que n\u00e3o imita a mobilidade nas cidades modernas? Por que n\u00e3o adota a legisla\u00e7\u00e3o contra a corrup\u00e7\u00e3o adotada no Jap\u00e3o? Por que n\u00e3o rev\u00ea o direito penal e os procedimentos processuais para imitar os Estados Unidos?<\/p>\n<p>M\u00e1xima V\u00eania<\/p>\n<p>Disse a ministra C\u00e1rmen L\u00facia que criminalizar juiz \u00e9 t\u00e1tica da ditadura. Mas e quando ministros da mais alta corte do pa\u00eds autorizam o cometimento de um crime? O que pensar? Permitir o aborto no primeiro trimestre da gravidez, matando um ser humano indefeso com a anu\u00eancia do STF, \u00e9 mais absurdo que a ditadura. Pelo menos as v\u00edtimas que sobreviveram nos anos de chumbo tiveram a chance de descrever o horror que sofreram.<\/p>\n<p>Laqueadura<\/p>\n<p>&#8220;\u00c9 dominante, no mundo democr\u00e1tico e desenvolvido, a percep\u00e7\u00e3o de que a criminaliza\u00e7\u00e3o da interrup\u00e7\u00e3o volunt\u00e1ria da gesta\u00e7\u00e3o atinge gravemente diversos direitos fundamentais da mulher, com reflexos vis\u00edveis sobre a dignidade humana&#8221;, disse o ministro Barroso. Isso quer dizer que arrancar um filho do \u00fatero \u00e9 postura digna? Ent\u00e3o um conselho de not\u00e1veis toma a decis\u00e3o de que interromper a gravidez \u00e9 parte de um mundo democr\u00e1tico e fundamenta a defesa nos direitos da mulher e dignidade humana? Entende-se que o ventre da m\u00e3e est\u00e1 fora do espa\u00e7o para a dignidade?<\/p>\n<p>Inerente<\/p>\n<p>&#8220;O tempo e as coisas n\u00e3o param. Os avan\u00e7os alcan\u00e7ados pela sociedade s\u00e3o progressivos. Inconceb\u00edvel, no campo do pensar, \u00e9 a estagna\u00e7\u00e3o. Inconceb\u00edvel \u00e9 o misone\u00edsmo.&#8221; Na fala do ministro Marco Aur\u00e9lio de Mello, fica a certeza de que ele n\u00e3o aproveitou o aparato tecnol\u00f3gico para assistir no YouTube um aborto com um m\u00eas de vida, dois ou em qualquer idade da crian\u00e7a. Sim. Porque n\u00e3o adianta dizer que um ser humano ainda n\u00e3o nascido n\u00e3o \u00e9 ser humano.<\/p>\n<p>Hist\u00f3ria de Bras\u00edlia<\/p>\n<p>O fato de o senhor ser alto funcion\u00e1rio, e ter sob sua guarda um carro do Estado, n\u00e3o implica em que sua mulher, suas irm\u00e3s, sua namorada ou suas parentas aprendam a dirigir no carro que n\u00e3o lhe pertence. (Publicado em 19\/09\/1961)<\/p>\n","protected":false},"excerpt":{"rendered":"<p>DESDE 1960 \u00bb jornalista_aricunha@outlook.com com Circe Cunha com MAMFIL Durante os anos que antecederam a chegada do Partido dos Trabalhadores ao poder e mesmo ao longo dos primeiros anos do governo Lula, a imprensa, de um modo geral, vivia uma esp\u00e9cie de lua de mel com a legenda e com a maioria dos movimentos sociais de esquerda. A coisa parecia [&hellip;]<\/p>\n","protected":false},"author":34,"featured_media":0,"comment_status":"closed","ping_status":"closed","sticky":false,"template":"","format":"standard","meta":{"footnotes":""},"categories":[23],"tags":[28],"class_list":["post-8343","post","type-post","status-publish","format-standard","hentry","category-integra","tag-dh-direitos-humanos-stf-aborto-ari-cunha-circe-cunha"],"_links":{"self":[{"href":"https:\/\/blogs.correiobraziliense.com.br\/aricunha\/wp-json\/wp\/v2\/posts\/8343","targetHints":{"allow":["GET"]}}],"collection":[{"href":"https:\/\/blogs.correiobraziliense.com.br\/aricunha\/wp-json\/wp\/v2\/posts"}],"about":[{"href":"https:\/\/blogs.correiobraziliense.com.br\/aricunha\/wp-json\/wp\/v2\/types\/post"}],"author":[{"embeddable":true,"href":"https:\/\/blogs.correiobraziliense.com.br\/aricunha\/wp-json\/wp\/v2\/users\/34"}],"replies":[{"embeddable":true,"href":"https:\/\/blogs.correiobraziliense.com.br\/aricunha\/wp-json\/wp\/v2\/comments?post=8343"}],"version-history":[{"count":2,"href":"https:\/\/blogs.correiobraziliense.com.br\/aricunha\/wp-json\/wp\/v2\/posts\/8343\/revisions"}],"predecessor-version":[{"id":8345,"href":"https:\/\/blogs.correiobraziliense.com.br\/aricunha\/wp-json\/wp\/v2\/posts\/8343\/revisions\/8345"}],"wp:attachment":[{"href":"https:\/\/blogs.correiobraziliense.com.br\/aricunha\/wp-json\/wp\/v2\/media?parent=8343"}],"wp:term":[{"taxonomy":"category","embeddable":true,"href":"https:\/\/blogs.correiobraziliense.com.br\/aricunha\/wp-json\/wp\/v2\/categories?post=8343"},{"taxonomy":"post_tag","embeddable":true,"href":"https:\/\/blogs.correiobraziliense.com.br\/aricunha\/wp-json\/wp\/v2\/tags?post=8343"}],"curies":[{"name":"wp","href":"https:\/\/api.w.org\/{rel}","templated":true}]}}