{"id":8341,"date":"2016-11-30T01:53:28","date_gmt":"2016-11-30T03:53:28","guid":{"rendered":"https:\/\/blogs.correiobraziliense.com.br\/aricunha\/?p=8341"},"modified":"2016-12-01T11:56:19","modified_gmt":"2016-12-01T13:56:19","slug":"nova-modalidade-de-trabalho-para-velha-clt","status":"publish","type":"post","link":"https:\/\/blogs.correiobraziliense.com.br\/aricunha\/nova-modalidade-de-trabalho-para-velha-clt\/","title":{"rendered":"Nova modalidade de trabalho para a velha CLT"},"content":{"rendered":"<p>DESDE 1960 \u00bb<\/p>\n<p>jornalista_aricunha@outlook.com<\/p>\n<p>com Circe Cunha e MAMFIL<\/p>\n<p>Com o advento e consolida\u00e7\u00e3o das novas tecnologias, como a internet, velhos sistemas organizacionais de trabalho sair\u00e3o paulatinamente de cena. Em substitui\u00e7\u00e3o aos modelos vigentes, em que o empregado comparece todos os dias \u00e0 reparti\u00e7\u00e3o para desempenho de suas fun\u00e7\u00f5es e para cumprir carga hor\u00e1ria presencial, est\u00e3o sendo testadas, em todo o mundo e no Brasil, novas propostas de trabalho para as mais diversas \u00e1reas que se confirmarem-se vi\u00e1veis, revolucionar\u00e3o totalmente o modo como entendemos n\u00e3o s\u00f3 o servi\u00e7o p\u00fablico, mas todo e qualquer servi\u00e7o burocr\u00e1tico.<\/p>\n<p>Uma das maiores revolu\u00e7\u00f5es trazidas pela internet foi, sem d\u00favida, o estabelecimento do &#8220;n\u00e3o lugar&#8221;, ou seja, a exist\u00eancia de lugares f\u00edsicos para o desempenho de determinadas fun\u00e7\u00f5es deixou de ser uma condi\u00e7\u00e3o sine qua non para a realiza\u00e7\u00e3o de um trabalho.<\/p>\n<p>\u00c9 comum hoje que profissionais liberais, como arquitetos e advogados, tenham como local de trabalho apenas o pr\u00f3prio laptop que carrega debaixo do bra\u00e7o, que armazena absolutamente todas as informa\u00e7\u00f5es e ferramentas de que necessitam para o exerc\u00edcio de suas fun\u00e7\u00f5es.<\/p>\n<p>A ado\u00e7\u00e3o do chamado teletrabalho, em an\u00e1lise agora no Senado Federal, possibilitar\u00e1 que muitos servidores exer\u00e7am plenamente suas fun\u00e7\u00f5es sem a necessidade de sair de casa, congestionar o tr\u00e2nsito, gastar combust\u00edvel, perder tempo, economizar \u00e1gua, luz, papel, equipamentos e todo instrumental necess\u00e1rio para a realiza\u00e7\u00e3o do servi\u00e7o, a come\u00e7ar pela necessidade de existir um espa\u00e7o f\u00edsico para seu trabalho di\u00e1rio.<\/p>\n<p>De autoria do senador Eduardo Amorim (PSC-SE), o projeto estabelece o trabalho regular no qual o trabalhador exerce suas fun\u00e7\u00f5es fora do estabelecimento do empregador com o teletrabalho, tamb\u00e9m cumprido a dist\u00e2ncia, mas no qual s\u00e3o utilizados meios telem\u00e1ticos e informatizados para sua execu\u00e7\u00e3o.<\/p>\n<p>Nessa nova modalidade, o trabalhador dever\u00e1, segundo o projeto, respeitar as normas de confiabilidade dos dados da empresa. No esquema de teletrabalho, o controle de frequ\u00eancia ser\u00e1 substitu\u00eddo pelo instrumento da avalia\u00e7\u00e3o de metas a serem cumpridas. Um maior grau de autonomia do trabalhador e uma economia significativa para os cofres p\u00fablicos \u00e9 o que esperam aqueles que apostam nesta nova proposta.<\/p>\n<p>Ficam de fora, por enquanto, o pagamento de horas extras, exceto nos casos em que o trabalhador for obrigado a comparecer \u00e0s depend\u00eancias do contratante em per\u00edodo inferior a seis dias \u00fateis. O projeto estabelece ainda que o empregado ter\u00e1 direito ao ressarcimento com gastos extraordin\u00e1rios para a realiza\u00e7\u00e3o de suas fun\u00e7\u00f5es, ficando assegurados tamb\u00e9m a metade do valor do vale-transporte e a integralidade do vale-alimenta\u00e7\u00e3o. O pr\u00f3ximo passo ser\u00e1 a modifica\u00e7\u00e3o para a adapta\u00e7\u00e3o das normas da Consolida\u00e7\u00e3o das Leis do Trabalho CLT de maio de 1943.<\/p>\n<p>A frase que foi pronunciada<\/p>\n<p>&#8220;Cada um d\u00e1 o que tem&#8221;<\/p>\n<p>Quintino Cunha, devolvendo uma bra\u00e7ada de rosas a quem lhe deu um chifre de presente de anivers\u00e1rio.<\/p>\n<p>Release<\/p>\n<p>\u00bb Uma beleza a homenagem a Sarah Abrah\u00e3o &#8211; primeira mulher a assumir o cargo de secret\u00e1ria-geral da Mesa no Senado Federal. A Biblioteca Acad\u00eamico Luiz Viana Filho lan\u00e7ou ontem a biografia Mem\u00f3rias do Senado. O livro, com pref\u00e1cio do ex-presidente Jos\u00e9 Sarney, narra fatos marcantes da hist\u00f3ria, desde quando se tentava manter o Congresso aberto durante a ditadura militar at\u00e9 os bastidores da Constituinte de 1988, conjugados \u00e0 trajet\u00f3ria da biografada.<\/p>\n<p>Merecido<\/p>\n<p>\u00bb Foi condecorado como cidad\u00e3o honor\u00e1rio pela C\u00e2mara Legislativa do DF, o oncologista Gustavo Fernandes, diretor m\u00e9dico do Hospital S\u00edrio-Liban\u00eas na capital. O evento ocorreu durante uma sess\u00e3o solene na C\u00e2mara Legislativa, por iniciativa do deputado Cl\u00e1udio Abrantes.<\/p>\n<p>Imperd\u00edvel<\/p>\n<p>\u00bb Concerto do Coro Sinf\u00f4nico Comunit\u00e1rio da UnB, amanh\u00e3 e dia 2, \u00e0s 20h, no Col\u00e9gio Militar de Bras\u00edlia. Solistas Jean Nardoto e Aida Kellen sob a reg\u00eancia de David Junker. Entrada franca.<\/p>\n<p>Hist\u00f3ria de Bras\u00edlia<\/p>\n<p>Os senhores que t\u00eam sob sua guarda autom\u00f3veis do Estado deviam agir com mais respeito, mais vergonha, mais zelo, mais cautela e mais dignidade. A ordem do governo anterior est\u00e1 transformada numa orgia de gasolina, sem que ningu\u00e9m leve em conta que tudo aquilo pertence ao Estado, e s\u00f3 pelo Estado deve ser usado. (Publicado em 19\/9\/1961<\/p>\n","protected":false},"excerpt":{"rendered":"<p>DESDE 1960 \u00bb jornalista_aricunha@outlook.com com Circe Cunha e MAMFIL Com o advento e consolida\u00e7\u00e3o das novas tecnologias, como a internet, velhos sistemas organizacionais de trabalho sair\u00e3o paulatinamente de cena. Em substitui\u00e7\u00e3o aos modelos vigentes, em que o empregado comparece todos os dias \u00e0 reparti\u00e7\u00e3o para desempenho de suas fun\u00e7\u00f5es e para cumprir carga hor\u00e1ria presencial, est\u00e3o sendo testadas, em todo [&hellip;]<\/p>\n","protected":false},"author":34,"featured_media":0,"comment_status":"closed","ping_status":"closed","sticky":false,"template":"","format":"standard","meta":{"footnotes":""},"categories":[23],"tags":[],"class_list":["post-8341","post","type-post","status-publish","format-standard","hentry","category-integra"],"_links":{"self":[{"href":"https:\/\/blogs.correiobraziliense.com.br\/aricunha\/wp-json\/wp\/v2\/posts\/8341","targetHints":{"allow":["GET"]}}],"collection":[{"href":"https:\/\/blogs.correiobraziliense.com.br\/aricunha\/wp-json\/wp\/v2\/posts"}],"about":[{"href":"https:\/\/blogs.correiobraziliense.com.br\/aricunha\/wp-json\/wp\/v2\/types\/post"}],"author":[{"embeddable":true,"href":"https:\/\/blogs.correiobraziliense.com.br\/aricunha\/wp-json\/wp\/v2\/users\/34"}],"replies":[{"embeddable":true,"href":"https:\/\/blogs.correiobraziliense.com.br\/aricunha\/wp-json\/wp\/v2\/comments?post=8341"}],"version-history":[{"count":1,"href":"https:\/\/blogs.correiobraziliense.com.br\/aricunha\/wp-json\/wp\/v2\/posts\/8341\/revisions"}],"predecessor-version":[{"id":8342,"href":"https:\/\/blogs.correiobraziliense.com.br\/aricunha\/wp-json\/wp\/v2\/posts\/8341\/revisions\/8342"}],"wp:attachment":[{"href":"https:\/\/blogs.correiobraziliense.com.br\/aricunha\/wp-json\/wp\/v2\/media?parent=8341"}],"wp:term":[{"taxonomy":"category","embeddable":true,"href":"https:\/\/blogs.correiobraziliense.com.br\/aricunha\/wp-json\/wp\/v2\/categories?post=8341"},{"taxonomy":"post_tag","embeddable":true,"href":"https:\/\/blogs.correiobraziliense.com.br\/aricunha\/wp-json\/wp\/v2\/tags?post=8341"}],"curies":[{"name":"wp","href":"https:\/\/api.w.org\/{rel}","templated":true}]}}