{"id":8338,"date":"2016-11-29T01:40:09","date_gmt":"2016-11-29T03:40:09","guid":{"rendered":"https:\/\/blogs.correiobraziliense.com.br\/aricunha\/?p=8338"},"modified":"2016-11-29T11:41:04","modified_gmt":"2016-11-29T13:41:04","slug":"cldf-vive-alheia-em-torno-do-proprio-umbigo","status":"publish","type":"post","link":"https:\/\/blogs.correiobraziliense.com.br\/aricunha\/cldf-vive-alheia-em-torno-do-proprio-umbigo\/","title":{"rendered":"CLDF vive alheia em torno do pr\u00f3prio umbigo"},"content":{"rendered":"<p>DESDE 1960 \u00bb<\/p>\n<p>jornalista_aricunha@outlook.com<\/p>\n<p>com Circe Cunha e MAMFIL<\/p>\n<p>Numa democracia, em que o voto tem poder de fato, \u00e9 comum observar que os candidatos que saem eleitos das urnas s\u00e3o exatamente aqueles que a popula\u00e7\u00e3o quis como representantes. Em elei\u00e7\u00f5es livres, a sociedade tem exatamente o poder de escolher os governantes que querem e almejam, sem press\u00f5es de qualquer tipo. Dito de outra forma, corruptos e malfeitores, eventualmente, al\u00e7ados a representantes legais da popula\u00e7\u00e3o foram colocados nessa posi\u00e7\u00e3o pelo do poder do voto popular livre e soberano.<\/p>\n<p>Em 1811, o fil\u00f3sofo franc\u00eas Joseph-Marie Maistre (1753-1821) cunhou a frase que ainda hoje permanece v\u00e1lidapara entendermos um pouco sobre nosso sistema atual: \u201cCada povo tem o governo que merece\u201d. Com base nessa constata\u00e7\u00e3o, \u00e9 perfeitamente poss\u00edvel declarar que, os brasilienses t\u00eam os deputados distritais que livremente escolheram e, portanto, merecem. Mesmo aqueles que s\u00e3o constantemente vistos nas p\u00e1ginas de jornais reservadas a assuntos policiais e aos esc\u00e2ndalos pol\u00edticos, representam o eleitor.<\/p>\n<p>De um lado e de outro das urnas, n\u00e3o existem inocentes. Formam, em nossa democracia, tanto no \u00e2mbito local quanto federal, uma esp\u00e9cie de corruptos de estima\u00e7\u00e3o dos eleitores, e seguem alojados no poder, anos ap\u00f3s anos, sem serem incomodados, amealhando verdadeiras fortunas, sob o olhar de aprova\u00e7\u00e3o daqueles que franquearam, nas urnas, o caminho e as portas dos cofres p\u00fablicos \u00e0 sanha desses dilapidadores profissionais diplomados e com foro especial.<\/p>\n<p>Nessa nova temporada de esc\u00e2ndalos, o Minist\u00e9rio P\u00fablico do Distrito Federal e Territ\u00f3rios denunciou, por duas vezes, os cinco distritais da Mesa Diretora por corrup\u00e7\u00e3o passiva, dentro dos desdobramentos da chamada Opera\u00e7\u00e3o Dr\u00e1con. N\u00e3o bastassem as graves den\u00fancias, surge agora a not\u00edcia de que a mesma presidente afastada da Casa teria, segundo grava\u00e7\u00f5es feitas com ex-senador Gim Argello, preso em Curitiba, recebido mesadas no valor de R$ 420 mil do Detran e participado de desvios de recursos de publicidade da pr\u00f3pria CLDF.<\/p>\n<p>Indiferentes n\u00e3o s\u00f3 ao vendaval da pol\u00edcia que vasculha essas maracutaias, mas sobretudo \u00e0 fal\u00eancia das finan\u00e7as p\u00fablicas do DF, as excelent\u00edssimas autoridades encontraram tempo diante desse turbilh\u00e3o de not\u00edcias para aumentar em 20% o or\u00e7amento da C\u00e2mara Legislativa para o ano que vem. Dizer o qu\u00ea? Que os mandantes do assassinato da \u00e9tica foram os eleitores?<\/p>\n<p>A frase que foi pronunciada<\/p>\n<p>\u201cPor que sou um escorpi\u00e3o e esta \u00e9 a minha natureza.\u201d<\/p>\n<p>Da f\u00e1bula do escorpi\u00e3o e do sapo para o candidato e eleitor<\/p>\n<p>Chegada<\/p>\n<p>\u00bb Adib Abdouni, advogado criminalista e constitucionalista, desembarca hoje em Bras\u00edlia para autografar o livro Opera\u00e7\u00e3o Lava Lula, de sua autoria, na Livraria Cultura do Shopping CasaPark, \u00e0s 19h30<\/p>\n<p>A hora<\/p>\n<p>\u00bb Indagado pelos colegas sobre a diferen\u00e7a de abordagem, Adib explica que chegou a ser filiado ao PCdoB, mas deixou o partido nas primeiras suspeitas de envolvimento do ex-presidente Lula com o esquema de corrup\u00e7\u00e3o na Petrobras que veio \u00e0 luz com a Opera\u00e7\u00e3o Lava-Jato.<\/p>\n<p>De mudar<\/p>\n<p>\u00bb S\u00e3o quase 600 p\u00e1ginas, nas quais o advogado re\u00fane em linguagem acess\u00edvel detalhes da explosiva dela\u00e7\u00e3o premiada do ex-senador Delc\u00eddio do Amaral, al\u00e9m de transcrever depoimentos prestados ao juiz S\u00e9rgio Moro e tecer coment\u00e1rios sobre todos os casos de encarceramento de presidentes e ex-presidentes do Brasil. Leitura obrigat\u00f3ria nas f\u00e9rias.<\/p>\n<p>Release<\/p>\n<p>\u00bb Hoje, o Ipea lan\u00e7ar\u00e1 publica\u00e7\u00e3o que consolida dados sobre a\u00e7\u00f5es de coopera\u00e7\u00e3o para o desenvolvimento internacional implementadas pelo governo federal. Em parceria com a Ag\u00eancia Brasileira de Coopera\u00e7\u00e3o (ABC), do Minist\u00e9rio das Rela\u00e7\u00f5es Exteriores (MRE), o relat\u00f3rio Coopera\u00e7\u00e3o brasileira para o desenvolvimento internacional: 2011-2013 traz informa\u00e7\u00f5es levantadas em 93 \u00f3rg\u00e3os e institui\u00e7\u00f5es do governo federal que atuam em 159 pa\u00edses. \u201cEssa pesquisa vai possibilitar ao governo brasileiro formular uma pol\u00edtica de coopera\u00e7\u00e3o internacional que ainda n\u00e3o existe\u201d, observou o editor da publica\u00e7\u00e3o, o t\u00e9cnico de planejamento e pesquisa do Ipea Jo\u00e3o Br\u00edgido Bezerra Lima.<\/p>\n<p>Hist\u00f3ria de Bras\u00edlia<\/p>\n<p>Revoltante e lament\u00e1vel o uso indevido de carros oficiais aos domingos. No Iate Clube, o recorde foi batido, numa demonstra\u00e7\u00e3o de pouco caso para com a coisa p\u00fablica, de falta de aten\u00e7\u00e3o para com o que n\u00e3o lhe pertence.<\/p>\n<p>(Publicado em 19\/9\/1961)<\/p>\n","protected":false},"excerpt":{"rendered":"<p>DESDE 1960 \u00bb jornalista_aricunha@outlook.com com Circe Cunha e MAMFIL Numa democracia, em que o voto tem poder de fato, \u00e9 comum observar que os candidatos que saem eleitos das urnas s\u00e3o exatamente aqueles que a popula\u00e7\u00e3o quis como representantes. Em elei\u00e7\u00f5es livres, a sociedade tem exatamente o poder de escolher os governantes que querem e almejam, sem press\u00f5es de qualquer [&hellip;]<\/p>\n","protected":false},"author":34,"featured_media":0,"comment_status":"closed","ping_status":"closed","sticky":false,"template":"","format":"standard","meta":{"footnotes":""},"categories":[23],"tags":[],"class_list":["post-8338","post","type-post","status-publish","format-standard","hentry","category-integra"],"_links":{"self":[{"href":"https:\/\/blogs.correiobraziliense.com.br\/aricunha\/wp-json\/wp\/v2\/posts\/8338","targetHints":{"allow":["GET"]}}],"collection":[{"href":"https:\/\/blogs.correiobraziliense.com.br\/aricunha\/wp-json\/wp\/v2\/posts"}],"about":[{"href":"https:\/\/blogs.correiobraziliense.com.br\/aricunha\/wp-json\/wp\/v2\/types\/post"}],"author":[{"embeddable":true,"href":"https:\/\/blogs.correiobraziliense.com.br\/aricunha\/wp-json\/wp\/v2\/users\/34"}],"replies":[{"embeddable":true,"href":"https:\/\/blogs.correiobraziliense.com.br\/aricunha\/wp-json\/wp\/v2\/comments?post=8338"}],"version-history":[{"count":1,"href":"https:\/\/blogs.correiobraziliense.com.br\/aricunha\/wp-json\/wp\/v2\/posts\/8338\/revisions"}],"predecessor-version":[{"id":8339,"href":"https:\/\/blogs.correiobraziliense.com.br\/aricunha\/wp-json\/wp\/v2\/posts\/8338\/revisions\/8339"}],"wp:attachment":[{"href":"https:\/\/blogs.correiobraziliense.com.br\/aricunha\/wp-json\/wp\/v2\/media?parent=8338"}],"wp:term":[{"taxonomy":"category","embeddable":true,"href":"https:\/\/blogs.correiobraziliense.com.br\/aricunha\/wp-json\/wp\/v2\/categories?post=8338"},{"taxonomy":"post_tag","embeddable":true,"href":"https:\/\/blogs.correiobraziliense.com.br\/aricunha\/wp-json\/wp\/v2\/tags?post=8338"}],"curies":[{"name":"wp","href":"https:\/\/api.w.org\/{rel}","templated":true}]}}