{"id":8336,"date":"2016-11-27T11:38:17","date_gmt":"2016-11-27T13:38:17","guid":{"rendered":"https:\/\/blogs.correiobraziliense.com.br\/aricunha\/?p=8336"},"modified":"2016-11-29T11:42:45","modified_gmt":"2016-11-29T13:42:45","slug":"nova-reitora-velhos-problemas","status":"publish","type":"post","link":"https:\/\/blogs.correiobraziliense.com.br\/aricunha\/nova-reitora-velhos-problemas\/","title":{"rendered":"Nova reitora, velhos problemas"},"content":{"rendered":"<p>DESDE 1960 \u00bb<\/p>\n<p>jornalista_aricunha@outlook.com<\/p>\n<p>com Circe Cunha e MAMFIL<\/p>\n<p>Qualquer universidade que se preze tem que ser um foco permanente de tens\u00e3o. Somente pela tens\u00e3o, os problemas que afligem a sociedade s\u00e3o discutidos, testados e postos \u00e0 prova. A paz das calmarias se adequa melhor aos cemit\u00e9rios. Universidade \u00e9 onde os pensamentos se agitam e a diversidade aflora. Com a Universidade de Bras\u00edlia (UnB), n\u00e3o deve ser diferente. Em sua primeira entrevista como reitora eleita para o per\u00edodo 2016\/2020 , a professora do Instituto de Geoci\u00eancias M\u00e1rcia Abrah\u00e3o fez quest\u00e3o de deixar claro que ser\u00e1 a reitora tanto daqueles que hoje ocupam diversas depend\u00eancias da Institui\u00e7\u00e3o p\u00fablica, como daqueles que s\u00e3o contr\u00e1rios \u00e0 ocupa\u00e7\u00e3o com a paralisa\u00e7\u00e3o das atividades acad\u00eamicas. No entanto, a professora M\u00e1rcia reconheceu que \u00e9 de seu mister buscar uma solu\u00e7\u00e3o pac\u00edfica para as ocupa\u00e7\u00f5es, de modo que o semestre termine conforme o programado, sem preju\u00edzos para ningu\u00e9m. O que se sabe \u00e9 que mais de uma dezena de pr\u00e9dios est\u00e3o ocupados pelos estudantes desde o dia 31 de Outubro, inclusive o pr\u00f3prio pr\u00e9dio onde funciona a reitoria.<\/p>\n<p>O cumprimento do calend\u00e1rio acad\u00eamico tem sido, desde sempre, uma preocupa\u00e7\u00e3o constante da maioria das institui\u00e7\u00f5es de ensino p\u00fablico, envoltos, ano sim e outro tamb\u00e9m, em movimentos paredistas. O que ocorre quase sempre, \u00e9 que esses movimentos t\u00eam data apenas para come\u00e7ar. Mesmo com a decis\u00e3o do Tribunal Regional Federal, determinando a desocupa\u00e7\u00e3o da UnB em 48 horas, permanece o impasse.<\/p>\n<p>Para uma nova reitora que chega, na condi\u00e7\u00e3o de primeira mulher a ocupar este cargo, o que se tem s\u00e3o velhos problemas, agravados agora pela tomada da Institui\u00e7\u00e3o por estudantes e movimentos \u00f3rf\u00e3os do Partido dos Trabalhadores.<\/p>\n<p>Em seu despacho, o juiz Itagiba Catta Preta deixou claro que \u201co objetivo do movimento \u00e9 pol\u00edtico, direciona-se \u00e0 rejei\u00e7\u00e3o de projeto de emenda constitucional, mat\u00e9ria que n\u00e3o tem rela\u00e7\u00e3o direta com a atividade acad\u00eamica, o que retira qualquer legitimidade dos atos de ocupa\u00e7\u00e3o\/invas\u00e3o.\u201d<\/p>\n<p>Para complicar uma situa\u00e7\u00e3o que poderia ser resolvida intramuros, a Justi\u00e7a Federal, atendendo um pedido do Minist\u00e9rio P\u00fablico Federal (MPF), suspendeu, por quinze dias, o processo de desocupa\u00e7\u00e3o da UnB, para que os estudantes tenham prazo maior para aprofundar as discuss\u00f5es sobre o tema.<\/p>\n<p>\u00c9 em meio a este imbr\u00f3glio, em que nem a Justi\u00e7a se entende, que M\u00e1rcia assume uma das maiores universidades do pa\u00eds, por onde passaram figuras ilustres, como o atual governador do DF, Rodrigo Rollemberg, que estranhamente ainda n\u00e3o emprestou sua experi\u00eancia como pol\u00edtico e apareceu como mediador no longo e danoso impasse.<\/p>\n<p>A frase que foi pronunciada<\/p>\n<p>&#8220;N\u00f3s n\u00e3o devemos for\u00e7ar as teorias \u00e0 nossa intui\u00e7\u00e3o: n\u00f3s mudamos a intui\u00e7\u00e3o para entender as teorias\u201d.<\/p>\n<p>Carlo Rovelli, f\u00edsico da Universidade de Marselha na Fran\u00e7a<\/p>\n<p>Menos m\u00e9dicos<\/p>\n<p>\u00bb Nada boa a situa\u00e7\u00e3o do programa Mais M\u00e9dicos no Esp\u00edrito Santo. M\u00e9dicos, professores de cursos de medicina, alunos e residentes protestaram contra a inaugura\u00e7\u00e3o da Faculdade de Medicina da Universidade Multivix em Cachoeiro do Itapemirim. A Irmandade Santa Casa de Miseric\u00f3rdia de Vit\u00f3ria tamb\u00e9m impetrou a\u00e7\u00e3o, que foi acatada pelo  juiz federal Rodrigo Reiff Botelho.<\/p>\n<p>Voz do leitor<\/p>\n<p>\u00bb Cercaram uma enorme \u00e1rea no aeroporto. Colocaram os locais de estacionamento de idosos e deficientes bem longe da entrada. Espertamente cobriram uma parte do estacionamento para lugares privilegiados com taxas maiores, sob o pretexto de sombra e proximidade. Os pre\u00e7os s\u00e3o abusivos. Tr\u00eas minutos pagamos o equivalente a 4 ou 5 d\u00f3lares. Nenhuma autoridade nem a promotoria de defesa do consumidor e do idoso se manifestou.<\/p>\n<p>A opini\u00e3o \u00e9 de leitor devidamente identificado.<\/p>\n<p>Hist\u00f3ria de Bras\u00edlia<\/p>\n<p>Revoltante e lament\u00e1vel, o uso indevido de carros oficiais aos domingos. No Iate Clube, o recorde foi batido, numa demonstra\u00e7\u00e3o de pouco caso para com a coisa p\u00fablica, de falta de aten\u00e7\u00e3o para com o que n\u00e3o lhe pertence. (Publicado em 19\/09\/1961)<\/p>\n","protected":false},"excerpt":{"rendered":"<p>DESDE 1960 \u00bb jornalista_aricunha@outlook.com com Circe Cunha e MAMFIL Qualquer universidade que se preze tem que ser um foco permanente de tens\u00e3o. Somente pela tens\u00e3o, os problemas que afligem a sociedade s\u00e3o discutidos, testados e postos \u00e0 prova. A paz das calmarias se adequa melhor aos cemit\u00e9rios. Universidade \u00e9 onde os pensamentos se agitam e a diversidade aflora. Com a [&hellip;]<\/p>\n","protected":false},"author":34,"featured_media":0,"comment_status":"closed","ping_status":"closed","sticky":false,"template":"","format":"standard","meta":{"footnotes":""},"categories":[23],"tags":[],"class_list":["post-8336","post","type-post","status-publish","format-standard","hentry","category-integra"],"_links":{"self":[{"href":"https:\/\/blogs.correiobraziliense.com.br\/aricunha\/wp-json\/wp\/v2\/posts\/8336","targetHints":{"allow":["GET"]}}],"collection":[{"href":"https:\/\/blogs.correiobraziliense.com.br\/aricunha\/wp-json\/wp\/v2\/posts"}],"about":[{"href":"https:\/\/blogs.correiobraziliense.com.br\/aricunha\/wp-json\/wp\/v2\/types\/post"}],"author":[{"embeddable":true,"href":"https:\/\/blogs.correiobraziliense.com.br\/aricunha\/wp-json\/wp\/v2\/users\/34"}],"replies":[{"embeddable":true,"href":"https:\/\/blogs.correiobraziliense.com.br\/aricunha\/wp-json\/wp\/v2\/comments?post=8336"}],"version-history":[{"count":2,"href":"https:\/\/blogs.correiobraziliense.com.br\/aricunha\/wp-json\/wp\/v2\/posts\/8336\/revisions"}],"predecessor-version":[{"id":8340,"href":"https:\/\/blogs.correiobraziliense.com.br\/aricunha\/wp-json\/wp\/v2\/posts\/8336\/revisions\/8340"}],"wp:attachment":[{"href":"https:\/\/blogs.correiobraziliense.com.br\/aricunha\/wp-json\/wp\/v2\/media?parent=8336"}],"wp:term":[{"taxonomy":"category","embeddable":true,"href":"https:\/\/blogs.correiobraziliense.com.br\/aricunha\/wp-json\/wp\/v2\/categories?post=8336"},{"taxonomy":"post_tag","embeddable":true,"href":"https:\/\/blogs.correiobraziliense.com.br\/aricunha\/wp-json\/wp\/v2\/tags?post=8336"}],"curies":[{"name":"wp","href":"https:\/\/api.w.org\/{rel}","templated":true}]}}