{"id":8329,"date":"2016-11-25T04:32:44","date_gmt":"2016-11-25T06:32:44","guid":{"rendered":"https:\/\/blogs.correiobraziliense.com.br\/aricunha\/?p=8329"},"modified":"2016-11-25T08:58:56","modified_gmt":"2016-11-25T10:58:56","slug":"muda-brasil-surda-brasil-cega-brasil","status":"publish","type":"post","link":"https:\/\/blogs.correiobraziliense.com.br\/aricunha\/muda-brasil-surda-brasil-cega-brasil\/","title":{"rendered":"Muda Brasil, surda Brasil, cega Brasil"},"content":{"rendered":"<p>DESDE 1960 \u00bb<\/p>\n<p>jornalista_aricunha@outlook.com<\/p>\n<p>com Circe Cunha e MAMFIL<\/p>\n<p> Entre o que deseja a sociedade e o que quer a classe pol\u00edtica dominante no Brasil, existe uma dist\u00e2ncia imensur\u00e1vel e que parece aumentar a cada dia. O fosso que vai se abrindo entre os representantes pol\u00edticos e os cidad\u00e3os, ganhou maior amplitude com as investiga\u00e7\u00f5es da Opera\u00e7\u00e3o Lava-Jato.<\/p>\n<p>No Brasil, como em parte do mundo Ocidental, sociedade e elite pol\u00edtica vivem n\u00e3o s\u00f3 realidades diferentes, mas em mundos antag\u00f4nicos. Qualquer pesquisa de opini\u00e3o demonstra que a classe pol\u00edtica \u00e9 mal avaliada. Pesquisa feita pela Funda\u00e7\u00e3o Getulio Vargas, neste ano, mostrou que apenas 5% da popula\u00e7\u00e3o confia nos partidos pol\u00edticos. Trata-se do mais baixo \u00edndice de todos os tempos. A falta de confian\u00e7a nesse patamar contamina os mecanismos da pr\u00f3pria democracia.<\/p>\n<p>Vivemos num labirinto onde, para manter a apar\u00eancia de Estado democr\u00e1tico de direito, somos obrigados a conviver com leis que n\u00e3o servem para a realidade. Uma lida na Constitui\u00e7\u00e3o brasileira \u00e9 uma viagem ao desconhecido. Como acreditar no Brasil quando um juiz aceita receber R$ 600 mil mensais como remunera\u00e7\u00e3o?<\/p>\n<p>Com rela\u00e7\u00e3o \u00e0 organiza\u00e7\u00e3o pol\u00edtica, o que a sociedade anseia \u00e9 pelo fim dos privil\u00e9gios, a come\u00e7ar pela prerrogativa de foro. Aqui em Bras\u00edlia, a popula\u00e7\u00e3o assiste, a cada dia, \u00e0 sequ\u00eancia ininterrupta de den\u00fancias, envolvendo os deputados distritais nas mais cabeludas transa\u00e7\u00f5es. A situa\u00e7\u00e3o chegou a tal ponto que o Tribunal de Justi\u00e7a do DF determinou o afastamento de toda a Mesa Diretora da C\u00e2mara Legislativa, a come\u00e7ar pela pr\u00f3pria presidente da Casa. Ac\u00e9falo, os distritais tiveram que encontrar, \u00e0s pressas, novos membros para comandar o Legislativo local, n\u00e3o sem antes se certificar de que os novos ocupantes da Mesa se manteriam fi\u00e9is aos colegas defenestrados pela Justi\u00e7a.<\/p>\n<p>Desde que foi fundada, a CLDF vem brindando a popula\u00e7\u00e3o de Bras\u00edlia com esc\u00e2ndalos de toda a ordem. N\u00e3o surpreende, pois, que, duas d\u00e9cadas depois de sua cria\u00e7\u00e3o, a Justi\u00e7a venha determinar que pol\u00edcia empreendesse buscas e apreens\u00f5es dentro do Poder Legislativo, tal e qual \u00e9 comumente realizado nos covis do crime organizado. \u00c9 a desmoraliza\u00e7\u00e3o completa. Pior de tudo \u00e9 a popula\u00e7\u00e3o constatar que as suspeitas da pol\u00edcia s\u00e3o de que os recursos p\u00fablicos foram desviados justamente da \u00e1rea de sa\u00fade, onde \u00e9 comum encontrar cidad\u00e3os morrendo \u00e0 m\u00edngua nas portas dos hospitais.<\/p>\n<p>\u00c9 preciso lembrar ainda que um ex-presidente dessa mesma Casa cumpre pena pesada num pres\u00eddio de Curitiba. Os brasilienses j\u00e1 perceberam que, em termos de representa\u00e7\u00e3o pol\u00edtica, est\u00e3o s\u00f3s e entregues \u00e0 pr\u00f3pria sorte. O que parece mais estranho \u00e9 a coragem de votar em figuras que mais adiante subtraem n\u00e3o s\u00f3 o que poderia estar na carteira, mas a pr\u00f3pria dignidade.<\/p>\n<p>A frase que foi pronunciada<\/p>\n<p>\u201cSe, por vezes, o juiz deixar vergar a vara da Justi\u00e7a, que n\u00e3o seja sob o peso das ofertas, mas sob o da miseric\u00f3rdia.\u201d<\/p>\n<p>Miguel de Cervantes<\/p>\n<p>Tristeza<\/p>\n<p>\u00bb Asta Rose Alcade, a dama da \u00f3pera de Bras\u00edlia est\u00e1 hospitalizada. A cidade est\u00e1 triste.<\/p>\n<p>Alegria<\/p>\n<p>\u00bb Ex-alunos do Col\u00e9gio Ros\u00e1rio est\u00e3o organizando um encontr\u00e3o no local. S\u00e1bado, 10 de dezembro, durante todo o dia.<\/p>\n<p>Release<\/p>\n<p>\u00bb Na pe\u00e7a Infinito vazio, o universo feminino \u00e9 trazido com sua delicadeza que nos ensina a ser mais afetuosos, explicam os diretores Valdeci Moreira e Ricardo C\u00e9sar. Esse espet\u00e1culo po\u00e9tico-musical j\u00e1 passou por Goi\u00e1s e Minas, estar\u00e1 em Ceil\u00e2ndia, hoje, e em Samambaia, em 1\u00ba e 2 de dezembro. A pe\u00e7a ganhou o Pr\u00eamio Sesc de Teatro 2013 e, agora, o projeto \u00e9 patrocinado pelo FAC\/DF, trazendo elenco formado apenas por oito mulheres.<\/p>\n<p>Aposentadoria<\/p>\n<p>\u00bb Solange Calmon apresenta o \u00faltimo programa INCLUS\u00c3O transmitido pela TV Senado. S\u00e1bado, \u00e0s 20h, e domingo \u00e0s 8h e 16h. Com a sensa\u00e7\u00e3o de miss\u00e3o cumprida, essa profissional da not\u00edcia coleciona na bagagem muitos amigos e gratid\u00e3o profunda de tanta gente que teve espa\u00e7o para se expresser depois de passar toda uma vida sem ter sido ouvida.<\/p>\n<p>Agora vai<\/p>\n<p>\u00bb A verba para o combate ao mosquito da dengue passaram de R$ 924,1 milh\u00f5es para R$ 1,29 bilh\u00e3o em 2015. Neste ano, o aporte foi de R$ 580 milh\u00f5es, chegando a R$ 1,87 bilh\u00e3o. Al\u00e9m disso, o Minist\u00e9rio da Sa\u00fade contou com apoio extra do Congresso Nacional, por meio de emenda parlamentar, no valor de R$ 500 milh\u00f5es.<\/p>\n<p>Consumidor<\/p>\n<p>\u00bb Na lanchonete da escola do Sesc, n\u00e3o \u00e9 permitido comprar um ou quatro p\u00e3es de queijo. S\u00f3 a por\u00e7\u00e3o estipulada. Isso pode, Arnaldo?<\/p>\n<p>Hist\u00f3ria de Bras\u00edlia<\/p>\n<p>Divers\u00f5es e transportes s\u00e3o outros problemas. A popula\u00e7\u00e3o viver servida por apenas dois cinemas, enquanto a Concha Ac\u00fastica, um espet\u00e1culo de obra, est\u00e1 abandonada, n\u00e3o utilizada. Os \u00f4nibus da TCB est\u00e3o sempre ausentes, sempre que algu\u00e9m os espera. (Publicado em 17\/9\/1961)<\/p>\n","protected":false},"excerpt":{"rendered":"<p>DESDE 1960 \u00bb jornalista_aricunha@outlook.com com Circe Cunha e MAMFIL Entre o que deseja a sociedade e o que quer a classe pol\u00edtica dominante no Brasil, existe uma dist\u00e2ncia imensur\u00e1vel e que parece aumentar a cada dia. O fosso que vai se abrindo entre os representantes pol\u00edticos e os cidad\u00e3os, ganhou maior amplitude com as investiga\u00e7\u00f5es da Opera\u00e7\u00e3o Lava-Jato. No Brasil, [&hellip;]<\/p>\n","protected":false},"author":34,"featured_media":0,"comment_status":"closed","ping_status":"closed","sticky":false,"template":"","format":"standard","meta":{"footnotes":""},"categories":[23],"tags":[],"class_list":["post-8329","post","type-post","status-publish","format-standard","hentry","category-integra"],"_links":{"self":[{"href":"https:\/\/blogs.correiobraziliense.com.br\/aricunha\/wp-json\/wp\/v2\/posts\/8329","targetHints":{"allow":["GET"]}}],"collection":[{"href":"https:\/\/blogs.correiobraziliense.com.br\/aricunha\/wp-json\/wp\/v2\/posts"}],"about":[{"href":"https:\/\/blogs.correiobraziliense.com.br\/aricunha\/wp-json\/wp\/v2\/types\/post"}],"author":[{"embeddable":true,"href":"https:\/\/blogs.correiobraziliense.com.br\/aricunha\/wp-json\/wp\/v2\/users\/34"}],"replies":[{"embeddable":true,"href":"https:\/\/blogs.correiobraziliense.com.br\/aricunha\/wp-json\/wp\/v2\/comments?post=8329"}],"version-history":[{"count":1,"href":"https:\/\/blogs.correiobraziliense.com.br\/aricunha\/wp-json\/wp\/v2\/posts\/8329\/revisions"}],"predecessor-version":[{"id":8330,"href":"https:\/\/blogs.correiobraziliense.com.br\/aricunha\/wp-json\/wp\/v2\/posts\/8329\/revisions\/8330"}],"wp:attachment":[{"href":"https:\/\/blogs.correiobraziliense.com.br\/aricunha\/wp-json\/wp\/v2\/media?parent=8329"}],"wp:term":[{"taxonomy":"category","embeddable":true,"href":"https:\/\/blogs.correiobraziliense.com.br\/aricunha\/wp-json\/wp\/v2\/categories?post=8329"},{"taxonomy":"post_tag","embeddable":true,"href":"https:\/\/blogs.correiobraziliense.com.br\/aricunha\/wp-json\/wp\/v2\/tags?post=8329"}],"curies":[{"name":"wp","href":"https:\/\/api.w.org\/{rel}","templated":true}]}}