{"id":8323,"date":"2016-11-22T03:49:12","date_gmt":"2016-11-22T05:49:12","guid":{"rendered":"https:\/\/blogs.correiobraziliense.com.br\/aricunha\/?p=8323"},"modified":"2016-11-25T08:51:33","modified_gmt":"2016-11-25T10:51:33","slug":"vale-para-os-eua-vale-para-o-brasil","status":"publish","type":"post","link":"https:\/\/blogs.correiobraziliense.com.br\/aricunha\/vale-para-os-eua-vale-para-o-brasil\/","title":{"rendered":"Vale para os EUA, vale para o Brasil"},"content":{"rendered":"<p>DESDE 1960 \u00bb<\/p>\n<p>jornalista_aricunha@outlook.com<\/p>\n<p>com Circe Cunha e MAMFIL<\/p>\n<p>Entre a elei\u00e7\u00e3o do magnata Donald Trump para a Presid\u00eancia dos Estados Unidos e a elei\u00e7\u00e3o de Marcelo Crivella para a prefeitura do Rio Janeiro, respeitadas as diferen\u00e7as, existe um ponto em comum que parece marcar todo o mundo Ocidental na atualidade e que pode ser identificado como um desencanto generalizado da sociedade com os pol\u00edticos e as pol\u00edticas tradicionais vigentes.<\/p>\n<p>Na verdade, nada resiste ao desgaste do tempo. O que parece \u00e9 que, na forma e no conte\u00fado, a democracia secular, do tipo representativa, come\u00e7a a dar sinais de esgotamento e fadiga de ideias. N\u00e3o se trata aqui de um esgotamento do modelo em si, mas do perfil de candidato que esse modelo parece atrair. A larga porta aberta pelo sistema democr\u00e1tico aos mais variados pretendentes, mesmo aqueles sem expertise para o cargo, acaba resultando num jogo de azar em que a parte perdedora ser\u00e1 sempre a popula\u00e7\u00e3o. S\u00e3o os candidatos e n\u00e3o propriamente o modelo que tem necessitado de reparos.<\/p>\n<p>Grosso modo, a elei\u00e7\u00e3o do novo presidente dos EUA equivaleria, para n\u00f3s brasileiros, elegermos um bicheiro de sucesso, dono de muitos pontos de aposta, rico e influente, como tem sido boa parte desses zoo empres\u00e1rios entre n\u00f3s. No Rio de Janeiro, diante dos descalabros vis\u00edveis, o povo achou melhor escolher logo um salvador. Aqui, os votos a esse candidato celeste foram dados como uma esp\u00e9cie de d\u00edzimo em que se espera a indulg\u00eancia posterior.<\/p>\n<p>J\u00e1 nos EUA, os votos foram colocados no pano verde da mesa de apostas enquanto se aguarda que a roleta pare de girar. L\u00e1 e c\u00e1 o povo desconfiado achou mais seguro apostar na fezinha. Quem sabe n\u00e3o vem do al\u00e9m e da sorte a sa\u00edda para a crise, inclusive moral, que assola o Ocidente? Para quem entende dos meandros da pol\u00edtica nacional, a elei\u00e7\u00e3o de Crivella, no Rio de Janeiro se insere em um amplo esquema que visa, em \u00faltima an\u00e1lise, instalar no Pal\u00e1cio do Planalto um leg\u00edtimo representante dessa Igreja, para, numa fase posterior, transformar o Brasil numa grande na\u00e7\u00e3o de fi\u00e9is.<\/p>\n<p>L\u00e1, ao Norte do Rio Grande, a elei\u00e7\u00e3o de Trump, creem os ficcionistas, foi bancada por Putin, da R\u00fassia, que financiou diretamente a divulga\u00e7\u00e3o de e-mails e outros segredos de Estado que estavam em posse de Julian Assange da Wikileaks e de Edward Snowden. De posse desses segredos, Putin, um especialista em espionagem na KGB, estaria a par de informa\u00e7\u00f5es sobre o relacionamento de Trump com a m\u00e1fia dos jogos que operam nos EUA e outras informa\u00e7\u00f5es comprometedoras sobre seu passado. A chegada desses e de outros diferentes candidatos ao controle do Executivo decorre de um fator apenas: a desilus\u00e3o.<\/p>\n<p>A frase que foi pronunciada<\/p>\n<p>\u201cNenhum pol\u00edtico deve esperar que lhe agrade\u00e7am ou sequer lhe reconhe\u00e7am o que faz; no fim de contas, era ele quem devia agradecer pela ocasi\u00e3o que lhe ofereceram os outros homens de p\u00f4r em jogo as suas qualidades e de eliminar, se puder, os seus defeitos.\u201d<\/p>\n<p>Agostinho da Silva, fil\u00f3sofo portugu\u00eas<\/p>\n<p>\u00c0 sa\u00fade<\/p>\n<p>\u00bb Dentro da proposta Arte e Reabilita\u00e7\u00e3o totalmente apoiada pela Dra. L\u00facia Willadino Braga (que al\u00e9m de neurocientista toca flauta transversal muito bem), o Coral do Senado fez um concerto riqu\u00edssimo. No repert\u00f3rio, m\u00fasicas brasileiras e sul-americanas, e a interpreta\u00e7\u00e3o de partes da \u00f3pera Carmen, de Bizet, com encena\u00e7\u00e3o. Os pacientes aplaudiram efusivamente.<\/p>\n<p>Vans<\/p>\n<p>\u00bb Da precariedade dos servi\u00e7os de transporte p\u00fablico oferecidos pelas empresas particulares aos habitantes da capital se originam todo tipo de mazelas. A principal delas \u00e9 o reaparecimento das vans de transporte pirata que a popula\u00e7\u00e3o acreditava ser coisa de um passado triste.<\/p>\n<p>Risco<\/p>\n<p>\u00bb Quem mora nas bordas do Plano Piloto notou que essa modalidade arriscada de transporte voltou com a for\u00e7a total e repete os mesmos equ\u00edvocos de outrora. Disputas acirradas contra a concorr\u00eancia, principalmente contra o transporte p\u00fablico regulamentado, passageiros conduzidos amontoados e sem cinto de seguran\u00e7a e velocidade excessiva t\u00eam sido observados com frequ\u00eancia.<\/p>\n<p>Bragueto<\/p>\n<p>\u00bb Aos poucos vamos sepultando a principal constru\u00e7\u00e3o que permitiu a fixa\u00e7\u00e3o da popula\u00e7\u00e3o em Bras\u00edlia. Infelizmente, prosseguimos destruindo indefinidamente uma coisa para criar outra. O ideal, e talvez mais barato a longo prazo, seria um transporte p\u00fablico em que o secret\u00e1rio de Transporte e Mobilidade falasse t\u00e3o bem da sua pasta que fosse capaz de ir e voltar ao trabalho nas mesmas condi\u00e7\u00f5es da popula\u00e7\u00e3o. De \u00f4nibus e metr\u00f4.<\/p>\n<p>Impacto ambiental<\/p>\n<p>\u00bb Com as obras vi\u00e1rias do Trevo de Triagem Norte (TTN), realizadas no fim do eixo Norte, o assoreamento do Lago Parano\u00e1 e, principalmente, o desaparecimento do espelho d\u00b4\u00e1gua sob a Ponte do Bragueto segue, em ritmo acelerado. Depois da constru\u00e7\u00e3o do Setor Noroeste, chegou a vez das obras desse trevo lan\u00e7ar toneladas de terra no j\u00e1 sofrido lago. Com a chegada das chuvas, os rios de lama encontram caminho livre em dire\u00e7\u00e3o ao Lago.<\/p>\n<p>Hist\u00f3ria de Bras\u00edlia<\/p>\n<p>Cidades-sat\u00e9lites. H\u00e1 apenas a planifica\u00e7\u00e3o para as cidades-sat\u00e9lites. Em todas elas, entretanto, a vida \u00e9 insuport\u00e1vel, e todos os problemas de ordem humana t\u00eam que ser enfrentados com poss\u00edvel solu\u00e7\u00e3o. (Publicado em 17\/9\/1961)<\/p>\n","protected":false},"excerpt":{"rendered":"<p>DESDE 1960 \u00bb jornalista_aricunha@outlook.com com Circe Cunha e MAMFIL Entre a elei\u00e7\u00e3o do magnata Donald Trump para a Presid\u00eancia dos Estados Unidos e a elei\u00e7\u00e3o de Marcelo Crivella para a prefeitura do Rio Janeiro, respeitadas as diferen\u00e7as, existe um ponto em comum que parece marcar todo o mundo Ocidental na atualidade e que pode ser identificado como um desencanto generalizado [&hellip;]<\/p>\n","protected":false},"author":34,"featured_media":0,"comment_status":"closed","ping_status":"closed","sticky":false,"template":"","format":"standard","meta":{"footnotes":""},"categories":[23],"tags":[27],"class_list":["post-8323","post","type-post","status-publish","format-standard","hentry","category-integra","tag-trump-crivella-politica-historia-de-brasilia-ari-cunha-circe-cunha-mamfil"],"_links":{"self":[{"href":"https:\/\/blogs.correiobraziliense.com.br\/aricunha\/wp-json\/wp\/v2\/posts\/8323","targetHints":{"allow":["GET"]}}],"collection":[{"href":"https:\/\/blogs.correiobraziliense.com.br\/aricunha\/wp-json\/wp\/v2\/posts"}],"about":[{"href":"https:\/\/blogs.correiobraziliense.com.br\/aricunha\/wp-json\/wp\/v2\/types\/post"}],"author":[{"embeddable":true,"href":"https:\/\/blogs.correiobraziliense.com.br\/aricunha\/wp-json\/wp\/v2\/users\/34"}],"replies":[{"embeddable":true,"href":"https:\/\/blogs.correiobraziliense.com.br\/aricunha\/wp-json\/wp\/v2\/comments?post=8323"}],"version-history":[{"count":1,"href":"https:\/\/blogs.correiobraziliense.com.br\/aricunha\/wp-json\/wp\/v2\/posts\/8323\/revisions"}],"predecessor-version":[{"id":8324,"href":"https:\/\/blogs.correiobraziliense.com.br\/aricunha\/wp-json\/wp\/v2\/posts\/8323\/revisions\/8324"}],"wp:attachment":[{"href":"https:\/\/blogs.correiobraziliense.com.br\/aricunha\/wp-json\/wp\/v2\/media?parent=8323"}],"wp:term":[{"taxonomy":"category","embeddable":true,"href":"https:\/\/blogs.correiobraziliense.com.br\/aricunha\/wp-json\/wp\/v2\/categories?post=8323"},{"taxonomy":"post_tag","embeddable":true,"href":"https:\/\/blogs.correiobraziliense.com.br\/aricunha\/wp-json\/wp\/v2\/tags?post=8323"}],"curies":[{"name":"wp","href":"https:\/\/api.w.org\/{rel}","templated":true}]}}