{"id":8318,"date":"2016-11-19T01:18:42","date_gmt":"2016-11-19T03:18:42","guid":{"rendered":"https:\/\/blogs.correiobraziliense.com.br\/aricunha\/?p=8318"},"modified":"2016-11-24T10:19:42","modified_gmt":"2016-11-24T12:19:42","slug":"ordem-e-progresso-pelo-malhete","status":"publish","type":"post","link":"https:\/\/blogs.correiobraziliense.com.br\/aricunha\/ordem-e-progresso-pelo-malhete\/","title":{"rendered":"Ordem e progresso pelo malhete"},"content":{"rendered":"<p>aricunha@dabr.com.br<\/p>\n<p>com Circe Cunha e MAMFIL<\/p>\n<p>Na raiz dos protestos e das badernas que v\u00e3o grassando por todo o pa\u00eds, o que aparece em primeiro plano \u00e9 a a\u00e7\u00e3o delet\u00e9ria dos governos petistas, que por mais de uma d\u00e9cada empreenderam uma administra\u00e7\u00e3o articulada e absolutamente corrupta e que levaram n\u00e3o s\u00f3 \u00e0 quebra econ\u00f4mica do pa\u00eds, mas \u00e0 instabilidade social. Justi\u00e7a seja feita. Baderna \u00e9 baderna. Tanto de pol\u00edticos roubando e se apoderando dos bens p\u00fablicos quanto de cidad\u00e3os que depredam e desrespeitam a ordem p\u00fablica.<\/p>\n<p>A inc\u00faria administrativa, aliada \u00e0 corrup\u00e7\u00e3o sist\u00eamica visando a perpetua\u00e7\u00e3o no poder a qualquer custo, resultaria, inevitavelmente, no debacle nas finan\u00e7as p\u00fablicas. Com a fal\u00eancia econ\u00f4mica do Estado, vieram os protestos e, com eles, a desordem generalizada que vai tomando conta de todo o Brasil. Para piorar a situa\u00e7\u00e3o, o antigo governo e maior causador dessa ru\u00edna, no lugar de reconhecer os erros e ajudar a reconstruir o pa\u00eds, ainda encontra espa\u00e7o para a\u00e7ular os movimentos sociais, atrelados ao petismo, contra o atual governo e a favor da desestabiliza\u00e7\u00e3o do Estado.<\/p>\n<p>As ocupa\u00e7\u00f5es e as depreda\u00e7\u00f5es do patrim\u00f4nio p\u00fablico, com enfrentamento, cada vez mais violentas entre os manifestantes e a pol\u00edcia, crescem de tal forma, que n\u00e3o ser\u00e1 surpresa se essas agita\u00e7\u00f5es sociais resultarem em s\u00e9rios conflitos, inclusive com mortes de ambos os lados. Os acontecimentos atuais resultam de uma matem\u00e1tica social cl\u00e1ssica, podendo ser observada em outros pa\u00edses, como \u00e9 o caso da Venezuela, que tamb\u00e9m teve a infelicidade de experimentar governos do mesmo naipe.<\/p>\n<p>O que se colhe aqui e alhures s\u00e3o as consequ\u00eancias de se subordinar o Estado aos ditames de um partido e seus ac\u00f3litos. N\u00e3o \u00e9 por outro motivo que os especialistas enxergam, nessas manifesta\u00e7\u00f5es todas, o come\u00e7o do que est\u00e1 por vir. Na opini\u00e3o daqueles que conhecem os estragos feitos na m\u00e1quina do Estado, n\u00e3o ser\u00e1 poss\u00edvel reverter essa situa\u00e7\u00e3o de pen\u00faria e agita\u00e7\u00e3o antes de um prazo de, pelo menos, uma d\u00e9cada. At\u00e9 l\u00e1 os brasileiros ainda ter\u00e3o de conviver com a instabilidade social provocada pelos protestos generalizados. Transformado numa esp\u00e9cie de seita de fan\u00e1ticos, o que o petismo conseguiu, ao fim de 10 anos foi retirar do altar do Estado a figura da racionalidade, do bem comum, do respeito ao patrim\u00f4nio p\u00fablico, respeito \u00e0 Constitui\u00e7\u00e3o, \u00e0s leis, substituindo-a por uma imagem que mistura milagreiros do sert\u00e3o e personagens do tipo Macuna\u00edma. Deu no que deu.<\/p>\n<p>De toda forma, desta fase traum\u00e1tica atual poder\u00e3o ser colhidas experi\u00eancias v\u00e1lidas, para que no futuro as novas gera\u00e7\u00f5es aprendam que com o direito supremo do voto n\u00e3o pode haver tergiversa\u00e7\u00f5es. Ao fim desse processo doloroso para todos, o que se espera \u00e9 que as \u00e1guas bentas da Opera\u00e7\u00e3o Lava-Jato e outras do g\u00eanero venham em socorro de povo cr\u00e9dulo, lavando as escadarias do poder e desobstruindo os caminhos \u00e0 frente.<\/p>\n<p>A frase que foi pronunciada<br \/>\n\u201cPara Karl Marx, a ditadura do proletariado seria apenas um est\u00e1gio na evolu\u00e7\u00e3o dial\u00e9tica. Abolidas as classes e a propriedade privada, assistir\u00edamos ao fenecimento do Estado e \u00e0 flora\u00e7\u00e3o da liberdade. Infelizmente, Marx era bom fil\u00f3sofo, med\u00edocre profeta e mau pol\u00edtico.\u201d<br \/>\nRoberto Campos<\/p>\n<p>Pal\u00e1cio da Poesia<br \/>\n\u00bb Aten\u00e7\u00e3o minha colega jornalista Din\u00e1 Oliveira. Soube que o evento dos 30 anos da Casa do Cantador foi um sucesso. Por favor, transmita nossos cumprimentos a todos os amigos que t\u00eam a capacidade de transformar a vida e o destino em arte.<\/p>\n<p>Assaltos<br \/>\n\u00bb Na 715 Norte, o n\u00famero de assaltos aumentou, o que est\u00e1 incomodando bastante a vizinhan\u00e7a. Em frente a um pr\u00e9dio de oficiais da Marinha, tr\u00eas pessoas em diferentes dias e hor\u00e1rios foram abordadas por ladr\u00f5es em menos de uma semana.<\/p>\n<p>SOS<br \/>\n\u00bb Institui\u00e7\u00f5es de ensino, como a Escola Americana e Escola das Na\u00e7\u00f5es, as mais caras de Bras\u00edlia, est\u00e3o juntas nos apuros das \u00faltimas semanas. Na primeira, uma panela de press\u00e3o estourou, machucando um aluno,  um pai e um funcion\u00e1rio. Na segunda, a \u00e1gua est\u00e1 contaminada e o corpo docente e discente sofreram com uma misteriosa doen\u00e7a.<\/p>\n<p>Fica a dica<br \/>\n\u00bb Mesas de Natal nunca vistas! Se quiser algo elegante, sofisticado e sem frescuras, C\u00e9lia Estrela \u00e9 a melhor pessoa para dar brilho \u00e0 sua festa. Basta procura-l\u00e1 no Facebook.<\/p>\n<p>Ah, bom!<br \/>\n\u00bb Primeiro o susto com a imagem de uma invas\u00e3o na Universidade de Harvard. A multid\u00e3o de alunos na entrada. Depois todos acomodados na famosa biblioteca. Eles s\u00f3 queriam estudar.<\/p>\n<p>Hist\u00f3ria de Bras\u00edlia<br \/>\nAsa Norte. J\u00e1 h\u00e1 64 blocos habitados, e n\u00e3o h\u00e1 rede de esgotos. H\u00e1 fossas. N\u00e3o h\u00e1 rede telef\u00f4nica. H\u00e1 para os privilegiados. A urbaniza\u00e7\u00e3o \u00e9 prec\u00e1ria, pela falta de verbas. (Publicado em 17\/9\/1961)<\/p>\n","protected":false},"excerpt":{"rendered":"<p>aricunha@dabr.com.br com Circe Cunha e MAMFIL Na raiz dos protestos e das badernas que v\u00e3o grassando por todo o pa\u00eds, o que aparece em primeiro plano \u00e9 a a\u00e7\u00e3o delet\u00e9ria dos governos petistas, que por mais de uma d\u00e9cada empreenderam uma administra\u00e7\u00e3o articulada e absolutamente corrupta e que levaram n\u00e3o s\u00f3 \u00e0 quebra econ\u00f4mica do pa\u00eds, mas \u00e0 instabilidade social. [&hellip;]<\/p>\n","protected":false},"author":34,"featured_media":0,"comment_status":"closed","ping_status":"closed","sticky":false,"template":"","format":"standard","meta":{"footnotes":""},"categories":[23],"tags":[],"class_list":["post-8318","post","type-post","status-publish","format-standard","hentry","category-integra"],"_links":{"self":[{"href":"https:\/\/blogs.correiobraziliense.com.br\/aricunha\/wp-json\/wp\/v2\/posts\/8318","targetHints":{"allow":["GET"]}}],"collection":[{"href":"https:\/\/blogs.correiobraziliense.com.br\/aricunha\/wp-json\/wp\/v2\/posts"}],"about":[{"href":"https:\/\/blogs.correiobraziliense.com.br\/aricunha\/wp-json\/wp\/v2\/types\/post"}],"author":[{"embeddable":true,"href":"https:\/\/blogs.correiobraziliense.com.br\/aricunha\/wp-json\/wp\/v2\/users\/34"}],"replies":[{"embeddable":true,"href":"https:\/\/blogs.correiobraziliense.com.br\/aricunha\/wp-json\/wp\/v2\/comments?post=8318"}],"version-history":[{"count":1,"href":"https:\/\/blogs.correiobraziliense.com.br\/aricunha\/wp-json\/wp\/v2\/posts\/8318\/revisions"}],"predecessor-version":[{"id":8319,"href":"https:\/\/blogs.correiobraziliense.com.br\/aricunha\/wp-json\/wp\/v2\/posts\/8318\/revisions\/8319"}],"wp:attachment":[{"href":"https:\/\/blogs.correiobraziliense.com.br\/aricunha\/wp-json\/wp\/v2\/media?parent=8318"}],"wp:term":[{"taxonomy":"category","embeddable":true,"href":"https:\/\/blogs.correiobraziliense.com.br\/aricunha\/wp-json\/wp\/v2\/categories?post=8318"},{"taxonomy":"post_tag","embeddable":true,"href":"https:\/\/blogs.correiobraziliense.com.br\/aricunha\/wp-json\/wp\/v2\/tags?post=8318"}],"curies":[{"name":"wp","href":"https:\/\/api.w.org\/{rel}","templated":true}]}}