{"id":8316,"date":"2016-11-18T01:27:14","date_gmt":"2016-11-18T03:27:14","guid":{"rendered":"https:\/\/blogs.correiobraziliense.com.br\/aricunha\/?p=8316"},"modified":"2016-11-22T11:27:54","modified_gmt":"2016-11-22T13:27:54","slug":"suprema-verdade","status":"publish","type":"post","link":"https:\/\/blogs.correiobraziliense.com.br\/aricunha\/suprema-verdade\/","title":{"rendered":"Suprema verdade"},"content":{"rendered":"<p>DESDE 1960 \u00bb<\/p>\n<p>aricunha@dabr.com.br<\/p>\n<p>com Circe Cunha e MAMFIL<\/p>\n<p>Gradativamente, a sociedade vai aprimorando a percep\u00e7\u00e3o sobre os mecanismos que propiciam e induzem a plena democracia. Obviamente, esse aprendizado lento e cont\u00ednuo s\u00f3 pode acontecer se forem atendidas algumas premissas b\u00e1sicas. Talvez a principal delas seja justamente o direito \u00e0 informa\u00e7\u00e3o absoluta sobre todos os fatos que se desenrolam dentro da m\u00e1quina do Estado.<\/p>\n<p>A coisa mais p\u00fablica, dentro de uma Rep\u00fablica que se preze, \u00e9 a informa\u00e7\u00e3o. Quanto mais cristalino \u00e9 um Estado e um governo, mais aperfei\u00e7oada \u00e9 tamb\u00e9m a estrutura democr\u00e1tica. Em outras palavras, s\u00f3 pode existir democracia de fato numa Rep\u00fablica na qual seus cidad\u00e3os t\u00eam pleno acesso a tudo o que diz respeito ao Estado. Quem lida com as coisas de Estado tem de deixar a cara \u00e0 mostra para todos.<\/p>\n<p>Nada mais contradit\u00f3rio do que uma autoridade de qualquer um dos Poderes que pretenda manter em torno de si e de sua vida uma cortina de espessa. Todos que, de alguma maneira, vivam do Estado s\u00e3o para ser expostos em vitrine p\u00fablica, sob a luz forte da sociedade.<\/p>\n<p>Quem possui vida privada e a ela tem excepcionais direitos \u00e9 o cidad\u00e3o comum. Dessa forma, qualquer situa\u00e7\u00e3o que suprima aos cidad\u00e3os o direito \u00e0 informa\u00e7\u00e3o incorre em desvirtuamento do poder p\u00fablico. Quem quer se p\u00f4r a salvo da curiosidade da popula\u00e7\u00e3o deveria tomar rumo contr\u00e1rio a tudo o que diz respeito \u00e0 Rep\u00fablica.<\/p>\n<p>Ao restringir o direito de qualquer indiv\u00edduo \u00e0s informa\u00e7\u00f5es de que necessita, a Rep\u00fablica deixa de ser o que ela \u00e9 na sua origem. Reuni\u00f5es a portas fechadas, encontros e agendas secretas, acordos feitos sob sigilo, empr\u00e9stimos e contratos realizados longe da vis\u00e3o do cidad\u00e3o, conchavos \u00e0 meia luz, julgamentos e decis\u00f5es sem o conhecimento p\u00fablico, gastos com cart\u00f5es corporativos de maneira sigilosa, sob o argumento de seguran\u00e7a nacional e outras modalidades do g\u00eanero t\u00eam sido comuns ao longo de toda a nossa hist\u00f3ria como na\u00e7\u00e3o. O que tem resultado desses segredos todos, em quase 130 anos de Rep\u00fablica, \u00e9 o div\u00f3rcio litigiosos entre a classe pol\u00edtica e a sociedade, a ponto de a popula\u00e7\u00e3o precisar sair \u00e0s ruas para dizer, em alto e bom som, que nenhum pol\u00edtico ou partido representa, de fato, a na\u00e7\u00e3o. Com a Lava-Jato e cong\u00eaneres, a mar\u00e9 do Brasil baixou a tal ponto que agora quem nadava nu come\u00e7a a ser vis\u00edvel para todos.<\/p>\n<p>A frase que foi pronunciada<\/p>\n<p>\u201cAcima da lei, acima do teto! Quanto mais alto se voa, maior a queda.\u201d<\/p>\n<p>Manifestante na C\u00e2mara<\/p>\n<p>Toque<\/p>\n<p>\u00bb Quem frequentou os cines Marcia, Karim Nabut e outros tantos nos \u00e1ureos tempos de Bras\u00edlia deve as boas mem\u00f3rias a Abdala Karim Nabut, que saiu devagarinho desta vida, com a eleg\u00e2ncia e discri\u00e7\u00e3o de sempre.<\/p>\n<p>Dica<br \/>\n\u00bb Para as f\u00e9rias, segue uma sugest\u00e3o de leitura. O romance O Labirinto das Moiras, da m\u00e9dica e escritora T\u00e2nia Calciolari. \u201cDe certa forma, acredito que voc\u00ea j\u00e1 me conhece. Eu sou o Destino. E como entrei aqui? Bom, deve saber que n\u00e3o preciso de convite para entrar em parte alguma. Na verdade, eu j\u00e1 estou em toda parte.\u201d (p\u00e1g. 6)<\/p>\n<p>Leitor<\/p>\n<p>\u00bb O voto distrital baratearia em muito as campanhas pol\u00edticas para deputados estadual e federal, e senadores. Isso porque o candidato buscaria seus votos em seu domic\u00edlio eleitoral. Em seu domic\u00edlio eleitoral o candidato \u00e9 mais conhecido. Por que iria um candidato de Uberaba buscar votos em Montes Claros? Muitas vezes, porque seus vizinhos aprenderam a n\u00e3o confiar nele e, portanto, tem que se buscar votos alhures. Esses custos a mais recaem no contribuinte. O voto distrital premia os que t\u00eam uma vida aprov\u00e1vel pela popula\u00e7\u00e3o local. Assinou J.R.<\/p>\n<p>Haja criatividade!<\/p>\n<p>\u00bb Mais uma sugest\u00e3o para a engenharia de tr\u00e2nsito na entrada do Lago Norte. At\u00e9 hoje os motoristas n\u00e3o respeitam a direita livre! Uma fila enorme se forma no hor\u00e1rio do almo\u00e7o, sem necessidade.<\/p>\n<p>Novidade<\/p>\n<p>\u00bb Travis Busbee, da Universidade de Harvard, \u00e9 coautor de um projeto de impress\u00e3o em 3D para uso humano. O primeiro caso foi de um paciente que recebeu uma mand\u00edbula impressa em tr\u00eas dimens\u00f5es. O detalhamento das pe\u00e7as contribui para o sucesso do uso. A rejei\u00e7\u00e3o do organismo ao corpo estranho est\u00e1 sendo vencida.<\/p>\n<p>Hist\u00f3ria de Bras\u00edlia<\/p>\n<p>Conserva\u00e7\u00e3o do Lago. Concluir a esta\u00e7\u00e3o de tratamento de esgotos, que se encontra quase que paralisada. Enquanto isto, o esgoto est\u00e1 sendo atirado no Lago. Antes, diretamente. Agora, com tratamento preliminar, mas sempre perigoso. (Publicado em 17\/9\/1961)<\/p>\n","protected":false},"excerpt":{"rendered":"<p>DESDE 1960 \u00bb aricunha@dabr.com.br com Circe Cunha e MAMFIL Gradativamente, a sociedade vai aprimorando a percep\u00e7\u00e3o sobre os mecanismos que propiciam e induzem a plena democracia. Obviamente, esse aprendizado lento e cont\u00ednuo s\u00f3 pode acontecer se forem atendidas algumas premissas b\u00e1sicas. Talvez a principal delas seja justamente o direito \u00e0 informa\u00e7\u00e3o absoluta sobre todos os fatos que se desenrolam dentro [&hellip;]<\/p>\n","protected":false},"author":34,"featured_media":0,"comment_status":"closed","ping_status":"closed","sticky":false,"template":"","format":"standard","meta":{"footnotes":""},"categories":[23],"tags":[],"class_list":["post-8316","post","type-post","status-publish","format-standard","hentry","category-integra"],"_links":{"self":[{"href":"https:\/\/blogs.correiobraziliense.com.br\/aricunha\/wp-json\/wp\/v2\/posts\/8316","targetHints":{"allow":["GET"]}}],"collection":[{"href":"https:\/\/blogs.correiobraziliense.com.br\/aricunha\/wp-json\/wp\/v2\/posts"}],"about":[{"href":"https:\/\/blogs.correiobraziliense.com.br\/aricunha\/wp-json\/wp\/v2\/types\/post"}],"author":[{"embeddable":true,"href":"https:\/\/blogs.correiobraziliense.com.br\/aricunha\/wp-json\/wp\/v2\/users\/34"}],"replies":[{"embeddable":true,"href":"https:\/\/blogs.correiobraziliense.com.br\/aricunha\/wp-json\/wp\/v2\/comments?post=8316"}],"version-history":[{"count":1,"href":"https:\/\/blogs.correiobraziliense.com.br\/aricunha\/wp-json\/wp\/v2\/posts\/8316\/revisions"}],"predecessor-version":[{"id":8317,"href":"https:\/\/blogs.correiobraziliense.com.br\/aricunha\/wp-json\/wp\/v2\/posts\/8316\/revisions\/8317"}],"wp:attachment":[{"href":"https:\/\/blogs.correiobraziliense.com.br\/aricunha\/wp-json\/wp\/v2\/media?parent=8316"}],"wp:term":[{"taxonomy":"category","embeddable":true,"href":"https:\/\/blogs.correiobraziliense.com.br\/aricunha\/wp-json\/wp\/v2\/categories?post=8316"},{"taxonomy":"post_tag","embeddable":true,"href":"https:\/\/blogs.correiobraziliense.com.br\/aricunha\/wp-json\/wp\/v2\/tags?post=8316"}],"curies":[{"name":"wp","href":"https:\/\/api.w.org\/{rel}","templated":true}]}}