{"id":8300,"date":"2016-11-13T05:53:11","date_gmt":"2016-11-13T07:53:11","guid":{"rendered":"https:\/\/blogs.correiobraziliense.com.br\/aricunha\/?p=8300"},"modified":"2016-11-14T05:54:07","modified_gmt":"2016-11-14T07:54:07","slug":"8300-2","status":"publish","type":"post","link":"https:\/\/blogs.correiobraziliense.com.br\/aricunha\/8300-2\/","title":{"rendered":"Um Brasil justo para Lula"},"content":{"rendered":"<p>DESDE 1960 \u00bb<\/p>\n<p>aricunha@dabr.com.br<\/p>\n<p>com Circe Cunha com MAMFIL<\/p>\n<p>Fosse tomada ao p\u00e9 da letra e num pa\u00eds ideal, a campanha, lan\u00e7ada pelo ex-presidente Lula e sua claque, intitulada Um Brasil justo pra todos e pra Lula, prestar-se-ia, a priori, como movimento legalista em defesa dos princ\u00edpios constitucionais de igualdade de todos perante a lei e \u2014 quem sabe? \u2014 contra privil\u00e9gios, como foro privilegiado para as autoridades. Mas num pa\u00eds que foi tomado como propriedade particular de um partido e de uma ideologia incipiente, o significado e o objetivo reais da campanha deixam subentendido que se trata, isso sim, de mais uma tentativa de desvirtuar o trabalho hist\u00f3rico do Minist\u00e9rio P\u00fablico, criando e refor\u00e7ando a falsa no\u00e7\u00e3o de que as investiga\u00e7\u00f5es miram, seletivamente, apenas nos governos petistas, e, particularmente, no ex-presidente.<\/p>\n<p>Trata-se, como j\u00e1 deixou claro, em diversas outras oportunidades, de construir uma narrativa cr\u00edvel de que a Justi\u00e7a tem agido, ati\u00e7ada por uma direita raivosa e vingativa. Pelo conte\u00fado dos discursos feitos na ocasi\u00e3o, fica claro que se trata de manifesta\u00e7\u00e3o visando apenas blindar o ex-presidente, que j\u00e1 \u00e9 r\u00e9u em tr\u00eas processos relacionados a casos de corrup\u00e7\u00e3o e obstru\u00e7\u00e3o da Justi\u00e7a.<\/p>\n<p>Em seu discurso, Lula partiu logo para cima dos procuradores da for\u00e7a-tarefa da Opera\u00e7\u00e3o Lava-Jato, acusando-os de formarem, juntamente com a m\u00eddia e a Pol\u00edcia Federal, \u201cum pacto quase diab\u00f3lico\u201d, visando desconstruir sua reputa\u00e7\u00e3o e seus 8 anos de governo. \u201cEu penso, disse Lula, que eles cometeram um pequeno erro. \u00c9 que eles mexeram com a pessoa errada. Eu n\u00e3o tenho nenhuma preocupa\u00e7\u00e3o de prestar contas \u00e0 Justi\u00e7a brasileira. O que eu tenho preocupa\u00e7\u00e3o \u00e9 quando eu vejo um pacto quase diab\u00f3lico entre a m\u00eddia, a Pol\u00edcia Federal, o Minist\u00e9rio P\u00fablico e o juiz que est\u00e1 apurando todo esse processo.\u201d<\/p>\n<p>Analisando apenas a express\u00e3o \u201celes mexeram com a pessoa errada\u201d, fica claro que o ex-presidente se considera diferente e acima dos demais brasileiros e que, portanto, n\u00e3o pode ser alvo de investiga\u00e7\u00e3o. J\u00e1 a coloca\u00e7\u00e3o de que est\u00e1 sendo alvo de um pacto diab\u00f3lico, iguala o discurso de Lula \u00e0s prega\u00e7\u00f5es feitas por muitos pastores neopentecostais para amedrontar os fi\u00e9is e, assim, transform\u00e1-los em presa f\u00e1cil para as igrejas ca\u00e7a-n\u00edqueis.<\/p>\n<p>\u201cEu me sentiria confort\u00e1vel participando de um ato de acusa\u00e7\u00e3o \u00e0 for\u00e7a-tarefa da Lava-Jato, que est\u00e1 mentindo para a sociedade brasileira\u201d, afirmou o ex-presidente, para quem os delegados que o investigam agem comprometidos ideologicamente com determinados partidos. Somada a essa campanha de blindagem, os movimentos sociais, orquestrados pelo Partido dos Trabalhadores, realizaram manifesta\u00e7\u00f5es em algumas capitais brasileiras, queimando pneus em vias p\u00fablicas e paralisando os servi\u00e7os de transporte p\u00fablico. Como sempre, sobrou para os verdadeiros trabalhadores. Um dia de caos.<\/p>\n<p>A frase que n\u00e3o foi pronunciada<\/p>\n<p>\u201cAmbiente universit\u00e1rio \u00e9 local de debates acad\u00eamicos de ideias&#8230; N\u00e3o \u00e9 lugar de impor a for\u00e7a, mas o convencimento. Foi isso o que aprendi estudando aqui.\u201d<\/p>\n<p>Professor Alex Ara\u00fajo, da UnB na Assembleia dos Professores contra atos de for\u00e7a na UnB<\/p>\n<p>Perigo<\/p>\n<p>\u00bb Aten\u00e7\u00e3o, motoristas! A engenharia de tr\u00e2nsito do Distrito Federal descuidou da constru\u00e7\u00e3o de recuo para a parada de \u00f4nibus na lateral do Shopping Iguatemi, na descida para o Varj\u00e3o. O embarque e odesembarque dos passageiros s\u00e3o feitos no centro da pista, interrompendo o fluxo de ve\u00edculos.<\/p>\n<p>Lei cega<\/p>\n<p>\u00bb Os moradores da 715 norte est\u00e3o aterrorizados com a onda de assaltos \u00e0 m\u00e3o armada na quadra. Em apenas uma semana, tr\u00eas assaltos aconteceram na \u00e1rea, mas at\u00e9 o momento ningu\u00e9m foi preso. A maioria dos casos aparenta ser, segundo testemunhas, praticada por menores de idade. A pergunta que fica \u00e9: o crime praticado por menores \u00e9 menor<\/p>\n<p>Lava a jato<\/p>\n<p>\u00bb \u00c9 uma tristeza andar pela UnB e ver pr\u00e9dios novos como a Face, o Bsan e o Irel pichados com frases de ordem ideol\u00f3gicas. Depredar o patrim\u00f4nio p\u00fablico \u00e9 crime. Quem far\u00e1 com que a lei seja obedecida?<\/p>\n<p>Estresse<\/p>\n<p>\u00bb Exagerada a quantidade de outdoors pela cidade. A polui\u00e7\u00e3o visual, assim como a sonora e a ambiental, causa problemas de sa\u00fade na popula\u00e7\u00e3o.<\/p>\n<p>Hist\u00f3ria de Bras\u00edlia<\/p>\n<p>E a distribui\u00e7\u00e3o do O Jornal, como vai? Se o Calmon chegar aqui e n\u00e3o encontrar o jornal no aeroporto, e no Hotel, voc\u00ea acaba sendo demitido. Era a luta dia a dia. Todos os hor\u00e1rios de avi\u00f5es na cabe\u00e7a. Real, \u00e0s 9h30, e Panair, \u00e0s 10h. Se n\u00e3o vier num, vir\u00e1 no outro.(Publicado em 15\/9\/1961)<\/p>\n","protected":false},"excerpt":{"rendered":"<p>DESDE 1960 \u00bb aricunha@dabr.com.br com Circe Cunha com MAMFIL Fosse tomada ao p\u00e9 da letra e num pa\u00eds ideal, a campanha, lan\u00e7ada pelo ex-presidente Lula e sua claque, intitulada Um Brasil justo pra todos e pra Lula, prestar-se-ia, a priori, como movimento legalista em defesa dos princ\u00edpios constitucionais de igualdade de todos perante a lei e \u2014 quem sabe? \u2014 [&hellip;]<\/p>\n","protected":false},"author":34,"featured_media":0,"comment_status":"closed","ping_status":"closed","sticky":false,"template":"","format":"standard","meta":{"footnotes":""},"categories":[23],"tags":[],"class_list":["post-8300","post","type-post","status-publish","format-standard","hentry","category-integra"],"_links":{"self":[{"href":"https:\/\/blogs.correiobraziliense.com.br\/aricunha\/wp-json\/wp\/v2\/posts\/8300","targetHints":{"allow":["GET"]}}],"collection":[{"href":"https:\/\/blogs.correiobraziliense.com.br\/aricunha\/wp-json\/wp\/v2\/posts"}],"about":[{"href":"https:\/\/blogs.correiobraziliense.com.br\/aricunha\/wp-json\/wp\/v2\/types\/post"}],"author":[{"embeddable":true,"href":"https:\/\/blogs.correiobraziliense.com.br\/aricunha\/wp-json\/wp\/v2\/users\/34"}],"replies":[{"embeddable":true,"href":"https:\/\/blogs.correiobraziliense.com.br\/aricunha\/wp-json\/wp\/v2\/comments?post=8300"}],"version-history":[{"count":2,"href":"https:\/\/blogs.correiobraziliense.com.br\/aricunha\/wp-json\/wp\/v2\/posts\/8300\/revisions"}],"predecessor-version":[{"id":8302,"href":"https:\/\/blogs.correiobraziliense.com.br\/aricunha\/wp-json\/wp\/v2\/posts\/8300\/revisions\/8302"}],"wp:attachment":[{"href":"https:\/\/blogs.correiobraziliense.com.br\/aricunha\/wp-json\/wp\/v2\/media?parent=8300"}],"wp:term":[{"taxonomy":"category","embeddable":true,"href":"https:\/\/blogs.correiobraziliense.com.br\/aricunha\/wp-json\/wp\/v2\/categories?post=8300"},{"taxonomy":"post_tag","embeddable":true,"href":"https:\/\/blogs.correiobraziliense.com.br\/aricunha\/wp-json\/wp\/v2\/tags?post=8300"}],"curies":[{"name":"wp","href":"https:\/\/api.w.org\/{rel}","templated":true}]}}