{"id":8293,"date":"2016-11-10T02:53:36","date_gmt":"2016-11-10T04:53:36","guid":{"rendered":"https:\/\/blogs.correiobraziliense.com.br\/aricunha\/?p=8293"},"modified":"2016-11-10T05:56:21","modified_gmt":"2016-11-10T07:56:21","slug":"marcha-da-humanidade","status":"publish","type":"post","link":"https:\/\/blogs.correiobraziliense.com.br\/aricunha\/marcha-da-humanidade\/","title":{"rendered":"A marcha da humanidade"},"content":{"rendered":"<p>DESDE 1960 \u00bb<\/p>\n<p>aricunha@dabr.com.br<\/p>\n<p>com Circe Cunha com MAMFIL<\/p>\n<p>Em tempos passados, as elei\u00e7\u00f5es norte-americanas n\u00e3o ocupavam muito espa\u00e7o na m\u00eddia brasileira. Viv\u00edamos num mundo disperso e as ideias de globaliza\u00e7\u00e3o eram ainda apenas ideias na cabe\u00e7a de alguns pensadores e te\u00f3ricos. Nosso interesse no grande irm\u00e3o do Norte se prendia ao cinema, moda, novidades no mundo automobil\u00edstico e coisas do g\u00eanero. Com o processo de intera\u00e7\u00e3o mundial, provocada pela globaliza\u00e7\u00e3o dos mercados, com a consequente forma\u00e7\u00e3o de grandes blocos comerciais, a interdepend\u00eancia econ\u00f4mica entre os pa\u00edses se transformou numa realidade presente e inescap\u00e1vel. Pa\u00edses que, a princ\u00edpio, rejeitavam a ideia de uma Aldeia Global, foram levados pela correnteza de um mundo em r\u00e1pida transforma\u00e7\u00e3o. Tamb\u00e9m a emerg\u00eancia de uma nova tecnologia, interligou todo o planeta de modo instant\u00e2neo, encolhendo dist\u00e2ncias geogr\u00e1ficas e temporais.<\/p>\n<p>Hoje, tudo interessa a todos e a todo momento. Isso porque o que ocorre a milhares de quil\u00f4metros daqui interfere no nosso dia a dia. Nesse sentido, \u00e9 poss\u00edvel inferir que a chegada do novo presidente nos EUA, com um conjunto de promessas de campanha flagrantemente protecionista e xen\u00f3fobo, e com um perfil pessoal, para dizer o m\u00ednimo, discut\u00edvel, trar\u00e3o consequ\u00eancias para o Brasil. Em primeiro lugar, porque os EUA representam o segundo mercado para as exporta\u00e7\u00f5es brasileiras.Tamb\u00e9m \u00e9 sabido que naquele pa\u00eds residem mais de um milh\u00e3o de imigrantes brasileiros, em sua maioria, em situa\u00e7\u00e3o irregular. De toda forma, se f\u00f4ssemos estabelecer um ranking para aferir quem mais perdeu com a elei\u00e7\u00e3o de Donald Trump, talvez venha a ocupar o topo da lista os analistas pol\u00edticos, que em sua grande maioria, e at\u00e9 o \u00faltimo minuto, acreditavam na derrota do candidato fanfarr\u00e3o.<\/p>\n<p>Colhidos de surpresa, muitos ainda est\u00e3o zonzos, procurando uma explica\u00e7\u00e3o racional para o acontecimento. Ainda assim, fica evidente para muitos que dentro do ritmo constante, da s\u00edstole e di\u00e1stole que leva o mundo a per\u00edodo de maior e menor fechamento econ\u00f4mico, o que se assiste parece ser um retorno \u00e0s teses do protecionismo antigo, associado \u00e0 uma onda crescente de xenofobia, que passa a enxergar no imigrante, principalmente aqueles vindos de pa\u00edses pobres, uma causa para a recess\u00e3o econ\u00f4mica mundial e, por tabela, para o pr\u00f3prio processo de globaliza\u00e7\u00e3o que passa a ser repensado.<\/p>\n<p>Numa coisa todos parecem concordar: n\u00e3o se trata de ascens\u00e3o da direita no mundo, como muitos creem, j\u00e1 que a escolha por lideran\u00e7as nacionalistas, em parte do Ocidente, foi feita livremente pela pr\u00f3pria popula\u00e7\u00e3o desses pa\u00edses, cansada da pol\u00edtica tradicional. O que parece \u00e9 que o mundo come\u00e7a a reagir de forma uniforme, optando por caminhos ainda pouco claros. \u00c9 marcha irrefre\u00e1vel da humanidade por trilhas que parecem ainda obscuras. Pelo sim, pelo n\u00e3o, melhor acender uma vela para iluminar esses caminhos.<\/p>\n<p>PEC 241<\/p>\n<p>\u00bb Em conversa no corredor das Comiss\u00f5es, Maria Lucia Fattorelli, da Auditoria Cidad\u00e3 da D\u00edvida, colocou suas ideias sobre alguns pontos ainda obscuros para a opini\u00e3o p\u00fablica sobre a PEC do Teto, PEC 241. Primeiro esclareceu que a oposi\u00e7\u00e3o ao projeto \u00e9 t\u00e9cnica e n\u00e3o ideol\u00f3gica como tentam colocar para fechar de imediato a discuss\u00e3o.<\/p>\n<p>Autoridade<\/p>\n<p>\u00bb A ex-auditora da Receita, convidada pelo Syriza para analisar a d\u00edvida grega, esclarece que os senadores brasileiros est\u00e3o votando a PEC do Teto enganados. Eles n\u00e3o sabem tecnicamente o que essa PEC trar\u00e1 como consequ\u00eancia. Despesa prim\u00e1ria \u00e9 a chave mestra para o entendimento. Os juros ficam de fora. O teto \u00e9 apenas para as despesas prim\u00e1rias e juros n\u00e3o s\u00e3o despesa prim\u00e1ria.<\/p>\n<p>O que \u00e9<\/p>\n<p>\u00bb Fattorelli diz ainda que essa PEC s\u00f3 tem um objetivo. Colocar um teto, uma amarra nas despesas prim\u00e1rias. Prende o nosso desenvolvimento econ\u00f4mico por 20 anos. \u00c9 o que diz o texto que est\u00e1 mudando a Constitui\u00e7\u00e3o. Infelizmente, n\u00e3o trata da corrup\u00e7\u00e3o que corr\u00f3i a pouca verba que ainda existe; n\u00e3o trata de gest\u00e3o, contrapartidas, auditorias. Ela congela o volume de recursos e permite daqui para frente ser\u00e1 s\u00f3 o IPCA.<\/p>\n<p>Como ser\u00e1<\/p>\n<p>\u00bb Despesas prim\u00e1rias s\u00e3o tudo menos as despesas financeiras. Acabou investimento em ci\u00eancia e tecnologia. Tudo o que o pa\u00eds vier a crescer s\u00f3 vai poder ser destinado para as despesas n\u00e3o prim\u00e1rias por 20 anos. Tudo o que a Uni\u00e3o arrecadar s\u00f3 vai poder ir para despesas n\u00e3o prim\u00e1rias. Nossos senadores n\u00e3o sabem o que est\u00e3o votando, porque n\u00e3o entendem. Agora vai ser Constitucional destinar dinheiro para tudo isso enquanto a Sa\u00fade e Educa\u00e7\u00e3o, Ci\u00eancia e Tecnologia v\u00e3o penar por falta de verbas, conclui Fattorelli<\/p>\n<p>Den\u00fancia<\/p>\n<p>\u00bb Emendas para controlar os juros, limites para os juros, limites para as empresas estatais n\u00e3o dependentes que est\u00e3o sendo criadas como uma praga pelo pa\u00eds. Em Porto Alegre, est\u00e1 sendo criada a Investe POA. A PEC deixa livre, fora do teto. Recursos para empresas estatais n\u00e3o dependentes. \u00c9 preciso urg\u00eancia na distin\u00e7\u00e3o de empresas estatais n\u00e3o dependentes leg\u00edtimas, que atendem aos pressupostos do art. 173 da Constitui\u00e7\u00e3o e das empresas fraudulentas, com maracutaias. Isso aqui \u00e9 muito grave, e s\u00f3 estar\u00e1 aberto a mudan\u00e7as daqui a 10 longos anos.<\/p>\n<p>Sem esclarecimentos<\/p>\n<p>\u00bb Essa d\u00edvida nunca foi auditada. H\u00e1 centenas de den\u00fancias de fraudes, ilegalidades e inconstitucionalidades. Sindicatos, parte do judici\u00e1rio, institui\u00e7\u00f5es s\u00e9rias est\u00e3o tentando chamar a aten\u00e7\u00e3o das autoridades para o que est\u00e1 acontecendo, mas todos fomos bloqueados. A imprensa n\u00e3o comprou a briga. Nas audi\u00eancias p\u00fablicas o governo n\u00e3o enviou representantes, reclama a auditora.<\/p>\n","protected":false},"excerpt":{"rendered":"<p>DESDE 1960 \u00bb aricunha@dabr.com.br com Circe Cunha com MAMFIL Em tempos passados, as elei\u00e7\u00f5es norte-americanas n\u00e3o ocupavam muito espa\u00e7o na m\u00eddia brasileira. Viv\u00edamos num mundo disperso e as ideias de globaliza\u00e7\u00e3o eram ainda apenas ideias na cabe\u00e7a de alguns pensadores e te\u00f3ricos. Nosso interesse no grande irm\u00e3o do Norte se prendia ao cinema, moda, novidades no mundo automobil\u00edstico e coisas [&hellip;]<\/p>\n","protected":false},"author":34,"featured_media":0,"comment_status":"closed","ping_status":"closed","sticky":false,"template":"","format":"standard","meta":{"footnotes":""},"categories":[23],"tags":[],"class_list":["post-8293","post","type-post","status-publish","format-standard","hentry","category-integra"],"_links":{"self":[{"href":"https:\/\/blogs.correiobraziliense.com.br\/aricunha\/wp-json\/wp\/v2\/posts\/8293","targetHints":{"allow":["GET"]}}],"collection":[{"href":"https:\/\/blogs.correiobraziliense.com.br\/aricunha\/wp-json\/wp\/v2\/posts"}],"about":[{"href":"https:\/\/blogs.correiobraziliense.com.br\/aricunha\/wp-json\/wp\/v2\/types\/post"}],"author":[{"embeddable":true,"href":"https:\/\/blogs.correiobraziliense.com.br\/aricunha\/wp-json\/wp\/v2\/users\/34"}],"replies":[{"embeddable":true,"href":"https:\/\/blogs.correiobraziliense.com.br\/aricunha\/wp-json\/wp\/v2\/comments?post=8293"}],"version-history":[{"count":1,"href":"https:\/\/blogs.correiobraziliense.com.br\/aricunha\/wp-json\/wp\/v2\/posts\/8293\/revisions"}],"predecessor-version":[{"id":8294,"href":"https:\/\/blogs.correiobraziliense.com.br\/aricunha\/wp-json\/wp\/v2\/posts\/8293\/revisions\/8294"}],"wp:attachment":[{"href":"https:\/\/blogs.correiobraziliense.com.br\/aricunha\/wp-json\/wp\/v2\/media?parent=8293"}],"wp:term":[{"taxonomy":"category","embeddable":true,"href":"https:\/\/blogs.correiobraziliense.com.br\/aricunha\/wp-json\/wp\/v2\/categories?post=8293"},{"taxonomy":"post_tag","embeddable":true,"href":"https:\/\/blogs.correiobraziliense.com.br\/aricunha\/wp-json\/wp\/v2\/tags?post=8293"}],"curies":[{"name":"wp","href":"https:\/\/api.w.org\/{rel}","templated":true}]}}