{"id":8290,"date":"2016-11-09T04:14:15","date_gmt":"2016-11-09T06:14:15","guid":{"rendered":"https:\/\/blogs.correiobraziliense.com.br\/aricunha\/?p=8290"},"modified":"2016-11-09T06:14:58","modified_gmt":"2016-11-09T08:14:58","slug":"salarios-no-servico-publico-definem-nossa-republica","status":"publish","type":"post","link":"https:\/\/blogs.correiobraziliense.com.br\/aricunha\/salarios-no-servico-publico-definem-nossa-republica\/","title":{"rendered":"Sal\u00e1rios no servi\u00e7o p\u00fablico definem nossa Rep\u00fablica"},"content":{"rendered":"<p>DESDE 1960 \u00bb<\/p>\n<p>aricunha@dabr.com.br<\/p>\n<p>com Circe Cunha e MAMFIL<\/p>\n<p>Nos 127 anos que nos separaram da Proclama\u00e7\u00e3o da Rep\u00fablica, muito mudou, obviamente, mas muita coisa permanece inalterada. Pela resist\u00eancia que se observa nos tr\u00eas Poderes do Estado, ainda vai levar um bom tempo para que tenhamos de fato uma Rep\u00fablica conforme preceituada l\u00e1 nas suas origens e onde a igualdade formal dos indiv\u00edduos e o respeito \u00e0 coisa p\u00fablica sejam de fato acatados.<\/p>\n<p>Houvesse, desde sua origem no Brasil, tomado o caminho natural da austeridade nos gastos , com a simplifica\u00e7\u00e3o da m\u00e1quina do Estado e a cessa\u00e7\u00e3o definitiva dos privil\u00e9gios herdados ap\u00f3s um longo per\u00edodo de monarquia, nossa Rep\u00fablica seria modelo para o mundo Ocidental. Infelizmente enveredamos pelo caminho que parecia mais f\u00e1cil e natural \u00e0 nossa forma\u00e7\u00e3o hist\u00f3rica.<\/p>\n<p>Criamos, para desfrute das classes mais abastadas e influentes, um misto de Rep\u00fablica e monarquia, de modo a atender \u00e0s press\u00f5es das elites destronadas e acomodar todo mundo na ante sala dos cofres p\u00fablicos. N\u00e3o \u00e9 por outro motivo que ainda temos um Executivo onde os presidentes, ao longo desse tempo, sempre demonstraram um comportamento tipicamente mon\u00e1rquico, faltando-lhes apenas o uso do cetro e da coroa.<\/p>\n<p>Blindados contra as bisbilhotices alheias pela prerrogativa de foro, nossos parlamentares vivem num mundo \u00e0 parte e refutam qualquer tentativa de enquadr\u00e1-los dentro dos princ\u00edpios republicanos. Tamb\u00e9m o Judici\u00e1rio, principalmente aquele alojado nas altas cortes, vive em um per\u00edodo anterior a 1889. Pesquisa feita na folha de pagamento dos ju\u00edzes dessa Corte, ainda no ano passado, mostrou magistrados recebendo sal\u00e1rios com superligas de ni\u00f3bio com as chamadas \u201cvantagens eventuais\u201d que chegam a R$ 700mil mensais.<\/p>\n<p>Para um pa\u00eds com 12 milh\u00f5es de  desempregados, e milh\u00f5es vivendo de subempregos e trabalhos eventuais, um servidor da Justi\u00e7a exibir um provento dessa magnitude chega a ser pornogr\u00e1fico. Em regra geral, nas  inst\u00e2ncias superiores, que deveriam ser exemplo, os sal\u00e1rios ultrapassam o teto limite fixado pela pr\u00f3pria Constitui\u00e7\u00e3o, o que convenhamos, \u00e9 contr\u00e1rio a Lei Maior do pa\u00eds.<\/p>\n<p>Fossem adotados limites racionais para estes sal\u00e1rios escandalosos, e dentro do que um pa\u00eds moderno pleiteia, o sal\u00e1rio mais alto deveria caber aos professores-pesquisadores universit\u00e1rios em fim de carreira, com todos os t\u00edtulos acad\u00eamicos poss\u00edveis incorporados.<\/p>\n<p>Os alt\u00edssimos sal\u00e1rios n\u00e3o explicam o gasto com o funcionalismo que, s\u00f3 neste ano, consumir\u00e1 R$ 161 bilh\u00f5es e nem explicam tamb\u00e9m a crise econ\u00f4mica atual atravessada pelo Brasil. O que nos distancia de uma Rep\u00fablica ideal \u00e9 a pregui\u00e7a de mudar e os interesses em manter as coisas como est\u00e3o.<\/p>\n<p>A frase que n\u00e3o foi pronunciada<\/p>\n<p>\u201cN\u00e3o!\u201d<\/p>\n<p>Poss\u00edvel resposta de organizadores ao aluno que perguntou: \u201cEu posso n\u00e3o querer ocupar a UnB?\u201d<\/p>\n<p>Vota\u00e7\u00e3o<\/p>\n<p>\u00bb No Gama, foram 60 votos a favor e 378 contra a ocupa\u00e7\u00e3o nas universidades.<\/p>\n<p>Vicente Pires<\/p>\n<p>\u00bb Os moradores de Vicente Pires \u2014 bairro que abriga 90 mil pessoas \u2014 est\u00e3o preocupados com a amea\u00e7a de desativa\u00e7\u00e3o do \u00fanico Posto de Sa\u00fade da cidade. \u00c9 que a Secretaria de Sa\u00fade est\u00e1 h\u00e1 20 meses sem pagar o aluguel do posto, os telefones est\u00e3o cortados por falta de pagamento e a diretora Regina foi exonerada, al\u00e9m dos demais profissionais serem obrigados a prestar servi\u00e7os em hospitais. A revolta \u00e9 geral. Com a palavra o governador Rollemberg.<\/p>\n<p>Efeito<\/p>\n<p>\u00bb Alexandre Zaghetto, professor da UnB, peitou. Deu aula ao ar livre, j\u00e1 que as salas estavam ocupadas por quem n\u00e3o quer estudar. Alunos n\u00e3o faltaram! O mesmo aconteceu no Departamento de M\u00fasica. Aulas debaixo das \u00e1rvores. Pelo menos para alguma coisa esse movimento serviu! Sair da mesmice \u00e9 \u00f3timo!<\/p>\n<p>Preven\u00e7\u00e3o<\/p>\n<p>\u00bb II F\u00f3rum Ser Homem no Brasil \u2014 Um novo olhar sobre a sa\u00fade, acesso e tratamento ao homem com c\u00e2ncer. O oncologista Igor Morbeck participou do encontro, representando o Centro de Oncologia do Hospital S\u00edrio-Liban\u00eas \u2014 Unidade Bras\u00edlia. O encontro foi promovido pelo Instituto Lado a Lado pela Vida. Em pauta, a preven\u00e7\u00e3o de tumores masculinos. O evento teve o apoio do Senado Federal e reuniu parlamentares, governantes, representantes do Minist\u00e9rio da Sa\u00fade, popula\u00e7\u00e3o e profissionais da \u00e1rea. O evento foi realizado no audit\u00f3rio Senador Ant\u00f4nio Carlos Magalh\u00e3es, Interlegis, do Senado.<\/p>\n<p>Hist\u00f3ria de Bras\u00edlia<\/p>\n<p>Veio, depois, a constru\u00e7\u00e3o. Dois pr\u00e9dios, um de tev\u00ea e outro de jornal. As fiscaliza\u00e7\u00f5es semanais. O desespero do nosso Nereu Bastos, e a preocupa\u00e7\u00e3o do dr. Edilson Varela. (Publicado em 15\/9\/1961)<\/p>\n","protected":false},"excerpt":{"rendered":"<p>DESDE 1960 \u00bb aricunha@dabr.com.br com Circe Cunha e MAMFIL Nos 127 anos que nos separaram da Proclama\u00e7\u00e3o da Rep\u00fablica, muito mudou, obviamente, mas muita coisa permanece inalterada. Pela resist\u00eancia que se observa nos tr\u00eas Poderes do Estado, ainda vai levar um bom tempo para que tenhamos de fato uma Rep\u00fablica conforme preceituada l\u00e1 nas suas origens e onde a igualdade [&hellip;]<\/p>\n","protected":false},"author":34,"featured_media":0,"comment_status":"closed","ping_status":"closed","sticky":false,"template":"","format":"standard","meta":{"footnotes":""},"categories":[23],"tags":[],"class_list":["post-8290","post","type-post","status-publish","format-standard","hentry","category-integra"],"_links":{"self":[{"href":"https:\/\/blogs.correiobraziliense.com.br\/aricunha\/wp-json\/wp\/v2\/posts\/8290","targetHints":{"allow":["GET"]}}],"collection":[{"href":"https:\/\/blogs.correiobraziliense.com.br\/aricunha\/wp-json\/wp\/v2\/posts"}],"about":[{"href":"https:\/\/blogs.correiobraziliense.com.br\/aricunha\/wp-json\/wp\/v2\/types\/post"}],"author":[{"embeddable":true,"href":"https:\/\/blogs.correiobraziliense.com.br\/aricunha\/wp-json\/wp\/v2\/users\/34"}],"replies":[{"embeddable":true,"href":"https:\/\/blogs.correiobraziliense.com.br\/aricunha\/wp-json\/wp\/v2\/comments?post=8290"}],"version-history":[{"count":1,"href":"https:\/\/blogs.correiobraziliense.com.br\/aricunha\/wp-json\/wp\/v2\/posts\/8290\/revisions"}],"predecessor-version":[{"id":8291,"href":"https:\/\/blogs.correiobraziliense.com.br\/aricunha\/wp-json\/wp\/v2\/posts\/8290\/revisions\/8291"}],"wp:attachment":[{"href":"https:\/\/blogs.correiobraziliense.com.br\/aricunha\/wp-json\/wp\/v2\/media?parent=8290"}],"wp:term":[{"taxonomy":"category","embeddable":true,"href":"https:\/\/blogs.correiobraziliense.com.br\/aricunha\/wp-json\/wp\/v2\/categories?post=8290"},{"taxonomy":"post_tag","embeddable":true,"href":"https:\/\/blogs.correiobraziliense.com.br\/aricunha\/wp-json\/wp\/v2\/tags?post=8290"}],"curies":[{"name":"wp","href":"https:\/\/api.w.org\/{rel}","templated":true}]}}