{"id":8287,"date":"2016-11-08T04:11:59","date_gmt":"2016-11-08T06:11:59","guid":{"rendered":"https:\/\/blogs.correiobraziliense.com.br\/aricunha\/?p=8287"},"modified":"2016-11-09T06:12:36","modified_gmt":"2016-11-09T08:12:36","slug":"panelinhas-de-pressao","status":"publish","type":"post","link":"https:\/\/blogs.correiobraziliense.com.br\/aricunha\/panelinhas-de-pressao\/","title":{"rendered":"Panelinhas de press\u00e3o"},"content":{"rendered":"<p>DESDE 1960 \u00bb<\/p>\n<p>aricunha@dabr.com.br<\/p>\n<p>com Circe Cunha com MAMFIL<\/p>\n<p>No jarg\u00e3o popular, panelinha significa grupelho fechado de pessoas que se juntam para atingir determinados objetivos e alijar aqueles que n\u00e3o comungam de suas ideias e inten\u00e7\u00f5es. Normalmente, as panelinhas se concentram e se formam em torno de algu\u00e9m que possui algum grau de mando ou ocupa qualquer cargo de relevo, quer na m\u00e1quina p\u00fablica, quer na iniciativa privada. No mundo pol\u00edtico as panelinhas se formam em torno daquelas lideran\u00e7as mais poderosas e normalmente comp\u00f5em o que chamam de base de apoio. No servi\u00e7o p\u00fablico \u00e9 denominada panelinha o ajuntamento de funcion\u00e1rios menos graduados em torno do chefe do setor, formando uma esp\u00e9cie de clube fechado, onde s\u00f3 \u00e9 permitido entrar quem comunga das mesmas ideias e tem as mesmas inten\u00e7\u00f5es.<\/p>\n<p>Onde quer que existam as panelinhas \u2013 e existem muitas \u2013 o objetivo \u00e9 sempre o mesmo e nunca \u00e9 feito dentro dos princ\u00edpios da \u00e9tica. No popular \u00e9 chamado de roda de puxa-sacos, composta sempre de pessoas que se utilizam da proximidade de algu\u00e9m influente, a quem rendem falsos salamaleques, para obter vantagens, mesmo \u00e0s custas de prejudicar outras pessoas. Normalmente, as panelinhas s\u00e3o compostas de pessoas que, no \u00edntimo, n\u00e3o acreditam na pr\u00f3pria capacidade e talento, necessitando, para seu sucesso, de outra pessoa que \u00e9 usada como simples degrau para sua escalada. Infelizmente, as panelinhas est\u00e3o presentes em toda e qualquer atividade humana onde haja competi\u00e7\u00e3o.<\/p>\n<p>No mundo das artes, onde a maioria das pessoas acredita existir a paz de anjos banhados pela luz da inspira\u00e7\u00e3o, as panelinhas se formam com mais energia. Grupos fechados em reuni\u00f5es, exposi\u00e7\u00f5es, mostras e muita coincid\u00eancia nos concursos para escolha de pinturas e esculturas com os nomes de sempre. N\u00e3o \u00e9 por outra raz\u00e3o que vemos a repeti\u00e7\u00e3o de nomes, em todas as atividades de grande monta que s\u00e3o organizadas e apresentada \u00e0 sociedade.<\/p>\n<p>\u00c9 como se existissem apenas determinados artistas, num universo que na realidade \u00e9 muito mais amplo do que parece. N\u00e3o por outra raz\u00e3o que, por toda a cidade,  repetem-se, de forma mon\u00f3tona, obras com as mesmas assinaturas como se n\u00e3o houvessem muit\u00edssimos outros talentos do mesmo calibre ou superiores. Foi uma lei do ex-senador Gim Argello que obrigou todo pr\u00e9dio p\u00fablico  a dar uma oportunidade para os artistas pl\u00e1sticos da cidade. Mas passeando pela capital, nota-se que trata-se de uma arte padr\u00e3o, contrariando a iniciativa da lei e a pr\u00f3pria origem da arte. Criatividade, novos pensamentos, originalidade e, acima de tudo, solidariedade.<\/p>\n<p>A forma\u00e7\u00e3o de panelinhas oficiais, ao prejudicar os talentos preteridos, afasta do grande p\u00fablico todos aqueles que, por raz\u00f5es de foro \u00edntimo, se recusam a participar de clubinhos fechados e preferem manter-se \u00e0 margem dessa pr\u00e1tica. Perde Bras\u00edlia, perdem os que gostariam de viver da arte.<\/p>\n<p>A frase que foi pronunciada<\/p>\n<p>\u201cA arte diz o indiz\u00edvel, exprime o inexprim\u00edvel, traduz o intraduz\u00edvel.\u201d<\/p>\n<p>Leonardo da Vinci<\/p>\n<p>Retardat\u00e1rios<\/p>\n<p>\u00bb Correria na C\u00e2mara dos Deputados para a vota\u00e7\u00e3o da Lei de Responsabilidade Educacional. Uma lei com esse teor \u00e9 uma das exig\u00eancias do Plano Nacional de Educa\u00e7\u00e3o (PNE \u2013 Lei 13.005\/14). Dois anos depois de aprovada, interesses diversos n\u00e3o permitem que a lei seja votada.<\/p>\n<p>Nova pauta \u2014 dignidade<\/p>\n<p>\u00bb Antes de se preocupar com fim dos corredores para motos e legaliza\u00e7\u00e3o do Uber, os parlamentares deveriam se reunir na comiss\u00e3o especial da C\u00e2mara dos Deputados, que discute o novo C\u00f3digo de Tr\u00e2nsito, para proibir em todo o pa\u00eds que trabalhadores exer\u00e7am a profiss\u00e3o pendurados atr\u00e1s de um caminh\u00e3o, com o rosto voltado para o lixo e tendo como \u00fanica seguran\u00e7a as m\u00e3os, nem sempre com luvas, agarradas a uma barra de ferro enquanto lutam contra o sono e contra o enjoo.<\/p>\n<p>Ponteiros<\/p>\n<p>\u00bb Essa hist\u00f3ria de Bras\u00edlia publicada na coluna do Ari \u00e9 a prova maior de que o tempo passa e os problemas n\u00e3o mudam. Olhem a situa\u00e7\u00e3o de hoje e a historinha publicada h\u00e1 55 anos. Coment\u00e1rio do amigo Felipe de Mattos.<\/p>\n<p>Hist\u00f3ria de Bras\u00edlia<\/p>\n<p>Plano de Obras. J\u00e1 est\u00e1 pronto. Falta dinheiro para executar. Era de 17 bilh\u00f5es. O sr. J\u00e2nio Quadros reduziu para 13 bilh\u00f5es. Veio, depois, nova ordem para 9 bilh\u00f5es. Agora, querem reduzir para sete. Com sete bilh\u00f5es, mal se pagar\u00e3o as d\u00edvidas da Novacap, que s\u00e3o de 5 bilh\u00f5es. (Publicado em 17\/9\/1961)<\/p>\n","protected":false},"excerpt":{"rendered":"<p>DESDE 1960 \u00bb aricunha@dabr.com.br com Circe Cunha com MAMFIL No jarg\u00e3o popular, panelinha significa grupelho fechado de pessoas que se juntam para atingir determinados objetivos e alijar aqueles que n\u00e3o comungam de suas ideias e inten\u00e7\u00f5es. Normalmente, as panelinhas se concentram e se formam em torno de algu\u00e9m que possui algum grau de mando ou ocupa qualquer cargo de relevo, [&hellip;]<\/p>\n","protected":false},"author":34,"featured_media":0,"comment_status":"closed","ping_status":"closed","sticky":false,"template":"","format":"standard","meta":{"footnotes":""},"categories":[23],"tags":[],"class_list":["post-8287","post","type-post","status-publish","format-standard","hentry","category-integra"],"_links":{"self":[{"href":"https:\/\/blogs.correiobraziliense.com.br\/aricunha\/wp-json\/wp\/v2\/posts\/8287","targetHints":{"allow":["GET"]}}],"collection":[{"href":"https:\/\/blogs.correiobraziliense.com.br\/aricunha\/wp-json\/wp\/v2\/posts"}],"about":[{"href":"https:\/\/blogs.correiobraziliense.com.br\/aricunha\/wp-json\/wp\/v2\/types\/post"}],"author":[{"embeddable":true,"href":"https:\/\/blogs.correiobraziliense.com.br\/aricunha\/wp-json\/wp\/v2\/users\/34"}],"replies":[{"embeddable":true,"href":"https:\/\/blogs.correiobraziliense.com.br\/aricunha\/wp-json\/wp\/v2\/comments?post=8287"}],"version-history":[{"count":1,"href":"https:\/\/blogs.correiobraziliense.com.br\/aricunha\/wp-json\/wp\/v2\/posts\/8287\/revisions"}],"predecessor-version":[{"id":8288,"href":"https:\/\/blogs.correiobraziliense.com.br\/aricunha\/wp-json\/wp\/v2\/posts\/8287\/revisions\/8288"}],"wp:attachment":[{"href":"https:\/\/blogs.correiobraziliense.com.br\/aricunha\/wp-json\/wp\/v2\/media?parent=8287"}],"wp:term":[{"taxonomy":"category","embeddable":true,"href":"https:\/\/blogs.correiobraziliense.com.br\/aricunha\/wp-json\/wp\/v2\/categories?post=8287"},{"taxonomy":"post_tag","embeddable":true,"href":"https:\/\/blogs.correiobraziliense.com.br\/aricunha\/wp-json\/wp\/v2\/tags?post=8287"}],"curies":[{"name":"wp","href":"https:\/\/api.w.org\/{rel}","templated":true}]}}