{"id":8281,"date":"2016-11-04T11:05:48","date_gmt":"2016-11-04T13:05:48","guid":{"rendered":"https:\/\/blogs.correiobraziliense.com.br\/aricunha\/?p=8281"},"modified":"2016-11-07T11:06:26","modified_gmt":"2016-11-07T13:06:26","slug":"violencia-e-coisa-nossa","status":"publish","type":"post","link":"https:\/\/blogs.correiobraziliense.com.br\/aricunha\/violencia-e-coisa-nossa\/","title":{"rendered":"Viol\u00eancia \u00e9 coisa nossa"},"content":{"rendered":"<p>DESDE 1960 \u00bb<\/p>\n<p>aricunha@dabr.com.br<\/p>\n<p>com Circe Cunha com MAMFIL<\/p>\n<p>Em um pa\u00eds em que a cada 9 minutos uma pessoa \u00e9 assassinada, n\u00e3o chega a ser surpresa o resultado do levantamento feito pelo Datafolha, a pedido do F\u00f3rum Brasileiro de Seguran\u00e7a P\u00fablica, mostrando que 57% da popula\u00e7\u00e3o defende a afirma\u00e7\u00e3o \u201cBandido bom \u00e9 bandido morto\u201d. No quesito viol\u00eancia, Bras\u00edlia n\u00e3o fica atr\u00e1s, pelo contr\u00e1rio, lidera. De acordo com o chamado Atlas da Viol\u00eancia 2016, a capital registra, em m\u00e9dia, dois assassinatos por dia. Uma taxa de 33,1 casos para cada grupo de 100 mil habitantes, acima da m\u00e9dia nacional, que \u00e9 de 29. Na regi\u00e3o metropolitana, a viol\u00eancia \u00e9 ainda maior, atingindo uma taxa de homic\u00eddio de 51,6 em cada 100 mil moradores.<\/p>\n<p>Dados de 2014 indicam que ocorreram 950 assassinatos no Distrito Federal, ou seja, 80 mortes por m\u00eas, a maior parte por arma da fogo. A intensidade dos casos de viol\u00eancia nos \u00faltimos anos deu ao Brasil o t\u00edtulo de pa\u00eds mais violento do mundo. De acordo com a ONG Vison of Humanity, o Brasil ocupa a 105\u00aa posi\u00e7\u00e3o entre 163 pa\u00edses pesquisados, quando o quesito \u00e9 na\u00e7\u00e3o pac\u00edfica. Ou seja, estamos na rabeira.<\/p>\n<p>Para os pesquisadores, entre os fatores que levaram nosso pa\u00eds a essa situa\u00e7\u00e3o de anormalidade est\u00e3o os esc\u00e2ndalos de corrup\u00e7\u00e3o generalizados. Chegamos a tal ponto de desorganiza\u00e7\u00e3o do Estado que hoje \u00e9 poss\u00edvel afirmar que de cada 10 brasileiros, seis querem a elimina\u00e7\u00e3o pura e simples dos bandidos. \u00c9 poss\u00edvel que, com os atuais n\u00fameros dessas pesquisas, o Brasil venha, num futuro pr\u00f3ximo, a adotar a pena de morte para criminosos. Faltando apenas consultar a popula\u00e7\u00e3o a respeito.<\/p>\n<p>Para muitos especialistas, entre as principais causas no aumento da viol\u00eancia, est\u00e3o aquelas relacionadas justamente com a corrup\u00e7\u00e3o que tomou conta do aparelho do Estado. Um Estado corrupto induz uma sociedade corrupta e violenta. A explica\u00e7\u00e3o \u00e9 simples: a corrup\u00e7\u00e3o nos tr\u00eas Poderes, como frequentemente divulgado nos notici\u00e1rios, ao criar um sentimento generalizado de inseguran\u00e7a jur\u00eddica, induz n\u00e3o s\u00f3 uma descren\u00e7a no governo, como tamb\u00e9m o cometimento de atos ilegais, inclusive, atos de viol\u00eancia.<\/p>\n<p>O exemplo, em todos os pa\u00edses do mundo, vem de cima, do comportamento exemplar dos membros do governo. O sonho de muito bandido p\u00e9 de chinelo e vir a se tornar figur\u00e3o na Rep\u00fablica, de prefer\u00eancia de colarinho branco, e foro privilegiado.<\/p>\n<p>A frase que n\u00e3o foi pronunciada<\/p>\n<p>\u201cA Pol\u00edcia Federal deu a dica para todos os pol\u00edticos e empres\u00e1rios que quiserem evitar o constrangimento de uma pris\u00e3o. Basta dizer n\u00e3o \u00e0 corrup\u00e7\u00e3o!\u201d<\/p>\n<p>Nas entrelinhas<\/p>\n<p>Navegando<\/p>\n<p>\u00bb Basta sair do pa\u00eds para atestar o abuso das operadoras que fornecem sinais ou velocidade de Internet aqui no Brasil. Com velocidade de carregamento e de transfer\u00eancia sofr\u00edvel e pre\u00e7os estratosf\u00e9ricos, \u00e9 uma prova certa de que o brasileiro vai continuar sendo explorado enquanto for complacente com servi\u00e7o de m\u00e1 qualidade.<\/p>\n<p>Em breve<\/p>\n<p>\u00bb Acabou de ser votada e aprovada pela Comiss\u00e3o de Seguran\u00e7a P\u00fablica na C\u00e2mara dos Deputados uma novidade. As penitenci\u00e1rias no Brasil podem ter equipamentos de filmagem e microfones.<\/p>\n<p>Release<\/p>\n<p>\u00bb Vai at\u00e9 7 de novembro a campanha \u201cBem-estar \u00e9 melhor que rem\u00e9dio\u201d, capitaneada por Gilcilene Chaer do Conselho Regional de Farm\u00e1cia do DF (CRF-DF). Trata-se da arrecada\u00e7\u00e3o de len\u00e7os de cabe\u00e7a que ser\u00e3o doados \u00e0 Rede Feminina de Combate ao C\u00e2ncer. Colorir e contribuir com o Dia Mundial Outubro Rosa. Entrega nas redes Drogaria Pacheco, DrogaFuji, Farm\u00e1cias Pague Menos e Drogaria Ros\u00e1rio.<\/p>\n<p>Campus Day<\/p>\n<p>\u00bb Vers\u00e3o reduzida de evento mundial tecnol\u00f3gico de inova\u00e7\u00e3o come\u00e7a em 5 de novembro em Bras\u00edlia, no Centro de Conven\u00e7oes Ulysses Guimar\u00e3es , das 14h \u00e0s 22h. Entre os destaques, est\u00e3o Joseph Olin, que \u00e9 um dos respons\u00e1veis pelo lan\u00e7amento da franquia Tom Raider, e o professor Dado Schneider, que traz a sua aclamada palestra muda. Mais informa\u00e7\u00f5es no site: http:\/\/campuse.ro\/events\/campus-day-Brasilia.<\/p>\n<p>Hist\u00f3ria de Bras\u00edlia<\/p>\n<p>Comiss\u00e3o de Inqu\u00e9rito para ouvi-lo \u00e9 tolice. Ele falar\u00e1 de qualquer jeito, em qualquer \u00e9poca, e o que ele disser \u00e9 o que a C\u00e2mara ter\u00e1 que acreditar mesmo. (Publicado em 16\/9\/1961)<\/p>\n","protected":false},"excerpt":{"rendered":"<p>DESDE 1960 \u00bb aricunha@dabr.com.br com Circe Cunha com MAMFIL Em um pa\u00eds em que a cada 9 minutos uma pessoa \u00e9 assassinada, n\u00e3o chega a ser surpresa o resultado do levantamento feito pelo Datafolha, a pedido do F\u00f3rum Brasileiro de Seguran\u00e7a P\u00fablica, mostrando que 57% da popula\u00e7\u00e3o defende a afirma\u00e7\u00e3o \u201cBandido bom \u00e9 bandido morto\u201d. No quesito viol\u00eancia, Bras\u00edlia n\u00e3o [&hellip;]<\/p>\n","protected":false},"author":34,"featured_media":0,"comment_status":"closed","ping_status":"closed","sticky":false,"template":"","format":"standard","meta":{"footnotes":""},"categories":[23],"tags":[],"class_list":["post-8281","post","type-post","status-publish","format-standard","hentry","category-integra"],"_links":{"self":[{"href":"https:\/\/blogs.correiobraziliense.com.br\/aricunha\/wp-json\/wp\/v2\/posts\/8281","targetHints":{"allow":["GET"]}}],"collection":[{"href":"https:\/\/blogs.correiobraziliense.com.br\/aricunha\/wp-json\/wp\/v2\/posts"}],"about":[{"href":"https:\/\/blogs.correiobraziliense.com.br\/aricunha\/wp-json\/wp\/v2\/types\/post"}],"author":[{"embeddable":true,"href":"https:\/\/blogs.correiobraziliense.com.br\/aricunha\/wp-json\/wp\/v2\/users\/34"}],"replies":[{"embeddable":true,"href":"https:\/\/blogs.correiobraziliense.com.br\/aricunha\/wp-json\/wp\/v2\/comments?post=8281"}],"version-history":[{"count":1,"href":"https:\/\/blogs.correiobraziliense.com.br\/aricunha\/wp-json\/wp\/v2\/posts\/8281\/revisions"}],"predecessor-version":[{"id":8282,"href":"https:\/\/blogs.correiobraziliense.com.br\/aricunha\/wp-json\/wp\/v2\/posts\/8281\/revisions\/8282"}],"wp:attachment":[{"href":"https:\/\/blogs.correiobraziliense.com.br\/aricunha\/wp-json\/wp\/v2\/media?parent=8281"}],"wp:term":[{"taxonomy":"category","embeddable":true,"href":"https:\/\/blogs.correiobraziliense.com.br\/aricunha\/wp-json\/wp\/v2\/categories?post=8281"},{"taxonomy":"post_tag","embeddable":true,"href":"https:\/\/blogs.correiobraziliense.com.br\/aricunha\/wp-json\/wp\/v2\/tags?post=8281"}],"curies":[{"name":"wp","href":"https:\/\/api.w.org\/{rel}","templated":true}]}}