{"id":8275,"date":"2016-11-02T03:02:34","date_gmt":"2016-11-02T05:02:34","guid":{"rendered":"https:\/\/blogs.correiobraziliense.com.br\/aricunha\/?p=8275"},"modified":"2016-11-07T11:03:32","modified_gmt":"2016-11-07T13:03:32","slug":"o-longo-caminho-para-democracia","status":"publish","type":"post","link":"https:\/\/blogs.correiobraziliense.com.br\/aricunha\/o-longo-caminho-para-democracia\/","title":{"rendered":"O longo caminho para a democracia"},"content":{"rendered":"<p>DESDE 1960 \u00bb<\/p>\n<p>aricunha@dabr.com.br<\/p>\n<p>com Circe Cunha com MAMFIL<\/p>\n<p>H\u00e1 2.500 anos, Buda ensinava que o percurso para a evolu\u00e7\u00e3o de cada indiv\u00edduo deveria ser trilhado pelo caminho do meio, longe dos extremismos. Ditado antigo, mas ainda hoje corrente em Portugal, aconselha: \u201cNem tanta fome ao p\u00e3o nem tanta sede ao vinho\u201d. Transpostos para o mundo da pol\u00edtica, no qual a virtude n\u00e3o se confunde necessariamente com a \u00e9tica, temos que o ponto de equil\u00edbrio entre a esquerda raivosa e a direita saudosista dos idos de 1964 \u00e9 dado pelos partidos que orbitam o centro.<\/p>\n<p>No Brasil, contudo, as legendas que pairam a meio caminho n\u00e3o o fazem por raz\u00f5es de equil\u00edbrio ou de apaziguamento das tens\u00f5es, mas por motivos puramente pragm\u00e1ticos. Para onde o vento soprar \u00e9 para onde as legendas neutras h\u00e3o de navegar, n\u00e3o importando quem esteja no leme. N\u00e3o \u00e9 por outra raz\u00e3o que esses partidos v\u00eam saindo quase inc\u00f3lumes das crises pol\u00edticas. Para se manter nesse estado de morto-vivos, as siglas, inclusive, abriram m\u00e3o de lan\u00e7ar candidatos \u00e0 Presid\u00eancia da Rep\u00fablica em muitas oportunidades, esperando tranquilamente a chegada do novo hospedeiro eleito.<\/p>\n<p>Ali\u00e1s, o pr\u00f3prio PT se distanciou tanto de suas ra\u00edzes que bastou um pouco mais de uma d\u00e9cada no poder para se desgastar a ponto de praticamente desaparecer nesta \u00faltima elei\u00e7\u00e3o. O que mant\u00e9m a legenda ainda respirando s\u00e3o alguns correligion\u00e1rios que tomaram a sigla como uma esp\u00e9cie de religi\u00e3o, em que n\u00e3o cabem mais an\u00e1lises racionais. Para esses cr\u00e9dulos, quem perdeu de fato nas \u00faltimas elei\u00e7\u00f5es n\u00e3o foi a legenda, mas a popula\u00e7\u00e3o. Tanto o caminho do meio quanto o caminho marginal \u00e0 esquerda adotado pelo PT se revelaram uma falsa trilha rumo \u00e0 democracia e explicam por que ainda \u00e9 longa a estrada a percorrer at\u00e9 que a sociedade se veja abrigada em bom porto. De uma coisa j\u00e1 podemos ter absoluta certeza: precisamos de novas naus para chegarmos l\u00e1.<\/p>\n<p>A frase que foi pronunciada<\/p>\n<p>\u201c\u00c9 necess\u00e1rio cuidar da \u00e9tica para n\u00e3o anestesiarmos a nossa consci\u00eancia e come\u00e7armos a achar que tudo \u00e9 normal.\u201d<\/p>\n<p>Mario Sergio Cortella<\/p>\n<p>Lan\u00e7amento<\/p>\n<p>\u00bb Na sexta-feira, dia 4,  a partir das 19h, no Carpe Diem, na 104 Sul, o coronel Reinaldo Correia Moreira vai lan\u00e7ar a edi\u00e7\u00e3o revisada  do livro de sua autoria: Amaz\u00f4nia, terrivelmente bela. A renda do evento ir\u00e1 para o Instituto Chamaeleon\u201d que desde 2007 apoia o pessoal local.<\/p>\n<p>Pedra funcamental<\/p>\n<p>\u00bb O vice-presidente de Angola, Manuel Domingos Vicente, o ministro de Rela\u00e7\u00f5es Exteriores de Angola, Georges Chikoti, e o embaixador de Angola, Nelson Cosme, lan\u00e7aram, com a presen\u00e7a do governador Rodrigo Rollemberg, a pedra fundamental da Embaixada de Angola em Bras\u00edlia. Durante o evento foi entregue a escritura do terreno \u00e0 Secretaria de Patrim\u00f4nio da Uni\u00e3o.<\/p>\n<p>Oportunidade<\/p>\n<p>\u00bb Im\u00f3veis residenciais, comerciais, urbanos, todos j\u00e1 com habite-se. Essa \u00e9 uma oportunidade para quem quiser comprar os im\u00f3veis do BRB no DF, Goi\u00e1s, S\u00e3o Paulo e Mato Grosso que ser\u00e3o vendidos em condi\u00e7\u00f5es especiais. Cristiane Bukowitz, diretora de Gest\u00e3o de Pessoas e Administra\u00e7\u00e3o do BRB, declarou que tanto o banco quanto os compradores estar\u00e3o em vantagem. De um lado, os pre\u00e7os competitivos, de outro, a desmobiliza\u00e7\u00e3o desse capital.<\/p>\n<p>Santa Helena<\/p>\n<p>\u00bb Caroline trabalha na triagem da emerg\u00eancia do Hospital Santa Helena. Uma pessoa carinhosa, t\u00e9cnica com o dom para a profiss\u00e3o. Ouve os pacientes, atende com cuidado genu\u00edno. Quem \u00e9 bom no que faz merece elogios.<\/p>\n<p>Homenagem<\/p>\n<p>\u00bb Foi a 10\u00aa edi\u00e7\u00e3o dos Parceiros da Imprensa, iniciativa da UnB para homenagear os professores que geraram not\u00edcias com o trabalho, pesquisa e  dedica\u00e7\u00e3o. O convite veio pelas m\u00e3os de T\u00e2nia Fontenele.<\/p>\n<p>No m\u00ednimo<\/p>\n<p>\u00bb Muito bom Bras\u00edlia sair na linha de frente, como as cidades civilizadas, educando pelo bolso com a cobran\u00e7a de multas pesadas. Falta s\u00f3 a contrapartida. Se o Detran aumenta as multas, deveria pelo menos estar presente nas ruas do DF nos dias de chuva para orientar o tr\u00e2nsito.<\/p>\n<p>Seguran\u00e7a<\/p>\n<p>\u00bb Por falar em Detran, a entrada do SMLN, Trecho 9, na estrada do Parano\u00e1, precisa urgentemente de uma barreira eletr\u00f4nica. Ali sim, a multa serviria para proteger os motoristas. A curva \u00e9 trai\u00e7oeira. Quem n\u00e3o conhece e corre derruba os postes, como aconteceu na semana passada e em outras semanas. Hora de mudar.<\/p>\n<p>Hist\u00f3ria de Bras\u00edlia<\/p>\n<p>Enquanto isso, a C\u00e2mara inicia mais uma comiss\u00e3o de inqu\u00e9rito que n\u00e3o ter\u00e1 fim, e proporcionar\u00e1 boas viagens ao estrangeiro a mais representantes do povo. \u00c9, inclusive infantil, o argumento de ouvir do pr\u00f3prio sr. J\u00e2nio Quadros a vers\u00e3o de sua ren\u00fancia, porque ele dir\u00e1 o que bem entender, e dir\u00e1, certamente, alguma coisa que possa agradar o povo, mesmo que n\u00e3o corresponda \u00e0 verdade. (Publicado em 16\/9\/1961)<\/p>\n","protected":false},"excerpt":{"rendered":"<p>DESDE 1960 \u00bb aricunha@dabr.com.br com Circe Cunha com MAMFIL H\u00e1 2.500 anos, Buda ensinava que o percurso para a evolu\u00e7\u00e3o de cada indiv\u00edduo deveria ser trilhado pelo caminho do meio, longe dos extremismos. Ditado antigo, mas ainda hoje corrente em Portugal, aconselha: \u201cNem tanta fome ao p\u00e3o nem tanta sede ao vinho\u201d. Transpostos para o mundo da pol\u00edtica, no qual [&hellip;]<\/p>\n","protected":false},"author":34,"featured_media":0,"comment_status":"closed","ping_status":"closed","sticky":false,"template":"","format":"standard","meta":{"footnotes":""},"categories":[23],"tags":[],"class_list":["post-8275","post","type-post","status-publish","format-standard","hentry","category-integra"],"_links":{"self":[{"href":"https:\/\/blogs.correiobraziliense.com.br\/aricunha\/wp-json\/wp\/v2\/posts\/8275","targetHints":{"allow":["GET"]}}],"collection":[{"href":"https:\/\/blogs.correiobraziliense.com.br\/aricunha\/wp-json\/wp\/v2\/posts"}],"about":[{"href":"https:\/\/blogs.correiobraziliense.com.br\/aricunha\/wp-json\/wp\/v2\/types\/post"}],"author":[{"embeddable":true,"href":"https:\/\/blogs.correiobraziliense.com.br\/aricunha\/wp-json\/wp\/v2\/users\/34"}],"replies":[{"embeddable":true,"href":"https:\/\/blogs.correiobraziliense.com.br\/aricunha\/wp-json\/wp\/v2\/comments?post=8275"}],"version-history":[{"count":1,"href":"https:\/\/blogs.correiobraziliense.com.br\/aricunha\/wp-json\/wp\/v2\/posts\/8275\/revisions"}],"predecessor-version":[{"id":8277,"href":"https:\/\/blogs.correiobraziliense.com.br\/aricunha\/wp-json\/wp\/v2\/posts\/8275\/revisions\/8277"}],"wp:attachment":[{"href":"https:\/\/blogs.correiobraziliense.com.br\/aricunha\/wp-json\/wp\/v2\/media?parent=8275"}],"wp:term":[{"taxonomy":"category","embeddable":true,"href":"https:\/\/blogs.correiobraziliense.com.br\/aricunha\/wp-json\/wp\/v2\/categories?post=8275"},{"taxonomy":"post_tag","embeddable":true,"href":"https:\/\/blogs.correiobraziliense.com.br\/aricunha\/wp-json\/wp\/v2\/tags?post=8275"}],"curies":[{"name":"wp","href":"https:\/\/api.w.org\/{rel}","templated":true}]}}