{"id":8270,"date":"2016-10-30T01:11:39","date_gmt":"2016-10-30T03:11:39","guid":{"rendered":"https:\/\/blogs.correiobraziliense.com.br\/aricunha\/?p=8270"},"modified":"2016-11-07T11:00:43","modified_gmt":"2016-11-07T13:00:43","slug":"escolas-ocupadas-mentes-desocupadas","status":"publish","type":"post","link":"https:\/\/blogs.correiobraziliense.com.br\/aricunha\/escolas-ocupadas-mentes-desocupadas\/","title":{"rendered":"Escolas ocupadas, mentes desocupadas"},"content":{"rendered":"<p>DESDE 1960 \u00bb<\/p>\n<p>aricunha@dabr.com.br<\/p>\n<p>com Circe Cunha com MAMFIL<\/p>\n<p>De acordo com balan\u00e7o divulgado pela Uni\u00e3o Brasileira dos Estudantes Secundaristas (Ubes), mais de mil escolas est\u00e3o ocupadas hoje em todo o pa\u00eds. O mote para a tomada desses estabelecimentos de ensino \u00e9 protestar contra a Proposta de Emenda \u00e0 Constitui\u00e7\u00e3o (PEC 241\/2016), que limita os gastos do governo, e tamb\u00e9m contra a a Medida Provis\u00f3ria (MP 746\/2016), que prop\u00f5e a reforma do ensino m\u00e9dio.<\/p>\n<p>N\u00e3o querendo entrar no m\u00e9rito das duas propostas, que a maioria das pessoas com um pouco de lucidez acha oportuna, o que se tem com esses movimentos \u00e9 o lado cruel da abdu\u00e7\u00e3o indiscriminada de pessoas desinformadas para causas que dizem respeito apenas \u00e0s estrat\u00e9gias ideol\u00f3gicas tra\u00e7adas por determinados partidos, os mesmos que conduziram o pa\u00eds ao atual beco sem sa\u00edda.<\/p>\n<p>Ningu\u00e9m discute o fato de que \u00e9 do m\u00e9tier dos jovens estudantes lutar por um pa\u00eds diferente e melhor. Essa inclusive \u00e9 a condi\u00e7\u00e3o sine qua non para todo o progresso e evolu\u00e7\u00e3o. Mas o que vem ocorrendo agora n\u00e3o passa da velha estrat\u00e9gia dos partidos de utilizar massa de manobra para outros fins, ou mais precisamente, a deflagra\u00e7\u00e3o de um movimento crescente com vistas a desestabilizar o ainda governo provis\u00f3rio de Michel Temer.<\/p>\n<p>Rep\u00f3rteres que tiveram a oportunidade de fazer entrevistas com esses alunos por todo o pa\u00eds puderam constatar que a maioria deles n\u00e3o sabia discorrer sobre o que trata exatamente essas duas mudan\u00e7as propostas pelo atual governo e que motivaram a ocupa\u00e7\u00e3o das escolas. Alguns, mais articulados, se limitavam a repetir chav\u00f5es pr\u00e9-elaborados pelos l\u00edderes dos movimentos, numa demonstra\u00e7\u00e3o de que estavam ali apenas para fazer n\u00famero e figura\u00e7\u00e3o.<\/p>\n<p>Examinada de perto, a 241, mesmo propondo um novo regime fiscal para o pa\u00eds, n\u00e3o reduzir\u00e1 os repasses para educa\u00e7\u00e3o. De acordo com o governo, em 2016 a pasta contou com R$ 129,96 bilh\u00f5es e, em 2017, esse valor ser\u00e1 ajustado em 7%, passando para R$ 138,97 bilh\u00f5es. Embora sejam valores significativos, especialistas em educa\u00e7\u00e3o asseguraram que mais do que verbas, o que \u00e9 preciso agora \u00e9 de um correto plano nacional para racionalizar as despesas e eliminar desperd\u00edcios. O que muitos n\u00e3o sabem tamb\u00e9m \u00e9 que a reforma do ensino m\u00e9dio tramita no Legislativo desde 1998 e j\u00e1 passou por diversas audi\u00eancias p\u00fablicas ao longo desse per\u00edodo. Mesmo assim, o governo n\u00e3o tem feito restri\u00e7\u00f5es a que esse assunto continue sob o foco dos debates.<\/p>\n<p>O vigor e a disposi\u00e7\u00e3o desses alunos em ocupar os pr\u00e9dios p\u00fablicos poderiam ser direcionados para tarefas mais \u00fateis, como a reforma f\u00edsica das escolas, tal como \u00e9 feito em pa\u00edses como o Jap\u00e3o, onde os alunos participam da limpeza, pintura dos pr\u00e9dios e consertos em geral. Essa disposi\u00e7\u00e3o tamb\u00e9m deveria ser direcionada \u00e0 luta por escolas em tempo integral, como t\u00eam h\u00e1 anos a maioria dos pa\u00edses desenvolvidos.<\/p>\n<p>A frase que foi pronunciada<\/p>\n<p>\u201cQuando se faz escolha pela interrup\u00e7\u00e3o, n\u00e3o \u00e9 escolha f\u00e1cil. \u00c9 tr\u00e1gica sempre. \u00c9 a escolha do poss\u00edvel dentro de uma situa\u00e7\u00e3o extremamente dif\u00edcil. A escolha \u00e9 de qual \u00e9 a menor dor.\u201d<\/p>\n<p>C\u00e1rmen L\u00facia, presidente do STF<\/p>\n<p>Kit obstru\u00e7\u00e3o<\/p>\n<p>\u00bb Os deputados federais j\u00e1 deram um nome para a atitude do Partido dos Trabalhadores nas vota\u00e7\u00f5es de projetos que visam diminuir ou recuperar o estrago feito no pa\u00eds por incompet\u00eancia, neglig\u00eancia, imper\u00edcia e esperteza.<\/p>\n<p>Mais essa<\/p>\n<p>\u00bb Em 2012 eram 105 prefeituras a menos comandadas pelo PSDB. Disse o deputado federal pelo DF, Izalci, que agora \u00e9 o momento de arrega\u00e7ar as mangas para corrigir o desemprego, a quebradeira e o deficit nominal de R$ 170 bilh\u00f5es.<\/p>\n<p>Hist\u00f3ria de Bras\u00edlia<\/p>\n<p>Todas essas vers\u00f5es est\u00e3o surgindo por causa do pr\u00f3prio sr. J\u00e2nio Quadros, que n\u00e3o deu a p\u00fablico as raz\u00f5es do seu gesto. Se isso tivesse feito, estar\u00edamos, hoje, com a hist\u00f3ria j\u00e1 escrita, e deixariam de surgir as hip\u00f3teses mais absurdas, como t\u00eam surgido. (Publicado em 16\/9\/1961)<\/p>\n","protected":false},"excerpt":{"rendered":"<p>DESDE 1960 \u00bb aricunha@dabr.com.br com Circe Cunha com MAMFIL De acordo com balan\u00e7o divulgado pela Uni\u00e3o Brasileira dos Estudantes Secundaristas (Ubes), mais de mil escolas est\u00e3o ocupadas hoje em todo o pa\u00eds. O mote para a tomada desses estabelecimentos de ensino \u00e9 protestar contra a Proposta de Emenda \u00e0 Constitui\u00e7\u00e3o (PEC 241\/2016), que limita os gastos do governo, e tamb\u00e9m [&hellip;]<\/p>\n","protected":false},"author":34,"featured_media":0,"comment_status":"closed","ping_status":"closed","sticky":false,"template":"","format":"standard","meta":{"footnotes":""},"categories":[23],"tags":[],"class_list":["post-8270","post","type-post","status-publish","format-standard","hentry","category-integra"],"_links":{"self":[{"href":"https:\/\/blogs.correiobraziliense.com.br\/aricunha\/wp-json\/wp\/v2\/posts\/8270","targetHints":{"allow":["GET"]}}],"collection":[{"href":"https:\/\/blogs.correiobraziliense.com.br\/aricunha\/wp-json\/wp\/v2\/posts"}],"about":[{"href":"https:\/\/blogs.correiobraziliense.com.br\/aricunha\/wp-json\/wp\/v2\/types\/post"}],"author":[{"embeddable":true,"href":"https:\/\/blogs.correiobraziliense.com.br\/aricunha\/wp-json\/wp\/v2\/users\/34"}],"replies":[{"embeddable":true,"href":"https:\/\/blogs.correiobraziliense.com.br\/aricunha\/wp-json\/wp\/v2\/comments?post=8270"}],"version-history":[{"count":1,"href":"https:\/\/blogs.correiobraziliense.com.br\/aricunha\/wp-json\/wp\/v2\/posts\/8270\/revisions"}],"predecessor-version":[{"id":8271,"href":"https:\/\/blogs.correiobraziliense.com.br\/aricunha\/wp-json\/wp\/v2\/posts\/8270\/revisions\/8271"}],"wp:attachment":[{"href":"https:\/\/blogs.correiobraziliense.com.br\/aricunha\/wp-json\/wp\/v2\/media?parent=8270"}],"wp:term":[{"taxonomy":"category","embeddable":true,"href":"https:\/\/blogs.correiobraziliense.com.br\/aricunha\/wp-json\/wp\/v2\/categories?post=8270"},{"taxonomy":"post_tag","embeddable":true,"href":"https:\/\/blogs.correiobraziliense.com.br\/aricunha\/wp-json\/wp\/v2\/tags?post=8270"}],"curies":[{"name":"wp","href":"https:\/\/api.w.org\/{rel}","templated":true}]}}