{"id":8241,"date":"2016-10-19T03:19:21","date_gmt":"2016-10-19T05:19:21","guid":{"rendered":"https:\/\/blogs.correiobraziliense.com.br\/aricunha\/?p=8241"},"modified":"2016-10-20T06:24:07","modified_gmt":"2016-10-20T08:24:07","slug":"improbidade-administrativa-e-as-nossas-consequencias","status":"publish","type":"post","link":"https:\/\/blogs.correiobraziliense.com.br\/aricunha\/improbidade-administrativa-e-as-nossas-consequencias\/","title":{"rendered":"A improbidade administrativa e as nossas consequ\u00eancias"},"content":{"rendered":"<p>DESDE 1960 \u00bb<\/p>\n<p>aricunha@dabr.com.br<\/p>\n<p>com Circe Cunha e MAMFIL<\/p>\n<p>De todos os efeitos negativos provocados pelo Estado \u2014 a neglig\u00eancia na prote\u00e7\u00e3o da popula\u00e7\u00e3o, a imprud\u00eancia em verificar o gasto de verba p\u00fablica e a imper\u00edcia em gerenciar o pa\u00eds \u2014  a corrup\u00e7\u00e3o  \u00e9  uma das maiores roedoras de um futuro pr\u00f3spero e saud\u00e1vel para o pa\u00eds. Pelos reflexos e a desorganiza\u00e7\u00e3o que provoca na m\u00e1quina p\u00fabica, os problemas desaguam no bolso de quem paga imposto, ou seja, toda a popula\u00e7\u00e3o. Os resultados das ilicitudes aqui tratadas  tocam cada um de n\u00f3s de uma maneira ou de outra.<\/p>\n<p>Como uma l\u00e2mina fina e fria do canivete que o ladr\u00e3o encosta na sua garganta, voc\u00ea faz o que n\u00e3o quer fazer, paga o que n\u00e3o deve, reclama e pronto. A corrup\u00e7\u00e3o encarece os servi\u00e7os prestados, piora a qualidade do funcionamento de toda cadeia produtiva. O emprego com um bom sal\u00e1rio, o reconhecimento pelo esfor\u00e7o no dia a dia, a viagem que teria todo o direito de fazer pelo pa\u00eds, a corrup\u00e7\u00e3o engole tudo isso.<\/p>\n<p>Quando h\u00e1 improbidade administrativa, com desvios de verba ou malversa\u00e7\u00e3o do dinheiro p\u00fablico, \u00e9 em voc\u00ea, \u00e9 no seu pesco\u00e7o que aquele friozinho encosta. Voc\u00ea, seus filhos, netos, pais,  toda a sociedade \u00e9 prejudicada. Dito de outra forma, a corrup\u00e7\u00e3o e os servi\u00e7os prestados pelo Estado para a popula\u00e7\u00e3o que mais necessita v\u00e3o aos poucos entrando em um c\u00edrculo vicioso. Por que faltam m\u00e9dicos nos hospitais p\u00fablicos, transporte coletivo decente, educa\u00e7\u00e3o competente e seguran\u00e7a m\u00ednima \u00e0 popula\u00e7\u00e3o? Direito individual? Coletivo? Difuso? Direito arrancado. Dinheiro n\u00e3o falta. Falta gest\u00e3o, falta quem reclame por uma ger\u00eancia melhor. Leis n\u00e3o faltam. Falta quem as interprete de forma a respeitar quem paga os impostos.<\/p>\n<p>Quando sobra corrup\u00e7\u00e3o e falta dinheiro, o que acontece? Os impostos aumentam e a popula\u00e7\u00e3o empobrece. \u00c9 ao cidad\u00e3o comum, colocado na ponta final do sistema, que caber\u00e1 arcar com esse desarranjo na economia, causado, em grande parte, por esse c\u00e2ncer chamado corrup\u00e7\u00e3o, c\u00edvel ou criminal. Essas c\u00e9lulas loucas que se reproduzem em meio a um ambiente sem puni\u00e7\u00e3o exemplar. Bilh\u00f5es desviados s\u00e3o trocados por alguns anos de cadeia. Onde est\u00e1 o dinheiro? Poucos sabem. Mas a S\u00famula 284 do STF \u00e9 clara: \u201c\u00c9 inadmiss\u00edvel o recurso extraordin\u00e1rio, quando a defici\u00eancia na sua fundamenta\u00e7\u00e3o n\u00e3o permitir a exata compreens\u00e3o da controv\u00e9rsia\u201d. Ou seja, quando resolver arrega\u00e7ar as mangas e colocar esse pa\u00eds em ordem, tenha certeza que cada nexo causal esteja enquadrado na forma. \u00c9 preciso primar na efici\u00eancia da fundamenta\u00e7\u00e3o e deixar clara a controv\u00e9rsia. Cristalinamente clara.<\/p>\n<p>A frase que n\u00e3o foi pronunciada<\/p>\n<p>\u201cAjude a CEB e a Caesb economizando no consumo e ganhe uma conta com valor mais alto!\u201d<\/p>\n<p>A frase n\u00e3o foi pronunciada, foi executada<\/p>\n<p>Com o tempo<\/p>\n<p>\u00bb O desn\u00edvel entre professores e alunos em termos de tecnologia tem sido cada vez maior. Poucos s\u00e3o os mestres afeitos a m\u00eddias sociais e ao uso criativo de tecnologia durante as aulas. Marcus Garcia, professor e especialista em intelig\u00eancia motivacional, tem feito importantes palestras sobre o uso da tecnologia a servi\u00e7o da aprendizagem. \u00c9 s\u00f3 contatar o Instituto Superior de Administra\u00e7\u00e3o e Economia do Paran\u00e1 para workshops.<\/p>\n<p>De olho<\/p>\n<p>\u00bb Na sa\u00edda do Lago Norte, a \u00e1rea destinada a um parque j\u00e1 est\u00e1 com as cercas no ch\u00e3o. Seria bom que a comunidade se organizasse para saber o que est\u00e1 acontecendo, antes que seja tarde.<\/p>\n<p>OIT<\/p>\n<p>\u00bb Ver na capital do Brasil, um caminh\u00e3o com dois homens pendurados atr\u00e1s, respirando puro ar de lixo \u00e0s 3h30 da manh\u00e3, vai contra todos os conceitos de dignidade humana.<\/p>\n<p>Do\u00e7ura<\/p>\n<p>\u00bb B\u00e1rbara, delicada como todas as meninas da mesma idade, disse para Andrea Visconte: \u201cMam\u00e3e, voc\u00ea est\u00e1 com um cheirinho t\u00e3o bom\u201d. \u201cCheirinho de que, B\u00e1rbara?\u201d, indagou a m\u00e3e.  \u201cDe mam\u00e3e\u201d, respondeu a menina.<\/p>\n<p>Hist\u00f3ria de Bras\u00edlia<\/p>\n<p>Muita coisa mais passou por todo este tempo. Hoje, uma lembran\u00e7a vaga nos d\u00e1 id\u00e9ia da cidade que vimos, e \u00e0s vezes, quando encontramos as avenidas iluminadas, as pistas sem desvios, nem lembramos das dificuldades de outrora. Parece que sempre Bras\u00edlia foi assim&#8230; (Publicado em 15\/9\/1961)<\/p>\n","protected":false},"excerpt":{"rendered":"<p>DESDE 1960 \u00bb aricunha@dabr.com.br com Circe Cunha e MAMFIL De todos os efeitos negativos provocados pelo Estado \u2014 a neglig\u00eancia na prote\u00e7\u00e3o da popula\u00e7\u00e3o, a imprud\u00eancia em verificar o gasto de verba p\u00fablica e a imper\u00edcia em gerenciar o pa\u00eds \u2014 a corrup\u00e7\u00e3o \u00e9 uma das maiores roedoras de um futuro pr\u00f3spero e saud\u00e1vel para o pa\u00eds. Pelos reflexos e [&hellip;]<\/p>\n","protected":false},"author":34,"featured_media":0,"comment_status":"closed","ping_status":"closed","sticky":false,"template":"","format":"standard","meta":{"footnotes":""},"categories":[23],"tags":[],"class_list":["post-8241","post","type-post","status-publish","format-standard","hentry","category-integra"],"_links":{"self":[{"href":"https:\/\/blogs.correiobraziliense.com.br\/aricunha\/wp-json\/wp\/v2\/posts\/8241","targetHints":{"allow":["GET"]}}],"collection":[{"href":"https:\/\/blogs.correiobraziliense.com.br\/aricunha\/wp-json\/wp\/v2\/posts"}],"about":[{"href":"https:\/\/blogs.correiobraziliense.com.br\/aricunha\/wp-json\/wp\/v2\/types\/post"}],"author":[{"embeddable":true,"href":"https:\/\/blogs.correiobraziliense.com.br\/aricunha\/wp-json\/wp\/v2\/users\/34"}],"replies":[{"embeddable":true,"href":"https:\/\/blogs.correiobraziliense.com.br\/aricunha\/wp-json\/wp\/v2\/comments?post=8241"}],"version-history":[{"count":1,"href":"https:\/\/blogs.correiobraziliense.com.br\/aricunha\/wp-json\/wp\/v2\/posts\/8241\/revisions"}],"predecessor-version":[{"id":8242,"href":"https:\/\/blogs.correiobraziliense.com.br\/aricunha\/wp-json\/wp\/v2\/posts\/8241\/revisions\/8242"}],"wp:attachment":[{"href":"https:\/\/blogs.correiobraziliense.com.br\/aricunha\/wp-json\/wp\/v2\/media?parent=8241"}],"wp:term":[{"taxonomy":"category","embeddable":true,"href":"https:\/\/blogs.correiobraziliense.com.br\/aricunha\/wp-json\/wp\/v2\/categories?post=8241"},{"taxonomy":"post_tag","embeddable":true,"href":"https:\/\/blogs.correiobraziliense.com.br\/aricunha\/wp-json\/wp\/v2\/tags?post=8241"}],"curies":[{"name":"wp","href":"https:\/\/api.w.org\/{rel}","templated":true}]}}