{"id":8233,"date":"2016-10-16T09:37:46","date_gmt":"2016-10-16T11:37:46","guid":{"rendered":"https:\/\/blogs.correiobraziliense.com.br\/aricunha\/?p=8233"},"modified":"2016-10-17T11:38:48","modified_gmt":"2016-10-17T13:38:48","slug":"exodo-sem-aporte","status":"publish","type":"post","link":"https:\/\/blogs.correiobraziliense.com.br\/aricunha\/exodo-sem-aporte\/","title":{"rendered":"\u00caxodo sem aporte"},"content":{"rendered":"<p>DESDE 1960 \u00bb<\/p>\n<p>aricunha@dabr.com.br<\/p>\n<p>com Circe Cunha e MAMFIL<\/p>\n<p>Mais do que uma heran\u00e7a deixada pela irresponsabilidade dos governos de Lula e Dilma, a vinda de imigrantes, em condi\u00e7\u00f5es prec\u00e1rias e desumanas do Haiti e, agora, da Venezuela, revela o verdadeiro lado oculto da pol\u00edtica externa brasileira, em um tempo em que o Itamaraty foi usado como instrumento para a instala\u00e7\u00e3o do pa\u00eds como membro permanente do Conselho de Seguran\u00e7a da ONU, mas, sobretudo, para garantir a ascens\u00e3o internacional do ex-presidente, abrindo-lhes as portas para o comando da Secretaria-Geral daquele organismo multilateral.<\/p>\n<p>Os fatores que permitiram a vinda apressada e em grandes levas desses e de outros imigrantes obedeceram a l\u00f3gica racional e estrat\u00e9gica que pouco tem haver com quest\u00f5es humanit\u00e1rias, propriamente ditas Seguiram, isto sim, a l\u00f3gica fria de momento, arquitetada para, entre outros motivos, difundir no continente e alhures a ideologia do bolivarianismo .<\/p>\n<p>Feito sem planejamento e, por vezes, por meio dos chamados coyotes (traficantes de pessoas), o Brasil assistiu, nos \u00faltimos 10 anos, ao crescimento in\u00e9dito no n\u00famero de refugiados. Segundo a Pol\u00edcia Federal, em pouco menos de uma d\u00e9cada, houve um aumento de 160% de imigrantes. Somente no ano passado, mais de 120 mil estrangeiros entraram no pa\u00eds.<\/p>\n<p>Se num primeiro momento foram essas as verdadeiras inten\u00e7\u00f5es do governo brasileiro, a crise econ\u00f4mica mundial, a fal\u00eancia pol\u00edtica da Venezuela, terremotos, terrorismo e outras cat\u00e1strofes aceleraram ainda mais a vinda de imigrantes e de refugiados de todas as partes do planeta, com consequ\u00eancias s\u00e9rias, n\u00e3o somente para eles, mas para a popula\u00e7\u00e3o local.<\/p>\n<p>A quest\u00e3o dos venezuelanos em Roraima \u00e9 encarada como crise humanit\u00e1ria. O que parece estar ocorrendo naquele pa\u00eds, antigo aliado do governo petista, \u00e9 um \u00eaxodo sem precedentes da popula\u00e7\u00e3o, provocado pela insanidade de um governo desp\u00f3tico e inoperante.<\/p>\n<p>O Acre e Roraima vivem hoje estado de emerg\u00eancia, com milhares de imigrantes alojados em condi\u00e7\u00f5es subumanas, com a acelera\u00e7\u00e3o nos pre\u00e7os dos alimentos, aumento da viol\u00eancia, da prostitui\u00e7\u00e3o e sobrecarga nos servi\u00e7os p\u00fablicos de atendimento. Fossem seguidos, desde o primeiro momento, par\u00e2metros puramente humanit\u00e1rios para o acolhimento dos imigrantes, a situa\u00e7\u00e3o poderia ter sido precedida do devido planejamento e n\u00e3o ocorreriam situa\u00e7\u00f5es cr\u00edticas para estrangeiros e brasileiros. O Brasil tem espa\u00e7o suficiente para abrigar todos aqueles que vierem por bem em busca de uma vida digna e para somar esfor\u00e7os em prol de um mundo mais justo, mas o planejamento \u00e9 fundamental.<\/p>\n<p>A frase que foi pronunciada<\/p>\n<p>\u201cQuando os homens testemunham de si mesmos, uma coisa \u00e9 o que s\u00e3o,  e outra coisa \u00e9 o que dizem.\u201d<\/p>\n<p>Padre Vieira<\/p>\n<p>Mais um!<\/p>\n<p>Carlos Penna Brescianini chama a aten\u00e7\u00e3o para o abandono das esta\u00e7\u00f5es prontas \u2014 como Estrada Parque, em \u00c1guas Claras \u2014 e das quase prontas \u2014 como 104Sul, 106 Sul, 110 Sul e Onoyama (Taguatinga). Cada governo que passa retira o dinheiro do metr\u00f4 e usa para fazer viadutos e vias para BRTs.<\/p>\n<p>Leitura<\/p>\n<p>Jos\u00e9 Vitor Canabrava estava aprendendo a ler. Nenhuma placa da rua lhe escapava. Durante as f\u00e9rias com a tia, em Florian\u00f3polis, ele percebeu alguma coisa diferente e perguntou para a tia Simone: \u201cTia, por que aqui todo mundo vende ou aluga apito?\u201d Depois de uma sonora gargalhada, veio a explica\u00e7\u00e3o: \u201c\u00c9 apartamento, meu querido\u201d.<\/p>\n<p>Vergonha<\/p>\n<p>A Monsanto se vendeu para a Bayer. O mundo est\u00e1 desvendando o mal dos t\u00f3xicos transg\u00eanicos. Enquanto isso, abelhas rob\u00f4s s\u00e3o criadas para polinizar o que os transg\u00eanicos n\u00e3o permitem. E o mel? O robozinho \u00e9 capaz de produzir?<\/p>\n<p>Mist\u00e9rios<\/p>\n<p>Essa foi da Luana, filha da M\u00e1rcia Margareth Rosa. Todo mundo \u00e0 beira do riacho, Luana pergunta para amiga da m\u00e3e que estava gr\u00e1vida: \u201cPor que sua barriga \u00e9 t\u00e3o grande?\u201d Veio a resposta: \u201cPorque tem um bebezinho dentro dela\u201d. \u201cE como voc\u00ea engoliu?\u201d, perguntou assustada, a pequena.<\/p>\n<p>Hist\u00f3ria de Bras\u00edlia<\/p>\n<p>Bem que poderiam encomendar uma boa escultura de uma pomba, e se fazer um monumento a essas pequenas aves, que n\u00e3o foram da paz no governo que se foi. (Publicado em 30\/8\/1961)<\/p>\n","protected":false},"excerpt":{"rendered":"<p>DESDE 1960 \u00bb aricunha@dabr.com.br com Circe Cunha e MAMFIL Mais do que uma heran\u00e7a deixada pela irresponsabilidade dos governos de Lula e Dilma, a vinda de imigrantes, em condi\u00e7\u00f5es prec\u00e1rias e desumanas do Haiti e, agora, da Venezuela, revela o verdadeiro lado oculto da pol\u00edtica externa brasileira, em um tempo em que o Itamaraty foi usado como instrumento para a [&hellip;]<\/p>\n","protected":false},"author":34,"featured_media":0,"comment_status":"closed","ping_status":"closed","sticky":false,"template":"","format":"standard","meta":{"footnotes":""},"categories":[23],"tags":[],"class_list":["post-8233","post","type-post","status-publish","format-standard","hentry","category-integra"],"_links":{"self":[{"href":"https:\/\/blogs.correiobraziliense.com.br\/aricunha\/wp-json\/wp\/v2\/posts\/8233","targetHints":{"allow":["GET"]}}],"collection":[{"href":"https:\/\/blogs.correiobraziliense.com.br\/aricunha\/wp-json\/wp\/v2\/posts"}],"about":[{"href":"https:\/\/blogs.correiobraziliense.com.br\/aricunha\/wp-json\/wp\/v2\/types\/post"}],"author":[{"embeddable":true,"href":"https:\/\/blogs.correiobraziliense.com.br\/aricunha\/wp-json\/wp\/v2\/users\/34"}],"replies":[{"embeddable":true,"href":"https:\/\/blogs.correiobraziliense.com.br\/aricunha\/wp-json\/wp\/v2\/comments?post=8233"}],"version-history":[{"count":1,"href":"https:\/\/blogs.correiobraziliense.com.br\/aricunha\/wp-json\/wp\/v2\/posts\/8233\/revisions"}],"predecessor-version":[{"id":8234,"href":"https:\/\/blogs.correiobraziliense.com.br\/aricunha\/wp-json\/wp\/v2\/posts\/8233\/revisions\/8234"}],"wp:attachment":[{"href":"https:\/\/blogs.correiobraziliense.com.br\/aricunha\/wp-json\/wp\/v2\/media?parent=8233"}],"wp:term":[{"taxonomy":"category","embeddable":true,"href":"https:\/\/blogs.correiobraziliense.com.br\/aricunha\/wp-json\/wp\/v2\/categories?post=8233"},{"taxonomy":"post_tag","embeddable":true,"href":"https:\/\/blogs.correiobraziliense.com.br\/aricunha\/wp-json\/wp\/v2\/tags?post=8233"}],"curies":[{"name":"wp","href":"https:\/\/api.w.org\/{rel}","templated":true}]}}