{"id":8230,"date":"2016-10-15T11:36:38","date_gmt":"2016-10-15T14:36:38","guid":{"rendered":"https:\/\/blogs.correiobraziliense.com.br\/aricunha\/?p=8230"},"modified":"2016-10-17T11:37:27","modified_gmt":"2016-10-17T13:37:27","slug":"uma-lei-para-cada-um","status":"publish","type":"post","link":"https:\/\/blogs.correiobraziliense.com.br\/aricunha\/uma-lei-para-cada-um\/","title":{"rendered":"Uma lei para cada um"},"content":{"rendered":"<p>Desde 1960<\/p>\n<p>aricunha@dabr.com.br<br \/>\ncom Circe Cunha e MAMFIL<\/p>\n<p>Um cidad\u00e3o que acredita ser o arauto maior da popula\u00e7\u00e3o resolveu fazer seu protesto solit\u00e1rio pichando nas paredes rec\u00e9m-restauradas da Rodovi\u00e1ria do Plano Piloto as frases em letras garrafais: \u201cFora fulano. Volta beltrana. Abaixo os golpistas\u201d. Mesmo sem ter um documento oficial que autorizasse seu protesto, o militante solit\u00e1rio resolveu, em nome de uma liberdade de express\u00e3o mal compreendida, sujar com suas garatujas e garranchos um espa\u00e7o que \u00e9 de todos e que, h\u00e1 pouco tempo, foi reformado com o dinheiro suado dos contribuintes. Agiu, como muitos t\u00eam feito, movido apenas por uma vontade interior e ego\u00edsta de externar uma verdade pol\u00edtica que acredita universal e, portanto, digna de ser anunciada, em grandes letras, \u00e0 sociedade.<\/p>\n<p>Infelizmente, hoje, por toda a cidade, \u00e9 comum encontrar os mais variados rabiscos de cunho pol\u00edtico, numa verdadeira batalha midi\u00e1tica para ver quem ocupa a maior quantidade poss\u00edvel de espa\u00e7os p\u00fablicos com seus reclames ideol\u00f3gicos. N\u00e3o bastassem as pragas das picha\u00e7\u00f5es generalizadas, que transformaram cada canto de nossas cidades em espa\u00e7os polu\u00eddos visualmente e, por conseguinte, nocivos \u00e0 sa\u00fade, temos agora de suportar a legi\u00e3o de propagandistas avulsos que acreditam estar agindo para o bem de todos.<\/p>\n<p>Al\u00e9m de externar pelas paredes e muros suas frustra\u00e7\u00f5es cotidianas, o que os militantes da sujeira demonstram, de fato, \u00e9 enorme indiferen\u00e7a em rela\u00e7\u00e3o \u00e0 cidade e aos moradores. Sabem eles muito bem que os brasilienses, em sua maioria, n\u00e3o aceitam e n\u00e3o toleram que sua cidade seja transformada num imenso campo de batalha, onde o vencedor \u00e9 justamente aquele que mais sujou e violou seus espa\u00e7os.<\/p>\n<p>Vivemos tempos bizarros. A democracia que acreditamos estar construindo a cada dia ainda \u00e9 uma miragem distante, pois n\u00e3o aprendemos a mais elementar das li\u00e7\u00f5es que \u00e9 o respeito \u00e0 coisa p\u00fablica, ao bem de todos, ao direito das pessoas em viverem em espa\u00e7os sadios, libertos das neuroses de minorias panflet\u00e1rias. Na nossa indig\u00eancia cidad\u00e3, talvez esteja o maior dos entraves \u00e0 realiza\u00e7\u00e3o plena da democracia. Ignoramos nossas cidades como espa\u00e7os comuns, extens\u00e3o natural de nossas casas. Passamos ao largo do que \u00e9 um bem de todos.<\/p>\n<p>A picha\u00e7\u00e3o ao Monumento \u00e0s Bandeiras, em S\u00e3o Paulo, no \u00faltimo dia 30, uma obra grandiosa de um dos nossos maiores escultores, Victor Brecheret, simboliza nosso primarismo coletivo e o desd\u00e9m com a Rep\u00fablica. N\u00f3s nos tornamos tolerante demais com aqueles que pisoteiam nossos jardins e  maculam nossas pra\u00e7as e o que ainda resta de arte ao ar livre. O sil\u00eancio e a resigna\u00e7\u00e3o com o  ilegal, imoral e anti\u00e9tico faz wmcom que as coisas sempre piorem.<\/p>\n<p>Foi nas ruas (\u00c1gora) que os gregos se inspiraram para formular as no\u00e7\u00f5es b\u00e1sicas de democracia. Um olhar atento ao redor de nossos espa\u00e7os p\u00fablicos d\u00e1 uma ideia do nosso atraso milenar e do quanto ainda temos de evoluir para construir uma democracia aut\u00eantica.<\/p>\n<p>A frase que foi pronunciada<\/p>\n<p>&#8220;O pagamento do descontrole das contas p\u00fablicas n\u00e3o deve, mais uma vez, recair sobre os ombros daqueles que, cotidianamente, d\u00e3o o seu esfor\u00e7o na constru\u00e7\u00e3o de um pa\u00eds justo, igualit\u00e1rio e democr\u00e1tico.&#8221;<\/p>\n<p>Senador Paulo Paim<\/p>\n<p>Nossa educa\u00e7\u00e3o<\/p>\n<p>\u00bb Com a folga de hoje, um professor resolveu pegar caneta e papel e fazer a seguinte conta. Se um professor trabalha 5 horas di\u00e1rias, em 5 salas com 40 alunos cada, por 22 dias \u00fateis ele ter\u00e1 4.400 alunos por m\u00eas. Se cada aluno der os R$0,80 que sobram da pipoca ele ter\u00e1 faturado R$160 di\u00e1rios e com 22 dias \u00fateis R$ 3.520,00. Se o piso salarial \u00e9 R$ 1.187 para o professor que atende 4.400 alunos, por cada aluno ele receber\u00e1 R$ 0,27 \u2014menos do que o troco da pipoca.<\/p>\n<p>Decib\u00e9is<\/p>\n<p>\u00bb Festas em \u00e1reas sem autoriza\u00e7\u00e3o, m\u00fasica a toda altura. Agora, as motos entram para a lista de barulhos acima do permitido. Quem nos escreve \u00e9 o leitor Oswaldo, que enaltece a educa\u00e7\u00e3o do brasiliense ao respeitar a faixa do pedestre e n\u00e3o buzinar. Infelizmente j\u00e1 tentou que o Detran fiscalizasse as motos barulhentas, com conscientiza\u00e7\u00e3o e multas para os pilotos que extrapolem no arranjo do escapamento dos ve\u00edculos. Fica a dica.<\/p>\n<p>Curiosidade<\/p>\n<p>\u00bb No portal da C\u00e2mara dos Deputados, h\u00e1 explica\u00e7\u00f5es sobre diversos temas. Aedes aegypti est\u00e1 no mesmo bloco de corrup\u00e7\u00e3o. Deve ser a parte dos v\u00edrus.<\/p>\n<p>PEC do \u00f3bvio<\/p>\n<p>\u00bb Assim o senador Cristovam Buarque renomeou a PEC 241. N\u00e3o h\u00e1 discuss\u00e3o. \u00c9 preciso estabelecer limites para os gastos p\u00fablicos. A senadora Rose de Freitas tamb\u00e9m assumiu a posi\u00e7\u00e3o em favor da Proposta de Emenda \u00e0 Constitui\u00e7\u00e3o.<\/p>\n<p>Hist\u00f3ria de Bras\u00edlia<\/p>\n<p>O pombal de d. Elo\u00e1 est\u00e1 periclitante. Com a estrutura j\u00e1 pronta, est\u00e1 amea\u00e7ado de destrui\u00e7\u00e3o, porque as autoridades, agora, resolveram achar que os pombinhos v\u00e3o sujar demais a Pra\u00e7a dos Tr\u00eas Poderes. (Publicado em 30\/8\/1961)<\/p>\n","protected":false},"excerpt":{"rendered":"<p>Desde 1960 aricunha@dabr.com.br com Circe Cunha e MAMFIL Um cidad\u00e3o que acredita ser o arauto maior da popula\u00e7\u00e3o resolveu fazer seu protesto solit\u00e1rio pichando nas paredes rec\u00e9m-restauradas da Rodovi\u00e1ria do Plano Piloto as frases em letras garrafais: \u201cFora fulano. Volta beltrana. Abaixo os golpistas\u201d. Mesmo sem ter um documento oficial que autorizasse seu protesto, o militante solit\u00e1rio resolveu, em nome [&hellip;]<\/p>\n","protected":false},"author":34,"featured_media":0,"comment_status":"closed","ping_status":"closed","sticky":false,"template":"","format":"standard","meta":{"footnotes":""},"categories":[23],"tags":[],"class_list":["post-8230","post","type-post","status-publish","format-standard","hentry","category-integra"],"_links":{"self":[{"href":"https:\/\/blogs.correiobraziliense.com.br\/aricunha\/wp-json\/wp\/v2\/posts\/8230","targetHints":{"allow":["GET"]}}],"collection":[{"href":"https:\/\/blogs.correiobraziliense.com.br\/aricunha\/wp-json\/wp\/v2\/posts"}],"about":[{"href":"https:\/\/blogs.correiobraziliense.com.br\/aricunha\/wp-json\/wp\/v2\/types\/post"}],"author":[{"embeddable":true,"href":"https:\/\/blogs.correiobraziliense.com.br\/aricunha\/wp-json\/wp\/v2\/users\/34"}],"replies":[{"embeddable":true,"href":"https:\/\/blogs.correiobraziliense.com.br\/aricunha\/wp-json\/wp\/v2\/comments?post=8230"}],"version-history":[{"count":2,"href":"https:\/\/blogs.correiobraziliense.com.br\/aricunha\/wp-json\/wp\/v2\/posts\/8230\/revisions"}],"predecessor-version":[{"id":8232,"href":"https:\/\/blogs.correiobraziliense.com.br\/aricunha\/wp-json\/wp\/v2\/posts\/8230\/revisions\/8232"}],"wp:attachment":[{"href":"https:\/\/blogs.correiobraziliense.com.br\/aricunha\/wp-json\/wp\/v2\/media?parent=8230"}],"wp:term":[{"taxonomy":"category","embeddable":true,"href":"https:\/\/blogs.correiobraziliense.com.br\/aricunha\/wp-json\/wp\/v2\/categories?post=8230"},{"taxonomy":"post_tag","embeddable":true,"href":"https:\/\/blogs.correiobraziliense.com.br\/aricunha\/wp-json\/wp\/v2\/tags?post=8230"}],"curies":[{"name":"wp","href":"https:\/\/api.w.org\/{rel}","templated":true}]}}