{"id":8226,"date":"2016-10-13T03:24:30","date_gmt":"2016-10-13T06:24:30","guid":{"rendered":"https:\/\/blogs.correiobraziliense.com.br\/aricunha\/?p=8226"},"modified":"2016-11-07T11:09:39","modified_gmt":"2016-11-07T13:09:39","slug":"8226-2","status":"publish","type":"post","link":"https:\/\/blogs.correiobraziliense.com.br\/aricunha\/8226-2\/","title":{"rendered":"O perigo de ser governador"},"content":{"rendered":"<p>DESDE 1960 \u00bb<\/p>\n<p>aricunha@dabr.com.br<\/p>\n<p>com Circe Cunha e MAMFIL<\/p>\n<p>Nestes tempos de crise e de muitos esc\u00e2ndalos, ocupar o cargo de governador requer, al\u00e9m de uma for\u00e7a sobre-humana, uma disposi\u00e7\u00e3o em aceitar ser o saco de pancadas da hora, com bordoadas vindas de todos os lados, principalmente dos milhares de servidores insatisfeitos com a deprecia\u00e7\u00e3o dos sal\u00e1rios, tragados pela infla\u00e7\u00e3o. Para um governo que, for\u00e7osamente, se transformou em simples gestor de uma folha salarial supervitaminada, o temor \u00e9 que, ao fim da gest\u00e3o, reste, al\u00e9m de uma biografia maculada por m\u00e1 administra\u00e7\u00e3o, o perigo de in\u00fameros processos judiciais por descumprimento de preceitos da LRF, inclusive com a amea\u00e7a de inelegibilidade.<\/p>\n<p>Com os sindicatos e parte da C\u00e2mara Legislativa em seu encal\u00e7o, o dia a dia e a pr\u00f3pria fun\u00e7\u00e3o de governador perderam muito do glamour, transformando o cargo em um posto de tormentas constantes e muitas armadilhas. Para compensar a situa\u00e7\u00e3o de deficit constante, o GDF se v\u00ea obrigado a cortar investimentos, cancelar reajustes salariais, impedido de contratar novos servi\u00e7os, aumentar impostos e tarifas, inclusive, aqueles que atingem em cheio os trabalhadores de baixa renda, como tarifas de metr\u00f4 e de \u00f4nibus, sem falar nos aumentos de IPTU, \u00e1gua e luz. Com as contas do GDF no vermelho, resta ao governo de Rollemberg esperar que as medidas de ajustes do governo federal caminhem com normalidade, caso contr\u00e1rio&#8230;<\/p>\n<p>A frase que n\u00e3o foi pronunciada<\/p>\n<p>\u201cCom menos regalias, mais obriga\u00e7\u00e3o de contrapartida e presta\u00e7\u00e3o de contas de verbas recebidas e a Pol\u00edcia Federal na cola, quem vai querer se candidatar no Brasil\u201d?<\/p>\n<p>Pergunta at\u00e9 as pr\u00f3ximas elei\u00e7\u00f5es<\/p>\n<p>Em plena crise<br \/>\n\u00bb Terracap cria programa de renegocia\u00e7\u00e3o. A proposta \u00e9 a devolu\u00e7\u00e3o de im\u00f3veis de 1.600 clientes inadimplentes. At\u00e9 amanh\u00e3, a Ag\u00eancia de Desenvolvimento do DF acredita que haver\u00e1 ades\u00e3o \u00e0 campanha.<\/p>\n<p>Desapropria\u00e7\u00f5es<br \/>\n\u00bb Por falar em Terracap, seria interessante uma pesquisa sobre as terras desapropriadas para a constru\u00e7\u00e3o da ponte no Lago Norte. H\u00e1 uma ocupa\u00e7\u00e3o suspeita no mapa. \u00c9 insana a volta que se d\u00e1, por falta de uma ponte, para que os moradores da EPPN e adjac\u00eancias cheguem ao centro da cidade.<\/p>\n<p>Impressionante<br \/>\n\u00bb De 2 a 6 de novembro, acontecer\u00e1 a terceira edi\u00e7\u00e3o do Bras\u00edlia Tatoo Festival, no Centro de Conven\u00e7\u00f5es Ulysses Guimar\u00e3es. Entre as atra\u00e7\u00f5es, as tatuagens em mamilos e aur\u00e9olas. Impressionante. S\u00f3 havia visto coisa parecida em filmes de tortura na hist\u00f3ria da Indon\u00e9sia.<\/p>\n<p>2017-2021<br \/>\n\u00bb Gest\u00e3o e Transpar\u00eancia \u00e9 a chapa de Petrus Elesb\u00e3o que concorre para a diretoria do Sindilegis. Petrus \u00e9 o atual presidente da Associa\u00e7\u00e3o dos Servidores do Senado (Assefe). Pessoa agrad\u00e1vel, sofisticada sem perder a simplicidade. Foi recentemente premiado pela excel\u00eancia de gest\u00e3o em uma disputa que envolveu 2 mil clubes em todo o pa\u00eds. As elei\u00e7\u00f5es est\u00e3o marcadas para  8 de novembro.<\/p>\n<p>Lembrete<\/p>\n<p>\u00bb \u00c9 bom lembrar que para concorrer a cargos de gest\u00e3o do Sindilegis, o candidato precisa ser ficha limpa. Candidatos que n\u00e3o prestaram contas ao Conselho Fiscal ou \u00e0 Assembleia Geral ou tiveram as contas rejeitadas no per\u00edodo em que foram gestores est\u00e3o fora da corrida.<\/p>\n<p>Exposi\u00e7\u00e3o<br \/>\n\u00bb Juliana Nunes, estudante de psicologia da UnB, foi a cicerone na exposi\u00e7\u00e3o M\u00e3os que cuidam, na biblioteca da universidade. Um trabalho de suma import\u00e2ncia que \u00e9 desenvolvido em parceria com a Apae, em que jovens s\u00e3o preparados para conquistar a liberdade por meio de um trabalho important\u00edssimo: a conserva\u00e7\u00e3o  de livros e peri\u00f3dicos.<\/p>\n<p>Respons\u00e1veis<br \/>\n\u00bb A exposi\u00e7\u00e3o \u00e9 uma iniciativa da Apae-DF, Biblioteca Central da UnB e Decanato de Extens\u00e3o. Neide Aparecida Goes \u00e9 a gestora do projeto, a curadoria da exposi\u00e7\u00e3o \u00e9 de Gabriela Souza Mieto, Marli Maciel e M\u00f4nica Kanegae. O diretor da BCE \u00e9 Emir Suaidem. E a presidente da APAE-DF, Wilma Chaves Kraemer.<\/p>\n<p>Solidariedade<br \/>\n\u00bb Vinte de dois de outubro, s\u00e1bado, das 10h \u00e0s 16h, \u00e9 dia de Feira de Artesanato e Brech\u00f3 na Casa do Pequeno Polegar, na QI 5, Ch\u00e1cara 96, atr\u00e1s do Gilberto Salom\u00e3o. \u00c9 bom almo\u00e7ar por l\u00e1. Um festival de massas ser\u00e1 oferecido por R$ 30. A sobremesa \u00e9 de gra\u00e7a. Boa agenda para a fam\u00edlia.<\/p>\n<p>Hist\u00f3ria de Bras\u00edlia<br \/>\nE a distribui\u00e7\u00e3o do O Jornal como vai? Se o Calmon chegar aqui e n\u00e3o encontrar o jornal no aeroporto, e no hotel, voc\u00ea acaba sendo demitido. Era a luta dia a dia. Todos os hor\u00e1rios de avi\u00f5es na cabe\u00e7a. Real, \u00e0s 9h30; Panair, \u00e0s 10h. Se n\u00e3o vier num, vir\u00e1 no outro. (Publicado em 15\/9\/1961)<\/p>\n","protected":false},"excerpt":{"rendered":"<p>DESDE 1960 \u00bb aricunha@dabr.com.br com Circe Cunha e MAMFIL Nestes tempos de crise e de muitos esc\u00e2ndalos, ocupar o cargo de governador requer, al\u00e9m de uma for\u00e7a sobre-humana, uma disposi\u00e7\u00e3o em aceitar ser o saco de pancadas da hora, com bordoadas vindas de todos os lados, principalmente dos milhares de servidores insatisfeitos com a deprecia\u00e7\u00e3o dos sal\u00e1rios, tragados pela infla\u00e7\u00e3o. [&hellip;]<\/p>\n","protected":false},"author":34,"featured_media":0,"comment_status":"closed","ping_status":"closed","sticky":false,"template":"","format":"standard","meta":{"footnotes":""},"categories":[23],"tags":[],"class_list":["post-8226","post","type-post","status-publish","format-standard","hentry","category-integra"],"_links":{"self":[{"href":"https:\/\/blogs.correiobraziliense.com.br\/aricunha\/wp-json\/wp\/v2\/posts\/8226","targetHints":{"allow":["GET"]}}],"collection":[{"href":"https:\/\/blogs.correiobraziliense.com.br\/aricunha\/wp-json\/wp\/v2\/posts"}],"about":[{"href":"https:\/\/blogs.correiobraziliense.com.br\/aricunha\/wp-json\/wp\/v2\/types\/post"}],"author":[{"embeddable":true,"href":"https:\/\/blogs.correiobraziliense.com.br\/aricunha\/wp-json\/wp\/v2\/users\/34"}],"replies":[{"embeddable":true,"href":"https:\/\/blogs.correiobraziliense.com.br\/aricunha\/wp-json\/wp\/v2\/comments?post=8226"}],"version-history":[{"count":2,"href":"https:\/\/blogs.correiobraziliense.com.br\/aricunha\/wp-json\/wp\/v2\/posts\/8226\/revisions"}],"predecessor-version":[{"id":8286,"href":"https:\/\/blogs.correiobraziliense.com.br\/aricunha\/wp-json\/wp\/v2\/posts\/8226\/revisions\/8286"}],"wp:attachment":[{"href":"https:\/\/blogs.correiobraziliense.com.br\/aricunha\/wp-json\/wp\/v2\/media?parent=8226"}],"wp:term":[{"taxonomy":"category","embeddable":true,"href":"https:\/\/blogs.correiobraziliense.com.br\/aricunha\/wp-json\/wp\/v2\/categories?post=8226"},{"taxonomy":"post_tag","embeddable":true,"href":"https:\/\/blogs.correiobraziliense.com.br\/aricunha\/wp-json\/wp\/v2\/tags?post=8226"}],"curies":[{"name":"wp","href":"https:\/\/api.w.org\/{rel}","templated":true}]}}