{"id":8221,"date":"2016-10-12T01:19:49","date_gmt":"2016-10-12T04:19:49","guid":{"rendered":"https:\/\/blogs.correiobraziliense.com.br\/aricunha\/?p=8221"},"modified":"2016-10-13T10:23:57","modified_gmt":"2016-10-13T13:23:57","slug":"folha-de-pagamento-do-gdf-inviabiliza-capital","status":"publish","type":"post","link":"https:\/\/blogs.correiobraziliense.com.br\/aricunha\/folha-de-pagamento-do-gdf-inviabiliza-capital\/","title":{"rendered":"Folha de pagamento do GDF inviabiliza a capital"},"content":{"rendered":"<p>DESDE 1960 \u00bb<\/p>\n<p>aricunha@dabr.com.br<\/p>\n<p>com Circe Cunha e MAMFIL<\/p>\n<p>Com uma folha de pagamento de aproximadamente R$ 10 bilh\u00f5es, o GDF tem que se virar como pode para p\u00f4r em dia os sal\u00e1rios de 136 mil servidores. Essa situa\u00e7\u00e3o \u00e9 agravada pela heran\u00e7a recebida de gest\u00f5es passadas, que acertaram antecipadamente diversos reajustes salariais sem o devido lastro. Com o aumento da crise econ\u00f4mica que tem levado a maioria das unidades da Federa\u00e7\u00e3o \u00e0 fal\u00eancia, o futuro da atual administra\u00e7\u00e3o Rollemberg \u00e9 sombrio e incerto.<\/p>\n<p>A situa\u00e7\u00e3o econ\u00f4mica do DF tem feito com que o governo, desde o primeiro dia da posse, fique completamente absorvido com a quest\u00e3o da folha de pagamento inchada. Para piorar a situa\u00e7\u00e3o, a Lei de Responsabilidade Fiscal (LRF), que imp\u00f5e limites legais aos gastos do governo, n\u00e3o tem sido devidamente obedecida, por causa do descontrole repetido nas contas p\u00fablicas. A LRF manda que os governos s\u00f3 gastem at\u00e9 o limite de 45% da receita l\u00edquida corrente, o que no caso do GDF, excetua os chamados repasses constitucionais.<\/p>\n<p>De acordo com dados do governo, entre setembro de 2015 e agosto deste ano, os gastos do GDF atingiram o percentual de 47,5% da receita, o que em valores significa quase R$ 500 milh\u00f5es al\u00e9m do permitido. Com isso o governo local ficou proibido de contratar novos servidores e de dar reajustes salariais para o funcionalismo. N\u00e3o seria surpresa se, na intimidade com a fam\u00edlia e com os amigos de confian\u00e7a, o pr\u00f3prio governador tenha confessado seu arrependimento em assumir o comando do Executivo local. Os dias no c\u00e9u do Senado ficaram para tr\u00e1s.<\/p>\n<p>A frase que foi pronunciada<\/p>\n<p>&#8220;Hor\u00e1rio de ver\u00e3o significa, para quem trabalha cedo, dormir sem sono e acordar dormindo.&#8221;<\/p>\n<p>Na Internet<\/p>\n<p>Disciplina<\/p>\n<p>\u00bb Jo\u00e3o, afilhado do Ricardo Guirlanda, ao ser abordado novamente pela m\u00e3e para arrumar a bagun\u00e7a deixada para tr\u00e1s resmungou: \u201cM\u00e3e \u00e9 bom, mas duuuuuura!\u201d<\/p>\n<p>Passeio<\/p>\n<p>\u00bb Adriana S\u00e1 viajava com as filhas quando o di\u00e1logo surgiu. Ana Luiza perguntou o que era aquele lugar estranho. A irm\u00e3 mais velha, Juliana, que j\u00e1 sabia o que era um cemit\u00e9rio, respondeu sem titubear: \u201c\u00c9 onde os mortos vivem!\u201d<\/p>\n<p>Leveza<\/p>\n<p>\u00bb Liz, a primog\u00eanita de Ruth Passarinho, reclamou do vento: \u201cAh n\u00e3o! Esse vento fez meu cabelo ficar assim todo feio\u201d. A m\u00e3e logo respondeu: \u201cN\u00e3o est\u00e1 feio filha, continua com as tran\u00e7as\u201d. Liz explica: &#8220;N\u00e3o, mam\u00e3e, agora ele est\u00e1 cheio de cabelinhos flutuando\u201d.<\/p>\n<p>Fil\u00f3logo<\/p>\n<p>\u00bb Leandro, nosso primo do Cear\u00e1, j\u00e1 estava aborrecido de ser chamado de gordinho. Sylvia Muniz, para mudar essa ideia, sugeriu ao filho que respondesse que era robusto. Ao abrir a porta do elevador a vizinha disse: \u201cPode passar, gordinho\u201d. Ao retrucar, Leandro se esqueceu da palavra que a m\u00e3e havia ensinado, mas ela deu a dica: Voc\u00ea \u00e9 Ro&#8230;.. Ele se lembrou na hora. \u201cEu n\u00e3o sou gordinho, sou ropeito.\u201d<\/p>\n<p>Dividendos<\/p>\n<p>\u00bb Depois de mostrar para o pai que estava craque nos primeiros conceitos de matem\u00e1tica, Andr\u00e9 Dusi resolve provocar a filha Laura, com pouco mais de 3 aninhos. Se voc\u00ea tem uma ma\u00e7\u00e3 e divide com sua amiga \u2014- meia ma\u00e7\u00e3 para cada uma \u2014, o que sobra? Laura responde de imediato: \u201cO caro\u00e7o e o cabinho\u201d.<\/p>\n<p>Constitucional<\/p>\n<p>\u00bb Adriana exclama para a m\u00e3e depois que Guilherme quebrou um aparador na sala. \u201cMam\u00e3e, esse menino est\u00e1 depilando o patrim\u00f4nio da fam\u00edlia\u201d.<\/p>\n<p>Anatomia<\/p>\n<p>\u00bb Com 5 anos, o Arthur, filho da Ruth Helena, soube que ela faria uma cirurgia no abdome, e a vov\u00f3 Arlete explicou que o m\u00e9dico cortaria a barriga da m\u00e3e. O pequeno pensou alto: \u201cE as pernas v\u00e3o ficar junto com o pesco\u00e7o?\u201d.<\/p>\n<p>Hist\u00f3ria de Bras\u00edlia<\/p>\n<p>\u00c9ramos tr\u00eas: Ant\u00f4nio Hon\u00f3rio, Jairo Valadares e eu. Para um pouco, chega! Vamos ao hotel tomar alguma coisa! A gente enlouquece nessa nostalgia. Vinham aos s\u00e1bados as visitas. Era o \u00fanico dia de passeio. A gente ia mostrar a cidade. Cuidado, n\u00e3o beba \u00e1gua sem lim\u00e3o. D\u00e1 dor de barriga. (Publicado em 15\/9\/1961)<\/p>\n","protected":false},"excerpt":{"rendered":"<p>DESDE 1960 \u00bb aricunha@dabr.com.br com Circe Cunha e MAMFIL Com uma folha de pagamento de aproximadamente R$ 10 bilh\u00f5es, o GDF tem que se virar como pode para p\u00f4r em dia os sal\u00e1rios de 136 mil servidores. Essa situa\u00e7\u00e3o \u00e9 agravada pela heran\u00e7a recebida de gest\u00f5es passadas, que acertaram antecipadamente diversos reajustes salariais sem o devido lastro. Com o aumento [&hellip;]<\/p>\n","protected":false},"author":34,"featured_media":0,"comment_status":"closed","ping_status":"closed","sticky":false,"template":"","format":"standard","meta":{"footnotes":""},"categories":[23],"tags":[26],"class_list":["post-8221","post","type-post","status-publish","format-standard","hentry","category-integra","tag-criancas-frases-curiosidades-gdf-politica-brasilia-mais-antigo-ari-cunha"],"_links":{"self":[{"href":"https:\/\/blogs.correiobraziliense.com.br\/aricunha\/wp-json\/wp\/v2\/posts\/8221","targetHints":{"allow":["GET"]}}],"collection":[{"href":"https:\/\/blogs.correiobraziliense.com.br\/aricunha\/wp-json\/wp\/v2\/posts"}],"about":[{"href":"https:\/\/blogs.correiobraziliense.com.br\/aricunha\/wp-json\/wp\/v2\/types\/post"}],"author":[{"embeddable":true,"href":"https:\/\/blogs.correiobraziliense.com.br\/aricunha\/wp-json\/wp\/v2\/users\/34"}],"replies":[{"embeddable":true,"href":"https:\/\/blogs.correiobraziliense.com.br\/aricunha\/wp-json\/wp\/v2\/comments?post=8221"}],"version-history":[{"count":4,"href":"https:\/\/blogs.correiobraziliense.com.br\/aricunha\/wp-json\/wp\/v2\/posts\/8221\/revisions"}],"predecessor-version":[{"id":8225,"href":"https:\/\/blogs.correiobraziliense.com.br\/aricunha\/wp-json\/wp\/v2\/posts\/8221\/revisions\/8225"}],"wp:attachment":[{"href":"https:\/\/blogs.correiobraziliense.com.br\/aricunha\/wp-json\/wp\/v2\/media?parent=8221"}],"wp:term":[{"taxonomy":"category","embeddable":true,"href":"https:\/\/blogs.correiobraziliense.com.br\/aricunha\/wp-json\/wp\/v2\/categories?post=8221"},{"taxonomy":"post_tag","embeddable":true,"href":"https:\/\/blogs.correiobraziliense.com.br\/aricunha\/wp-json\/wp\/v2\/tags?post=8221"}],"curies":[{"name":"wp","href":"https:\/\/api.w.org\/{rel}","templated":true}]}}