{"id":8219,"date":"2016-10-11T01:53:17","date_gmt":"2016-10-11T04:53:17","guid":{"rendered":"https:\/\/blogs.correiobraziliense.com.br\/aricunha\/?p=8219"},"modified":"2016-10-11T11:54:54","modified_gmt":"2016-10-11T14:54:54","slug":"politicos-induzem-o-desencanto-com-democracia","status":"publish","type":"post","link":"https:\/\/blogs.correiobraziliense.com.br\/aricunha\/politicos-induzem-o-desencanto-com-democracia\/","title":{"rendered":"Pol\u00edticos induzem o desencanto com a democracia"},"content":{"rendered":"<p>DESDE 1960 \u00bb<\/p>\n<p>aricunha@dabr.com.br<\/p>\n<p>com Circe Cunha e Mamfil<\/p>\n<p>Nenhum preju\u00edzo \u00e9 maior para o futuro de um pa\u00eds do que o desencanto da sociedade com a democracia. No caso do Brasil, um pa\u00eds que teve que reinventar o sistema democr\u00e1tico a cada ciclo hist\u00f3rico de fechamento, a situa\u00e7\u00e3o atual chega \u00e0s raias de uma trag\u00e9dia anunciada, com reflexos ainda pouco explicados e que, certamente, trar\u00e3o repercuss\u00f5es nefastas e duradouras a longo prazo. Se serve de consolo, esse \u00e9 um fen\u00f4meno que vem se repetindo n\u00e3o s\u00f3 no Brasil, mas em todo o mundo ocidental, cada vez, com maior frequ\u00eancia.<\/p>\n<p>No nosso caso, \u00e9 preciso entender primeiro que o equil\u00edbrio do Estado s\u00f3 \u00e9 poss\u00edvel gra\u00e7as ao apoio firme conferido pelos Tr\u00eas Poderes que, igualitariamente, formam o trip\u00e9 da Rep\u00fablica. E s\u00e3o justamente essas tr\u00eas principais colunas que t\u00eam hoje, alternadamente, apresentando problemas estruturais de grande monta, capazes de fazer colapsar todo o edif\u00edcio da nossa jovem democracia.<\/p>\n<p>Existe uma avalia\u00e7\u00e3o extremamente negativa da classe pol\u00edtica como um todo e que \u00e9 comprovada por recentes pesquisas do Ibope, que d\u00e3o conta de que apenas 3% dos brasileiros acreditam que os congressistas representam e defendem os interesses da sociedade. A esse fato preocupante, acrescente-se o fosso enorme entre o Judici\u00e1rio e a popula\u00e7\u00e3o em geral, refor\u00e7ado pela cren\u00e7a generalizada de que s\u00f3 h\u00e1 justi\u00e7a para aqueles que podem bancar os caros servi\u00e7os de advocacias e de defesa. Instalada em pal\u00e1cios suntuosos, com seu vocabul\u00e1rio herm\u00e9tico e arcaico, a Justi\u00e7a, principalmente em suas inst\u00e2ncias superiores, \u00e9 vista pelo cidad\u00e3o comum como algo distante, talvez mais apropriado para um pa\u00eds de primeir\u00edssimo mundo.<\/p>\n<p>H\u00e1 ainda a observar a excessiva judicializa\u00e7\u00e3o do processo pol\u00edtico, com o Judici\u00e1rio transpondo frequentemente a cerca que separa os poderes. Por sua vez o Executivo, cuja tend\u00eancia hist\u00f3rica sempre foi de parecer e ser maior que os demais poderes, permanece ditando as regras, pautando o Congresso e , por vezes, simplesmente modificando a legisla\u00e7\u00e3o, quando esta n\u00e3o lhe satisfaz no momento.<\/p>\n<p>Se esses fatos n\u00e3o bastassem para promover o afastamento do cidad\u00e3o dos neg\u00f3cios do Estado, a Opera\u00e7\u00e3o Lava-Jato e cong\u00eaneres t\u00eam demonstrado, com fortes evid\u00eancias, que muitos dos atuais ocupantes dos Tr\u00eas Poderes t\u00eam contas s\u00e9rias a ajustar com a lei. A verdade \u00e9 que a popula\u00e7\u00e3o brasileira n\u00e3o confia em seus representantes, n\u00e3o confia na Justi\u00e7a e v\u00ea a Presid\u00eancia da Rep\u00fablica como uma esp\u00e9cie de clube das elites, arranjado conforme a posi\u00e7\u00e3o moment\u00e2nea do poder.<\/p>\n<p>O alto \u00edndice de absten\u00e7\u00e3o, de votos nulos e em branco, um verdadeiro recorde, s\u00e3o mais do que uma radiografia fiel de nossa democracia e de nossas institui\u00e7\u00f5es. Eles sinalizam um misto de rep\u00fadio e desilus\u00e3o com a atual estrutura humana que comanda nosso pa\u00eds.<\/p>\n<p>A frase que foi pronunciada<\/p>\n<p>\u201cA primeira ideia que uma crian\u00e7a precisa ter \u00e9 a da diferen\u00e7a entre pbem e o mal. E a principal fun\u00e7\u00e3o do educador \u00e9 cuidar para que ela n\u00e3o confunda o bem com a passividade e o mal com a atividade.\u201d<\/p>\n<p>Maria Montessori, educadora<\/p>\n<p>Estupidez<br \/>\n\u00bb Depois de dizimar as abelhas, chega a grande novidade. Rob\u00f4-abelha criado  para polinizar. Esse \u00e9 o resultado dos transg\u00eanicos que ainda n\u00e3o conseguiram intelig\u00eancia humana para tir\u00e1-los do mercado, permitindo o sossego das abelhas naturais.<\/p>\n<p>Novidade<br \/>\n\u00bb Em entrevista para a r\u00e1dio Estad\u00e3o, o presidente Temer deu as primeiras dicas sobre a reforma trabalhista ao dizer que as mudan\u00e7as j\u00e1 come\u00e7aram e foram feitas pelo Supremo Tribunal Federal com a publica\u00e7\u00e3o de ac\u00f3rd\u00e3os.<\/p>\n<p>Anamatra<br \/>\n\u00bb Nada impede que o presidente do TST, Ives Gandra Filho, reconsidere a opini\u00e3o sobre a cria\u00e7\u00e3o de novas varas para a Justi\u00e7a trabalhista. Em debate ontem no Senado, ficou claro que a necessidade \u00e9 premente.<\/p>\n<p>Hist\u00f3ria de Bras\u00edlia<br \/>\n\u201cPonham candangos, trabalhem 24 horas por dia, fichem quinhentos, mas na pr\u00f3xima semana eu quero a obra adiantada\u201d. Era a ordem de comando, para inaugurar os pr\u00e9dios com o jornal e a tev\u00ea j\u00e1 montados. (Publicado em 15\/9\/1961)<\/p>\n","protected":false},"excerpt":{"rendered":"<p>DESDE 1960 \u00bb aricunha@dabr.com.br com Circe Cunha e Mamfil Nenhum preju\u00edzo \u00e9 maior para o futuro de um pa\u00eds do que o desencanto da sociedade com a democracia. No caso do Brasil, um pa\u00eds que teve que reinventar o sistema democr\u00e1tico a cada ciclo hist\u00f3rico de fechamento, a situa\u00e7\u00e3o atual chega \u00e0s raias de uma trag\u00e9dia anunciada, com reflexos ainda [&hellip;]<\/p>\n","protected":false},"author":34,"featured_media":0,"comment_status":"closed","ping_status":"closed","sticky":false,"template":"","format":"standard","meta":{"footnotes":""},"categories":[23],"tags":[],"class_list":["post-8219","post","type-post","status-publish","format-standard","hentry","category-integra"],"_links":{"self":[{"href":"https:\/\/blogs.correiobraziliense.com.br\/aricunha\/wp-json\/wp\/v2\/posts\/8219","targetHints":{"allow":["GET"]}}],"collection":[{"href":"https:\/\/blogs.correiobraziliense.com.br\/aricunha\/wp-json\/wp\/v2\/posts"}],"about":[{"href":"https:\/\/blogs.correiobraziliense.com.br\/aricunha\/wp-json\/wp\/v2\/types\/post"}],"author":[{"embeddable":true,"href":"https:\/\/blogs.correiobraziliense.com.br\/aricunha\/wp-json\/wp\/v2\/users\/34"}],"replies":[{"embeddable":true,"href":"https:\/\/blogs.correiobraziliense.com.br\/aricunha\/wp-json\/wp\/v2\/comments?post=8219"}],"version-history":[{"count":1,"href":"https:\/\/blogs.correiobraziliense.com.br\/aricunha\/wp-json\/wp\/v2\/posts\/8219\/revisions"}],"predecessor-version":[{"id":8220,"href":"https:\/\/blogs.correiobraziliense.com.br\/aricunha\/wp-json\/wp\/v2\/posts\/8219\/revisions\/8220"}],"wp:attachment":[{"href":"https:\/\/blogs.correiobraziliense.com.br\/aricunha\/wp-json\/wp\/v2\/media?parent=8219"}],"wp:term":[{"taxonomy":"category","embeddable":true,"href":"https:\/\/blogs.correiobraziliense.com.br\/aricunha\/wp-json\/wp\/v2\/categories?post=8219"},{"taxonomy":"post_tag","embeddable":true,"href":"https:\/\/blogs.correiobraziliense.com.br\/aricunha\/wp-json\/wp\/v2\/tags?post=8219"}],"curies":[{"name":"wp","href":"https:\/\/api.w.org\/{rel}","templated":true}]}}