{"id":8210,"date":"2016-10-06T03:41:42","date_gmt":"2016-10-06T06:41:42","guid":{"rendered":"https:\/\/blogs.correiobraziliense.com.br\/aricunha\/?p=8210"},"modified":"2017-12-14T16:17:43","modified_gmt":"2017-12-14T18:17:43","slug":"corrupcao-que-nos-consome","status":"publish","type":"post","link":"https:\/\/blogs.correiobraziliense.com.br\/aricunha\/corrupcao-que-nos-consome\/","title":{"rendered":"A corrup\u00e7\u00e3o que nos consome"},"content":{"rendered":"<p>DESDE 1960 \u00bb<\/p>\n<p>aricunha@dabr.com.br<\/p>\n<p>com Circe Cunha e MAMFIL<\/p>\n<p>Que rela\u00e7\u00e3o haveria entre a coloca\u00e7\u00e3o do Brasil, como o quarto pa\u00eds mais corrupto do mundo \u2014 de acordo com o \u00edndice divulgado agora pelo F\u00f3rum Econ\u00f4mico Mundial \u2014 e a possibilidade de o Supremo Tribunal Federal rever a decis\u00e3o que permitiu a pris\u00e3o imediata de condenados no \u00e2mbito da segunda inst\u00e2ncia? Para o Juiz S\u00e9rgio Moro, que coordena uma das maiores opera\u00e7\u00f5es contra a corrup\u00e7\u00e3o de toda a hist\u00f3ria do Ocidente, tem tudo a ver. \u201cUm sistema de justi\u00e7a que n\u00e3o chega ao fim de um dado criminal em um per\u00edodo razo\u00e1vel, \u00e9 um privil\u00e9gio de impunidade daqueles que se podem servir deste sistema de justi\u00e7a e que, normalmente, s\u00e3o os poderosos.\u201d Em outras palavras, o que o juiz diz \u00e9 que a capacidade de entrar com recursos protelat\u00f3rios e com todo tipo de chicana, por meio de exclusiv\u00edssimos escrit\u00f3rios de advocacia, \u00e9 uma possibilidade aberta apenas para os muito endinheirados.<\/p>\n<p>Ali\u00e1s, esses mesmos escrit\u00f3rios nunca tiveram tanto servi\u00e7o contratado e tantos lucros como nestes tempos de Opera\u00e7\u00e3o Lava-Jato e cong\u00eaneres, inclusive, o aprofundamento das investiga\u00e7\u00f5es tem feito com que essa e outras opera\u00e7\u00f5es em curso, tenham seus prazos de conclus\u00e3o estendidos sine die. \u201cExiste um grau de imprevisibilidade porque, nessas investiga\u00e7\u00f5es, eventualmente, provas novas v\u00e3o surgindo em rela\u00e7\u00e3o a novos crimes e simplesmente os procuradores, a pol\u00edcia e o juiz n\u00e3o podem virar o rosto de lado e deixar de lidar com o que for aparecendo. De forma que h\u00e1 essa imprevisibilidade\u201d, afirmou o juiz, para quem o Brasil vive hoje \u201ctempos excepcionais\u201d, com a Justi\u00e7a tendo de enfrentar uma verdadeira corrup\u00e7\u00e3o sist\u00eamica que tomou de assalto todo o Estado.<\/p>\n<p>H\u00e1 um ano, quando ainda n\u00e3o se conhecia em profundidade o tamanho do rombo provocado pela corrup\u00e7\u00e3o nos governos petistas, a for\u00e7a-tarefa do Minist\u00e9rio P\u00fablico j\u00e1 detectava que eram aproximadamente de R$ 200 bilh\u00f5es os valores desviados dos cofres p\u00fablicos a cada ano por conta dos esquemas de corrup\u00e7\u00e3o espraiados por toda m\u00e1quina do Estado. O grau de corrup\u00e7\u00e3o \u00e9 um dos indicativos negativos que apontam para os entraves ao crescimento econ\u00f4mico de um pa\u00eds e deixam evid\u00eancias de que h\u00e1 um descontrole na administra\u00e7\u00e3o do Estado, o que afasta a possibilidades de investimentos estrangeiros s\u00e9rios e p\u00f5e em risco a credibilidade de uma na\u00e7\u00e3o em honrar seus compromissos.<\/p>\n<p>No in\u00edcio de 2016, segundo a Transpar\u00eancia Internacional, o Brasil havia despencado para a 76\u00aa posi\u00e7\u00e3o, numa lista de 168 pa\u00edses afetados pela percep\u00e7\u00e3o acentuada de corrup\u00e7\u00e3o. Mesmo na Am\u00e9rica Latina, o Brasil s\u00f3 perde a posi\u00e7\u00e3o de primeiro colocado para a Venezuela, um pa\u00eds totalmente arrasado por uma sequ\u00eancia de governos lar\u00e1pios e ineptos. A situa\u00e7\u00e3o no continente, segundo o F\u00f3rum, chegou a tal ponto que, hoje, ao lado dos imensos problemas da AL, a corrup\u00e7\u00e3o \u00e9 disparada o maior desafio a ser enfrentado com urg\u00eancia.<\/p>\n<p>A corrup\u00e7\u00e3o, com seus bra\u00e7os longos, alcan\u00e7a nos s\u00f3 a possibilidade de novos neg\u00f3cios, mas afeta, sobretudo, a qualidade da educa\u00e7\u00e3o, a presta\u00e7\u00e3o de servi\u00e7os b\u00e1sicos para a popula\u00e7\u00e3o, al\u00e9m de prejudicar a instala\u00e7\u00e3o de infraestrutura necess\u00e1ria ao desenvolvimento, inclusive, com s\u00e9rios reflexos sobre o meio ambiente e o aumento da polui\u00e7\u00e3o. Por seus efeitos delet\u00e9rios, a corrup\u00e7\u00e3o figura muito mais do que um crime hediondo ao roubar o que uma na\u00e7\u00e3o tem de mais precioso, que \u00e9 o futuro de toda uma gera\u00e7\u00e3o.<\/p>\n<p>A frase que foi pronunciada<\/p>\n<p>\u201cA arte n\u00e3o \u00e9 um espelho para refletir o mundo, mas um martelo para forj\u00e1-lo.\u201d<\/p>\n<p>Vladimir Maiak\u00f3vski<\/p>\n<p>CNSeg<\/p>\n<p>\u00bb Dr. M\u00e1rcio Coriolano, presidente da Confedera\u00e7\u00e3o Nacional das Empresas de Seguros Gerais, assinou protocolo de inten\u00e7\u00f5es em prol do desenvolvimento e da execu\u00e7\u00e3o conjunta de projetos relacionados \u00e0 Educa\u00e7\u00e3o em Seguros. A atual gest\u00e3o tem por objetivo levar a toda a popula\u00e7\u00e3o uma nova cultura em rela\u00e7\u00e3o \u00e0 Educa\u00e7\u00e3o em Seguros: Planejamento das finan\u00e7as, prote\u00e7\u00e3o patrimonial, previd\u00eancia privada, sa\u00fade complementar e capitaliza\u00e7\u00e3o.<\/p>\n<p>Na capital<\/p>\n<p>\u00bb O evento da CNSeg, em Bras\u00edlia, ser\u00e1 em 19 de outubro. Um caf\u00e9 da manh\u00e3 no Hotel Windsor. Representantes dos Tr\u00eas Poderes, corretores e pessoas ligadas \u00e0 educa\u00e7\u00e3o financeira s\u00e3o o p\u00fablico-alvo nesse momento. Os presentes v\u00e3o tomar conhecimento do que tem sido feito para combater a desinforma\u00e7\u00e3o sobre o mercado de seguros.<\/p>\n<p>Mobiliza<\/p>\n<p>\u00bb Esse programa de informa\u00e7\u00e3o e educa\u00e7\u00e3o fornecido \u00e0 popula\u00e7\u00e3o \u00e9 consequ\u00eancia direta da Estrat\u00e9gia Nacional de Educa\u00e7\u00e3o Financeira, formada por v\u00e1rios parceiros, al\u00e9m da Cnseg, como a Superintend\u00eancia de Seguros Privados, a Comiss\u00e3o de Valor Mobili\u00e1rio, a Superintend\u00eancia Nacional de Previd\u00eancia Complementar, Febraban, minist\u00e9rios da Fazenda, da Educa\u00e7\u00e3o, do Trabalho e da Justi\u00e7a.<\/p>\n<p>Hist\u00f3ria de Bras\u00edlia<\/p>\n<p>\u00bb Os discursos do sr. An\u00edsio Rocha, no Parlamento, n\u00e3o repercutem da maneira que o parlamentar desejaria. N\u00e3o haveria, para o representante pessedista, outra posi\u00e7\u00e3o sen\u00e3o essa, e \u00e9 por isso que sua opini\u00e3o pouco pesa. Est\u00e1 defendendo causa pr\u00f3pria. (Publicado em 15\/9\/1961)<\/p>\n","protected":false},"excerpt":{"rendered":"<p>DESDE 1960 \u00bb aricunha@dabr.com.br com Circe Cunha e MAMFIL Que rela\u00e7\u00e3o haveria entre a coloca\u00e7\u00e3o do Brasil, como o quarto pa\u00eds mais corrupto do mundo \u2014 de acordo com o \u00edndice divulgado agora pelo F\u00f3rum Econ\u00f4mico Mundial \u2014 e a possibilidade de o Supremo Tribunal Federal rever a decis\u00e3o que permitiu a pris\u00e3o imediata de condenados no \u00e2mbito da segunda [&hellip;]<\/p>\n","protected":false},"author":34,"featured_media":0,"comment_status":"open","ping_status":"closed","sticky":false,"template":"","format":"standard","meta":{"footnotes":""},"categories":[23],"tags":[67],"class_list":["post-8210","post","type-post","status-publish","format-standard","hentry","category-integra","tag-brasilia-historiadebrasilia-aricunha-circecunha-mamfil"],"_links":{"self":[{"href":"https:\/\/blogs.correiobraziliense.com.br\/aricunha\/wp-json\/wp\/v2\/posts\/8210","targetHints":{"allow":["GET"]}}],"collection":[{"href":"https:\/\/blogs.correiobraziliense.com.br\/aricunha\/wp-json\/wp\/v2\/posts"}],"about":[{"href":"https:\/\/blogs.correiobraziliense.com.br\/aricunha\/wp-json\/wp\/v2\/types\/post"}],"author":[{"embeddable":true,"href":"https:\/\/blogs.correiobraziliense.com.br\/aricunha\/wp-json\/wp\/v2\/users\/34"}],"replies":[{"embeddable":true,"href":"https:\/\/blogs.correiobraziliense.com.br\/aricunha\/wp-json\/wp\/v2\/comments?post=8210"}],"version-history":[{"count":1,"href":"https:\/\/blogs.correiobraziliense.com.br\/aricunha\/wp-json\/wp\/v2\/posts\/8210\/revisions"}],"predecessor-version":[{"id":8211,"href":"https:\/\/blogs.correiobraziliense.com.br\/aricunha\/wp-json\/wp\/v2\/posts\/8210\/revisions\/8211"}],"wp:attachment":[{"href":"https:\/\/blogs.correiobraziliense.com.br\/aricunha\/wp-json\/wp\/v2\/media?parent=8210"}],"wp:term":[{"taxonomy":"category","embeddable":true,"href":"https:\/\/blogs.correiobraziliense.com.br\/aricunha\/wp-json\/wp\/v2\/categories?post=8210"},{"taxonomy":"post_tag","embeddable":true,"href":"https:\/\/blogs.correiobraziliense.com.br\/aricunha\/wp-json\/wp\/v2\/tags?post=8210"}],"curies":[{"name":"wp","href":"https:\/\/api.w.org\/{rel}","templated":true}]}}