{"id":8208,"date":"2016-10-05T03:42:46","date_gmt":"2016-10-05T06:42:46","guid":{"rendered":"https:\/\/blogs.correiobraziliense.com.br\/aricunha\/?p=8208"},"modified":"2016-10-05T05:43:22","modified_gmt":"2016-10-05T08:43:22","slug":"ser-idoso-em-pais-hostil","status":"publish","type":"post","link":"https:\/\/blogs.correiobraziliense.com.br\/aricunha\/ser-idoso-em-pais-hostil\/","title":{"rendered":"Ser idoso em pa\u00eds hostil"},"content":{"rendered":"<p>DESDE 1960 \u00bb<\/p>\n<p>aricunha@dabr.com.br<\/p>\n<p>com Circe Cunha e MAMFIL<\/p>\n<p>De acordo com o Instituto de Pesquisa Econ\u00f4mica Aplicada (Ipea), daqui a pouco mais de tr\u00eas anos, o Brasil ter\u00e1 uma popula\u00e7\u00e3o de aproximadamente 5 milh\u00f5es de idosos. Para um pa\u00eds, literalmente falido, sem estruturas f\u00edsicas para recepcionar com seguran\u00e7a e um m\u00ednimo de conforto este grande contingente que vem chegando de mansinho, as perspectivas que se apresentam s\u00e3o sombrias ou, na melhor das hip\u00f3teses, pouco animadoras.<\/p>\n<p>Sem pol\u00edticas claras nem eficazes para enfrentar a nova realidade demogr\u00e1fica, o Estado brasileiro necessita adotar, urgentemente, um conjunto de medidas que visem, ao menos, tornar a vida dessas pessoas um pouco menos sofrida. Pesquisadores alertam para o fato de que a faixa da popula\u00e7\u00e3o que mais cresce hoje no pa\u00eds \u00e9 composta por indiv\u00edduos com m\u00e9dia de 80 anos ou mais. Definitivamente, e todos disso sabem, n\u00e3o temos cidades adaptadas para atender as necessidades especiais dessa faixa et\u00e1ria.<\/p>\n<p>A quest\u00e3o \u00e9 como preparar, em t\u00e3o pouco tempo, um pa\u00eds inteiro para receber os idosos, numa etapa da vida em que naturalmente as pessoas se tornam mais dependentes e fr\u00e1geis, em que aumentam os cuidados com a sa\u00fade, com a locomo\u00e7\u00e3o, o pronto atendimento, a moradia, o lazer e outras atividades necess\u00e1rias para uma vida digna, saud\u00e1vel e alegre.<\/p>\n<p>Mais do que qualquer outro desafio que temos pela frente, e o Brasil tem muitos, a quest\u00e3o do idoso n\u00e3o pode ser adiada e empurrada para gest\u00f5es futuras. Para um Estado que tem sido, desde a sua origem, um ingrato com seus cidad\u00e3os contribuintes, arrancando deles muito mais do que d\u00e1 em troca, a tarefa que se apresenta agora \u00e9 gigantesca. O atendimento a esta popula\u00e7\u00e3o que chega, requer cuidados cont\u00ednuos por 24 horas, 365 dias, e infraestrutura pr\u00f3pria, sem improvisos.<\/p>\n<p>Em levantamento feito em 2010 pelo Ipea, observou-se que 80% das cidades brasileiras n\u00e3o t\u00eam sequer um asilo. Em todo o pa\u00eds, s\u00e3o 3.550 asilos. Desse total, somente 6% s\u00e3o p\u00fablicos. A maioria, 66% s\u00e3o mantidos por entidades filantr\u00f3picas, sem fins lucrativos. Nos asilos particulares as mensalidades giram em torno de R$ 6 mil, custo imposs\u00edvel para a maioria das fam\u00edlias do pa\u00eds. Para muitas fam\u00edlias, principalmente de baixa renda, as vagas nos poucos asilos dispon\u00edveis s\u00f3 s\u00e3o obtidas por meio de a\u00e7\u00e3o judicial para obrigar o Estado a garantir o direito ao acolhimento.<\/p>\n<p>No Brasil, o acolhimento do idoso, segundo a pesquisadora do Ipea, Ana Am\u00e9lia Camarano, ainda \u00e9 feito muito mais segundo uma mentalidade de cunho caridoso e crist\u00e3o do que uma obriga\u00e7\u00e3o pr\u00f3pria do Estado de direito. O problema ganha dimens\u00e3o de trag\u00e9dia humana quando se sabe que parcela significativa dos idosos que s\u00e3o internados em asilos ou hospitais s\u00e3o abandonados e esquecidos por seus familiares.<\/p>\n<p>Segundo o Minist\u00e9rio da Justi\u00e7a e Cidadania, os idosos, como parcela mais vulner\u00e1vel da popula\u00e7\u00e3o sofrem todo tipo de maus tratos, desde neglig\u00eancia, viol\u00eancia psicol\u00f3gica, abuso financeiro com viol\u00eancia patrimonial, al\u00e9m de viol\u00eancia f\u00edsica. Quando se constata que a cada 10 minutos, um idoso \u00e9 agredido no Brasil, vemos que os brasileiros, em pleno s\u00e9culo 21, ainda est\u00e3o na pr\u00e9-hist\u00f3ria quando o assunto \u00e9 cuidado com seus cidad\u00e3os mais vividos. Cidad\u00e3os, diga-se de passagem, que j\u00e1 contribu\u00edram muito e por um longo tempo para a constru\u00e7\u00e3o de um pa\u00eds que ao menos saiba a hora de retribuir com Justi\u00e7a.<\/p>\n<p>A frase que foi pronunciada<\/p>\n<p>\u201cQuem tem um amigo, mesmo que um s\u00f3, n\u00e3o importa onde se encontre, jamais sofrer\u00e1 de solid\u00e3o; poder\u00e1 morrer de saudades, mas n\u00e3o estar\u00e1 s\u00f3.\u201d<\/p>\n<p>Amyr Klink<\/p>\n<p>TCU<\/p>\n<p>\u00bb Dona Dilma Rousseff est\u00e1 na mira do Tribunal de Contas da Uni\u00e3o. Um processo diz respeito a repasses a bancos p\u00fablicos de recursos que foram para programas sociais e o outro questionamento \u00e9 sobre as presta\u00e7\u00f5es de contas de 2015.<\/p>\n<p>Admira\u00e7\u00e3o<\/p>\n<p>\u00bb Lindbergh Farias, Lula e Jaques Wagner s\u00e3o os nomes para o comando do PT. Ainda bem que o senador Paulo Paim \u00e9 mantido ao largo da elite do partido. Assim, pode continuar trabalhando e sendo admirado pela efici\u00eancia e honestidade.<\/p>\n<p>Pref\u00e1cio<\/p>\n<p>\u00bb Quem assinou o pref\u00e1cio do livro Opera\u00e7\u00e3o M\u00e3os Limpas da It\u00e1lia, escrito por Gianni Barbaceto foi o juiz S\u00e9rgio Moro. O trecho mais comentado sobre o texto do juiz \u00e9 quando ele diz que para ser corrompido \u00e9 preciso de outra pessoa.<\/p>\n<p>Educa\u00e7\u00e3o<\/p>\n<p>\u00bb Vamos ver como vai ficar 2017. Por enquanto j\u00e1 s\u00e3o tr\u00eas meses que as universidades particulares n\u00e3o recebem o pagamento do Fies. S\u00e3o mais de R$ 3,5 bilh\u00f5es em atraso. S\u00f3 de taxas banc\u00e1rias o valor \u00e9 de R$ 702 milh\u00f5es.<\/p>\n<p>Hist\u00f3ria de Bras\u00edlia<\/p>\n<p>Reconhe\u00e7amos que o sr. Mauro Borges prestou, nesses \u00faltimos dias de crise pol\u00edtica, relevantes servi\u00e7os. Foi um esteio da democracia, baluarte da legalidade. Esperemos, agora, que ele mantenha sua posi\u00e7\u00e3o, abrindo m\u00e3o dos esquemas pol\u00edticos, defendendo Bras\u00edlia. (Publicado em 15\/9\/1961)<\/p>\n","protected":false},"excerpt":{"rendered":"<p>DESDE 1960 \u00bb aricunha@dabr.com.br com Circe Cunha e MAMFIL De acordo com o Instituto de Pesquisa Econ\u00f4mica Aplicada (Ipea), daqui a pouco mais de tr\u00eas anos, o Brasil ter\u00e1 uma popula\u00e7\u00e3o de aproximadamente 5 milh\u00f5es de idosos. Para um pa\u00eds, literalmente falido, sem estruturas f\u00edsicas para recepcionar com seguran\u00e7a e um m\u00ednimo de conforto este grande contingente que vem chegando [&hellip;]<\/p>\n","protected":false},"author":34,"featured_media":0,"comment_status":"closed","ping_status":"closed","sticky":false,"template":"","format":"standard","meta":{"footnotes":""},"categories":[23],"tags":[],"class_list":["post-8208","post","type-post","status-publish","format-standard","hentry","category-integra"],"_links":{"self":[{"href":"https:\/\/blogs.correiobraziliense.com.br\/aricunha\/wp-json\/wp\/v2\/posts\/8208","targetHints":{"allow":["GET"]}}],"collection":[{"href":"https:\/\/blogs.correiobraziliense.com.br\/aricunha\/wp-json\/wp\/v2\/posts"}],"about":[{"href":"https:\/\/blogs.correiobraziliense.com.br\/aricunha\/wp-json\/wp\/v2\/types\/post"}],"author":[{"embeddable":true,"href":"https:\/\/blogs.correiobraziliense.com.br\/aricunha\/wp-json\/wp\/v2\/users\/34"}],"replies":[{"embeddable":true,"href":"https:\/\/blogs.correiobraziliense.com.br\/aricunha\/wp-json\/wp\/v2\/comments?post=8208"}],"version-history":[{"count":1,"href":"https:\/\/blogs.correiobraziliense.com.br\/aricunha\/wp-json\/wp\/v2\/posts\/8208\/revisions"}],"predecessor-version":[{"id":8209,"href":"https:\/\/blogs.correiobraziliense.com.br\/aricunha\/wp-json\/wp\/v2\/posts\/8208\/revisions\/8209"}],"wp:attachment":[{"href":"https:\/\/blogs.correiobraziliense.com.br\/aricunha\/wp-json\/wp\/v2\/media?parent=8208"}],"wp:term":[{"taxonomy":"category","embeddable":true,"href":"https:\/\/blogs.correiobraziliense.com.br\/aricunha\/wp-json\/wp\/v2\/categories?post=8208"},{"taxonomy":"post_tag","embeddable":true,"href":"https:\/\/blogs.correiobraziliense.com.br\/aricunha\/wp-json\/wp\/v2\/tags?post=8208"}],"curies":[{"name":"wp","href":"https:\/\/api.w.org\/{rel}","templated":true}]}}