{"id":8201,"date":"2016-09-30T03:19:57","date_gmt":"2016-09-30T06:19:57","guid":{"rendered":"https:\/\/blogs.correiobraziliense.com.br\/aricunha\/?p=8201"},"modified":"2016-10-04T07:21:14","modified_gmt":"2016-10-04T10:21:14","slug":"urnas-eleitorais-manchadas-de-sangue","status":"publish","type":"post","link":"https:\/\/blogs.correiobraziliense.com.br\/aricunha\/urnas-eleitorais-manchadas-de-sangue\/","title":{"rendered":"Urnas eleitorais manchadas de sangue"},"content":{"rendered":"<p>DESDE 1960 \u00bb<\/p>\n<p>aricunha@dabr.com.br<\/p>\n<p>com Circe Cunha com MAMFIL<\/p>\n<p>Depois do \u201cn\u00f3s contra eles\u201d, que instaurou no Brasil p\u00f3s-abertura o per\u00edodo do apartheid e do \u00f3dio a todos os contr\u00e1rios, e mesmo depois da judicializa\u00e7\u00e3o do mundo da pol\u00edtica, com a Pol\u00edcia Federal batendo \u00e0 porta de ex-figur\u00f5es de uma Rep\u00fablica que se pretendia bolivariana e se esvaiu pelo ralo, foi aberta agora a temporada de ca\u00e7a aos candidatos.<\/p>\n<p>O aprendizado de democracia tem sido surpreendente para os brasileiros. Desde que foi dada a largada para as disputas eleitorais, nada menos do que 20 assassinatos foram registrados por todo o pa\u00eds. A maioria dos crimes ocorreu por emboscadas, com o uso de armas de fogo, inclusive por meio de armamento pesado, como fuzis .Trata-se , pelo volume de atentados, de situa\u00e7\u00e3o in\u00e9dita na hist\u00f3ria do pa\u00eds.<\/p>\n<p>Aparentemente, os crimes nas diversas regi\u00f5es do pa\u00eds n\u00e3o t\u00eam rela\u00e7\u00e3o entre si. Somente no Rio de Janeiro, j\u00e1 s\u00e3o 14 o n\u00famero de assassinatos de candidatos. Esses n\u00fameros poderiam ser muito maiores, caso os atentados e amea\u00e7as a candidatos tivessem logrado \u00eaxito. Casas e carros t\u00eam sido alvejados por tiros. Cartas com amea\u00e7as t\u00eam sido enviadas, emboscadas armadas, pessoas baleadas, sobrevivido. Al\u00e9m desse cen\u00e1rio de bang bang nas campanhas pol\u00edticas, as amea\u00e7as e brigas s\u00e3o uma constante.<\/p>\n<p>A situa\u00e7\u00e3o ganhou tamanha dimens\u00e3o que o presidente do Tribunal Superior Eleitoral, ministro Gilmar Mendes, considera a situa\u00e7\u00e3o \u201cextremamente grave\u201d. \u201cH\u00e1 incidentes que podem n\u00e3o ter conota\u00e7\u00e3o eleitoral, mas a maioria tem\u201d, afirmou Mendes. Quem ousa concorrer aos diversos redutos controlados pelo crime organizado, por traficantes, ou mesmo nas localidades dominadas pelas mil\u00edcias, corre s\u00e9rio risco de morte.<\/p>\n<p>Esses verdadeiros feudos, mantidos pelos criminosos em diversos estados, al\u00e9m de mandar eliminar candidatos com discursos contr\u00e1rios aos seus interesses, t\u00eam financiado diretamente a candidatura de pessoas ligadas ao mundo do crime, na tentativa de lan\u00e7ar bra\u00e7os criminosos tamb\u00e9m nas institui\u00e7\u00f5es e na m\u00e1quina do Estado.<\/p>\n<p>Pelo potencial desses atentados, \u00e9 claro que a For\u00e7a Nacional, mesmo contando com milhares de homens, n\u00e3o dar\u00e1 conta do recado. \u00c9 preciso a atua\u00e7\u00e3o investigativa da Pol\u00edcia Federal para eliminar, na origem, as tentativas. Caso contr\u00e1rio, a penetra\u00e7\u00e3o do crime organizado, dentro das institui\u00e7\u00f5es legais, se \u00e9 que j\u00e1 n\u00e3o est\u00e1 infiltrado, resultar\u00e1 em enorme problema no futuro pr\u00f3ximo.<\/p>\n<p>N\u00e3o bastassem os in\u00fameros casos de corrup\u00e7\u00e3o que v\u00e3o sendo revelados a cada dia, envolvendo praticamente todos os partidos, na divis\u00e3o de um butim bilion\u00e1rio, surge agora mais esse contratempo no nosso longo caminho at\u00e9 a democracia plena.<\/p>\n<p>A frase que n\u00e3o foi pronunciada<\/p>\n<p>\u201cA chuva parece aplauso ca\u00eddo do c\u00e9u para a natureza que protege o homem.\u201d<\/p>\n<p>Uma crian\u00e7a cega que percebeu semelhan\u00e7a entre o barulho dos aplausos e o da chuva<\/p>\n<p> Anatel<\/p>\n<p>\u00bb Depois de colocar no canal National Geographic e ter a surpresa de ver que o espa\u00e7o em um hor\u00e1rio da manh\u00e3 foi vendido \u00e0 Polishop, o espectador registrou uma reclama\u00e7\u00e3o na Anatel. Hoje veio a resposta da NET. Um descontinho de 20% . A pergunta veio na hora da proposta: Voc\u00eas est\u00e3o pagando para o cliente calar a boca? Nova liga\u00e7\u00e3o para a Anatel.<\/p>\n<p>Amil<\/p>\n<p>\u00bb Por falar em rela\u00e7\u00e3o consumerista, do jeito que est\u00e1 n\u00e3o d\u00e1 para continuar. O Plano Amil Dental j\u00e1 causou aborrecimento duas vezes para um cliente que \u00e9 professor. Desmarcou as aulas para poder marcar uma cirurgia na cl\u00ednica Oral Face que seria em duas semanas. Recebeu, um dia antes, a informa\u00e7\u00e3o de que o procedimento foi adiado. O fato j\u00e1 havia acontecido em outra cl\u00ednica do Conjunto Nacional, a Oralflex.<\/p>\n<p> Sem educa\u00e7\u00e3o<\/p>\n<p>\u00bb A Biblioteca da UnB \u00e9 uma das melhores da cidade. Aberta das 7h \u00e0s 23h45 e, das 8h \u00e0s 17h45, nos s\u00e1bado, domingo e feriado. Pena que os protestos ideol\u00f3gicos cerrem as portas do local de estudo e conhecimento.<\/p>\n<p>Sem azar I<\/p>\n<p>\u00bb Come\u00e7a, em 6 de outubro, o ciclo de palestras \u201cLegalizar a jogatina \u00e9 solu\u00e7\u00e3o para o Brasil?\u201d O evento \u00e9 promovido pela Procuradoria-Geral da Rep\u00fablica e ser\u00e1 no audit\u00f3rio Juscelino Kubitscheck, no Setor de Autarquias Federais.?<\/p>\n<p>Sem azar II<\/p>\n<p>\u00bb \u201cA jogatina e a fal\u00e1cia dos ganhos para o estado\u201d tema apresentado por Ricardo Gazel, doutor em economia pela Universidade de Illinois, especialista em gest\u00e3o p\u00fablica.<\/p>\n<p>Sem azar III<\/p>\n<p>\u00bb \u201cLegaliza\u00e7\u00e3o beneficiar\u00e1 organiza\u00e7\u00f5es criminosas\u201d assunto proferido por Peterson de Paula Pereira, procurador da Rep\u00fablica, secret\u00e1rio de Rela\u00e7\u00f5es Institucionais da Procuradoria-Geral da Rep\u00fablica.<\/p>\n<p> Hist\u00f3ria de Bras\u00edlia<\/p>\n<p>Sabe o governador de Goi\u00e1s que qualquer pol\u00edtico indicado para o cargo ter\u00e1 fechadas as portas do Minist\u00e9rio da Fazenda, do Banco do Brasil. E os pol\u00edticos fazem sempre assim: organizam os esquemas, elaboram as f\u00f3rmulas, escolhem os homens nos quadros partid\u00e1rios e, no fim, negam dinheiro, para que ele n\u00e3o se projete dentre os seus companheiros de partido. (Publicado em 15\/9\/1961)<\/p>\n","protected":false},"excerpt":{"rendered":"<p>DESDE 1960 \u00bb aricunha@dabr.com.br com Circe Cunha com MAMFIL Depois do \u201cn\u00f3s contra eles\u201d, que instaurou no Brasil p\u00f3s-abertura o per\u00edodo do apartheid e do \u00f3dio a todos os contr\u00e1rios, e mesmo depois da judicializa\u00e7\u00e3o do mundo da pol\u00edtica, com a Pol\u00edcia Federal batendo \u00e0 porta de ex-figur\u00f5es de uma Rep\u00fablica que se pretendia bolivariana e se esvaiu pelo ralo, [&hellip;]<\/p>\n","protected":false},"author":34,"featured_media":0,"comment_status":"closed","ping_status":"closed","sticky":false,"template":"","format":"standard","meta":{"footnotes":""},"categories":[23],"tags":[],"class_list":["post-8201","post","type-post","status-publish","format-standard","hentry","category-integra"],"_links":{"self":[{"href":"https:\/\/blogs.correiobraziliense.com.br\/aricunha\/wp-json\/wp\/v2\/posts\/8201","targetHints":{"allow":["GET"]}}],"collection":[{"href":"https:\/\/blogs.correiobraziliense.com.br\/aricunha\/wp-json\/wp\/v2\/posts"}],"about":[{"href":"https:\/\/blogs.correiobraziliense.com.br\/aricunha\/wp-json\/wp\/v2\/types\/post"}],"author":[{"embeddable":true,"href":"https:\/\/blogs.correiobraziliense.com.br\/aricunha\/wp-json\/wp\/v2\/users\/34"}],"replies":[{"embeddable":true,"href":"https:\/\/blogs.correiobraziliense.com.br\/aricunha\/wp-json\/wp\/v2\/comments?post=8201"}],"version-history":[{"count":2,"href":"https:\/\/blogs.correiobraziliense.com.br\/aricunha\/wp-json\/wp\/v2\/posts\/8201\/revisions"}],"predecessor-version":[{"id":8203,"href":"https:\/\/blogs.correiobraziliense.com.br\/aricunha\/wp-json\/wp\/v2\/posts\/8201\/revisions\/8203"}],"wp:attachment":[{"href":"https:\/\/blogs.correiobraziliense.com.br\/aricunha\/wp-json\/wp\/v2\/media?parent=8201"}],"wp:term":[{"taxonomy":"category","embeddable":true,"href":"https:\/\/blogs.correiobraziliense.com.br\/aricunha\/wp-json\/wp\/v2\/categories?post=8201"},{"taxonomy":"post_tag","embeddable":true,"href":"https:\/\/blogs.correiobraziliense.com.br\/aricunha\/wp-json\/wp\/v2\/tags?post=8201"}],"curies":[{"name":"wp","href":"https:\/\/api.w.org\/{rel}","templated":true}]}}