{"id":8199,"date":"2016-10-04T04:17:25","date_gmt":"2016-10-04T07:17:25","guid":{"rendered":"https:\/\/blogs.correiobraziliense.com.br\/aricunha\/?p=8199"},"modified":"2016-10-04T07:18:25","modified_gmt":"2016-10-04T10:18:25","slug":"eleicoes-dao-o-troco","status":"publish","type":"post","link":"https:\/\/blogs.correiobraziliense.com.br\/aricunha\/eleicoes-dao-o-troco\/","title":{"rendered":"Elei\u00e7\u00f5es d\u00e3o o troco"},"content":{"rendered":"<p>DESDE 1960 \u00bb<\/p>\n<p>aricunha@dabr.com.br<\/p>\n<p>com Circe Cunha \/\/ circecunha.df@dabr.com.br<\/p>\n<p>Passadas as elei\u00e7\u00f5es municipais, muitas li\u00e7\u00f5es podem ser tiradas do resultado das urnas. A principal delas, com a qual est\u00e3o de acordo nove em cada 10 especialistas, \u00e9 que o partido que por tr\u00eas vezes ocupou o Pal\u00e1cio do Planalto, ao longo de 13 anos, foi o maior perdedor isoladamente. Fato semelhante tamb\u00e9m aconteceu no s\u00e9culo pasado,  com a Alian\u00e7a Renovadora Nacional (Arena), fundada em 1965 por vontade dos militares no poder. Naquela ocasi\u00e3o, os dirigentes apregoavam orgulhosos para todo mundo ouvir que a legenda era o maior partido pol\u00edtico do Ocidente. Queriam, com isso, reafirmar que, por muito tempo, n\u00e3o haveria no horizonte nacional qualquer outra for\u00e7a pol\u00edtica capaz de contrapor-lhes ,em poder e prest\u00edgio. Essa ilus\u00e3o durou enquanto a oposi\u00e7\u00e3o e as elei\u00e7\u00f5es se apresentavam de modo t\u00edmido e medroso.<\/p>\n<p>Nas elei\u00e7\u00f5es de 1974, a coisa mudou de figura, com a elei\u00e7\u00e3o de uma quantidade de candidatos do MDB,que se opunha ao governo de farda. Restou ao Executivo a cria\u00e7\u00e3o r\u00e1pida e sui generis da figura dos senadores e governadores bi\u00f4nicos, escolhidos diretamente pelo Planalto para se contrapor ao avan\u00e7o imprevisto da oposi\u00e7\u00e3o. A partir daquele ano, a Arena embicou ladeira abaixo. Perdeu parte da cobertura nacional, restando como pr\u00eamio de consola\u00e7\u00e3o o apoio apenas da regi\u00e3o Nordeste, que, por motivos pragm\u00e1ticos, sempre necessitou da ajuda do poder central. O mesmo ocorre agora com o Partido dos Trabalhadores.<\/p>\n<p>Se nomearmos um coveiro oficial dessa legenda, sem d\u00favida o nome de Dilma Rousseff aparece no topo da lista. Se identificarmos um fato para a derrocada do partido nessas elei\u00e7\u00f5es, o esc\u00e2ndalo de corrup\u00e7\u00e3o do petrol\u00e3o est\u00e1 em primeiro lugar. Se buscarmos um representante da Justi\u00e7a para a derrota do PT, S\u00e9rgio Moro \u00e9 o nome escolhido. Se escolhermos uma v\u00edtima direta da farra patrimonialista que tomou conta do Estado, a Petrobras \u00e9 a personagem.<\/p>\n<p>Em todo caso, esses n\u00e3o seriam ainda os respons\u00e1veis maiores pelo encolhimento da legenda que pretendia se eternizar no poder. Disparado no topo da lista daqueles que, de alguma forma, deram o troco as malfeitorias do PT, est\u00e3o os eleitores de todo o pa\u00eds. Insens\u00edveis \u00e0s mudan\u00e7as do vento, as lideran\u00e7as do antigo ocupante do Planalto n\u00e3o seguiram o receitu\u00e1rio recomendado por alguns filiados mais antenados de refundar a legenda, mudando n\u00e3o s\u00f3 o logotipo e cores da marca, mas sobretudo as lideran\u00e7as maiores. A sepultura que Dilma cavou com as m\u00e3os para enterrar a legenda em cova funda, Lula tratou de cobrir de terra com os p\u00e9s ligeiros. J\u00e1 v\u00e3o tarde.<\/p>\n<p> A frase que foi pronunciada:<\/p>\n<p>\u201cMilitares e formigas batem contin\u00eancia?\u201d<\/p>\n<p>Frase ouvida ao passar pela janela do col\u00e9gio Maur\u00edcio Salles de Melo<\/p>\n<p>Cores<\/p>\n<p>\u00bb Rold\u00e3o Simas Filho, leitor ass\u00edduo da coluna, sugere que o nome da segunda ponte do Lago Sul, a Ponte Costa e Silva, seja mudado para Ponte das Flores, e que um belo bosque seja plantado na cabeceira da ponte com ip\u00eas de diversas cores, paineiras, flamboyants ou bougainvilles.<\/p>\n<p>Transporte<\/p>\n<p>\u00bb De mansinho, o transporte pirata vai tomando corpo e espa\u00e7o. Por todo o DF, a falta de \u00f4nibus, a demora, principalmente nos fins de semana, s\u00e3o o chamariz para os passageiros optarem pelo alternativo. Perigo pela falta de presen\u00e7a do Estado.<\/p>\n<p>Sofr\u00edvel<\/p>\n<p>\u00bb Por falar em aus\u00eancia do Estado, o Detran no Na Hora da Rodovi\u00e1ria estava com 400 pessoas se empurrando para atendimento na manh\u00e3 de s\u00e1bado. Ao ouvirem que ningu\u00e9m seria atendido, depois de esperar por horas a fio em uma fila, a massa se revoltou. Os tempos est\u00e3o mudando. Ou o Detran se moderniza para desburocratizar o atendimento, e retornar \u00e0 popula\u00e7\u00e3o a fortuna que arrecada,  ou nunca haver\u00e1 greve com o apoio da popula\u00e7\u00e3o.<\/p>\n<p> Qualidade<\/p>\n<p>\u00bb Poucas embaixadas em Bras\u00edlia s\u00e3o ativas culturalmente como a de Portugal. O Instituto Cam\u00f5es e a Siglaviva convidam para o lan\u00e7amento do livro Os doentios (contos 1881), de Fialho de Almeida, um cl\u00e1ssico portugu\u00eas do s\u00e9culo 19, no pr\u00f3ximo dia 13,  \u00e0s 19h30, no audit\u00f3rio da representa\u00e7\u00e3o diplom\u00e1tica. A vida e obra do escritor ser\u00e1 conhecida pelo p\u00fablico, com uma palestra da professora L\u00facia Helena Marques Ribeiro, da UnB. Fialho de Almeida est\u00e1 entre E\u00e7a de Queiroz e Camilo Castelo Branco.<\/p>\n<p> Regalo<\/p>\n<p>\u00bb Por falar em livros, uma sugest\u00e3o de presente de Natal aos amigos que gostam da boa leitura.  Um livro fluente, atual e inteligente: Tr\u00eas hist\u00f3rias estranhas, do escritor, dramaturgo e compositor Marcus Mota. \u00c9 bom que Bras\u00edlia valorize esse talento. Marcus Mota mora na cidade, \u00e9 professor universit\u00e1rio e est\u00e1 adiante do nosso tempo.<\/p>\n<p>Menu claro<\/p>\n<p>\u00bb \u00c9 simplesmente insuport\u00e1vel o n\u00famero de vezes que a Claro invade com mensagens de vendas os aparelhos do cliente sem permiss\u00e3o. Durante uma opera\u00e7\u00e3o importante, ou de uma conversa, chegam as mensagens Menu Claro sobre prote\u00e7\u00e3o de CPF, Claro Esportes e por a\u00ed vai. Pior. A assessoria nos liga querendo saber como pode resolver nosso problema. A resposta \u00e9 a de sempre: Minha filha, resolva o problema da popula\u00e7\u00e3o brasileira com a Claro. \u00c9 por isso<br \/>\nque eu escrevo!<\/p>\n<p> Hist\u00f3ria de Bras\u00edlia<\/p>\n<p>N\u00e3o, governador! Esta cidade \u00e9 sua, tamb\u00e9m, e \u00e9 o Distrito Federal. Sabe o senhor que qualquer pol\u00edtico, por mais honesto que seja, administrando Bras\u00edlia ter\u00e1, for\u00e7osamente, de pender para o lado pol\u00edtico, e, se for de Goi\u00e1s, a proximidade do Estado ir\u00e1, certamente, prejudicar a administra\u00e7\u00e3o. (Publicado em 15\/9\/1961)<\/p>\n","protected":false},"excerpt":{"rendered":"<p>DESDE 1960 \u00bb aricunha@dabr.com.br com Circe Cunha \/\/ circecunha.df@dabr.com.br Passadas as elei\u00e7\u00f5es municipais, muitas li\u00e7\u00f5es podem ser tiradas do resultado das urnas. A principal delas, com a qual est\u00e3o de acordo nove em cada 10 especialistas, \u00e9 que o partido que por tr\u00eas vezes ocupou o Pal\u00e1cio do Planalto, ao longo de 13 anos, foi o maior perdedor isoladamente. Fato [&hellip;]<\/p>\n","protected":false},"author":34,"featured_media":0,"comment_status":"closed","ping_status":"closed","sticky":false,"template":"","format":"standard","meta":{"footnotes":""},"categories":[23],"tags":[],"class_list":["post-8199","post","type-post","status-publish","format-standard","hentry","category-integra"],"_links":{"self":[{"href":"https:\/\/blogs.correiobraziliense.com.br\/aricunha\/wp-json\/wp\/v2\/posts\/8199","targetHints":{"allow":["GET"]}}],"collection":[{"href":"https:\/\/blogs.correiobraziliense.com.br\/aricunha\/wp-json\/wp\/v2\/posts"}],"about":[{"href":"https:\/\/blogs.correiobraziliense.com.br\/aricunha\/wp-json\/wp\/v2\/types\/post"}],"author":[{"embeddable":true,"href":"https:\/\/blogs.correiobraziliense.com.br\/aricunha\/wp-json\/wp\/v2\/users\/34"}],"replies":[{"embeddable":true,"href":"https:\/\/blogs.correiobraziliense.com.br\/aricunha\/wp-json\/wp\/v2\/comments?post=8199"}],"version-history":[{"count":1,"href":"https:\/\/blogs.correiobraziliense.com.br\/aricunha\/wp-json\/wp\/v2\/posts\/8199\/revisions"}],"predecessor-version":[{"id":8200,"href":"https:\/\/blogs.correiobraziliense.com.br\/aricunha\/wp-json\/wp\/v2\/posts\/8199\/revisions\/8200"}],"wp:attachment":[{"href":"https:\/\/blogs.correiobraziliense.com.br\/aricunha\/wp-json\/wp\/v2\/media?parent=8199"}],"wp:term":[{"taxonomy":"category","embeddable":true,"href":"https:\/\/blogs.correiobraziliense.com.br\/aricunha\/wp-json\/wp\/v2\/categories?post=8199"},{"taxonomy":"post_tag","embeddable":true,"href":"https:\/\/blogs.correiobraziliense.com.br\/aricunha\/wp-json\/wp\/v2\/tags?post=8199"}],"curies":[{"name":"wp","href":"https:\/\/api.w.org\/{rel}","templated":true}]}}