{"id":8197,"date":"2016-10-01T07:16:20","date_gmt":"2016-10-01T10:16:20","guid":{"rendered":"https:\/\/blogs.correiobraziliense.com.br\/aricunha\/?p=8197"},"modified":"2016-10-04T07:16:56","modified_gmt":"2016-10-04T10:16:56","slug":"mesa-diretora-da-cl-arma-banquete-da-salvacao","status":"publish","type":"post","link":"https:\/\/blogs.correiobraziliense.com.br\/aricunha\/mesa-diretora-da-cl-arma-banquete-da-salvacao\/","title":{"rendered":"Mesa Diretora da CL arma banquete da salva\u00e7\u00e3o"},"content":{"rendered":"<p>Desde 1960<\/p>\n<p>aricunha@dabr.com.br<\/p>\n<p>com Circe Cunha e MAMFIl<\/p>\n<p>N\u00e3o chega a ser surpresa a decis\u00e3o da Mesa Diretora da C\u00e2mara Legislativa de suspender as investiga\u00e7\u00f5es internas, por tempo indeterminado, contra os cinco deputados distritais afastados da Casa pelo Tribunal de Justi\u00e7a do Distrito Federal  (TJDF) a pedido do Minist\u00e9rio P\u00fablico, no rumoroso caso da Opera\u00e7\u00e3o Dr\u00e1con.<\/p>\n<p>Para quem conhece o modus operandi sorrateiro e o corporativismo maroto dos deputados distritais, a decis\u00e3o do atual presidente da Mesa, Juarez\u00e3o, tomada na calada da noite da \u00faltima ter\u00e7a-feira, era s\u00f3 quest\u00e3o de tempo, at\u00e9 a poeira baixar e cobrir a mem\u00f3ria com o p\u00f3 fino do esquecimento. A arma\u00e7\u00e3o da atual Mesa busca jogar para futuro long\u00ednquo e incerto as poss\u00edveis perdas de mandatos desses ilustres representantes da sociedade brasiliense. Trata-se, obviamente, de vis\u00edvel manobra, gestada depois de forte press\u00e3o feita pelos pr\u00f3prios acusados.<\/p>\n<p>A medida, adotada sob o argumento pueril de que \u201cn\u00e3o se pode condenar um inocente ou inocentar um culpado\u201d, configura um arranjo puramente interno, arquitetado para anistiar uma camarilha para a qual, a popula\u00e7\u00e3o, ou mais precisamente os eleitores, j\u00e1 mostrou o cart\u00e3o vermelho.<\/p>\n<p>Caso existisse na CL um mecanismo de recall, semelhante ao que as montadoras de autom\u00f3veis utilizam para tirar das ruas os carros com defeito de fabrica\u00e7\u00e3o, esses deputados seriam automaticamente substitu\u00eddos, sem trauma ou trambiques de qualquer ordem. A rigor, \u00e9 preciso ressaltar que houve, por parte dos \u00f3rg\u00e3os de justi\u00e7a que analisam o caso, elementos mais do que suficientes para que fosse pedido o afastamento de todos os membros da antiga Mesa Diretora. Ademais, a sociedade, por diversos meios, j\u00e1 manifestou claramente seu desejo de que todos sejam afastados da CL, para que o processo de investiga\u00e7\u00e3o tenha sequ\u00eancia livre, sem interfer\u00eancias indesejadas e prejudiciais.<\/p>\n<p>Mais do que salvar da degola esses pol\u00edticos sabich\u00f5es, \u00e9 preciso salvaguardar, isto sim, a popula\u00e7\u00e3o do Distrito Federal contra a malversa\u00e7\u00e3o de seu suado dinheiro, pois cada centavo desviado representa um centavo a menos na presta\u00e7\u00e3o de servi\u00e7os p\u00fablicos. Uma visita \u00e0s escolas da periferia ou a um hospital, como o do Parano\u00e1, pode dar a dimens\u00e3o da car\u00eancia de recursos que esses estabelecimentos experimentam no dia a dia.<\/p>\n<p>Caso a decis\u00e3o venha a ser efetivamente publicada no Di\u00e1rio Oficial do DF, estar\u00e1 consumado, sob a chancela da Casa, o maior caso de afronta direta contra os cidad\u00e3os de bem da hist\u00f3ria de Bras\u00edlia. Nesse caso, as repercuss\u00f5es negativas ser\u00e3o imprevis\u00edveis e poder\u00e3o se refletir igualmente sobre todos os membros da atual legislatura, levando de rold\u00e3o protegidos e protetores para a vala comum dos pol\u00edticos ladinos que a popula\u00e7\u00e3o quer ver bem longe.<\/p>\n<p>A frase que n\u00e3o foi pronunciada<br \/>\n\u201cQuando algu\u00e9m pergunta a um autor o que este quis dizer, \u00e9 porque um dos dois \u00e9 burro.\u201d<br \/>\nM\u00e1rio Quintana \u2014 (O tr\u00e1gico dilema)<\/p>\n<p>Procuradoria Geral I<br \/>\nAinda sobre o ciclo de palestras da Procuradoria Geral da Rep\u00fablica, que come\u00e7a em 6 de outubro, \u201cCartas na mesa: do sonho \u00e0 realidade,\u201d apresenta\u00e7\u00e3o de Suely Sales Guimar\u00e3es, doutora em Psicologia pela Universidade de Kansas, ex-pesquisadora da Universidade de Bras\u00edlia (UnB), especialista em psicologia cl\u00ednica e da sa\u00fade.<\/p>\n<p>Procuradoria Geral II<br \/>\nA media\u00e7\u00e3o do debate na PGR ser\u00e1 de Roberto Lasserre. Advogado, vice-presidente da Comiss\u00e3o de Pol\u00edticas P\u00fablicas sobre Drogas da OAB-CE e membro da Coordena\u00e7\u00e3o Colegiada do Movimento Brasil sem Azar.<\/p>\n<p>Sem oxig\u00eanio<br \/>\nCorre na 2\u00aa Vara da Fazenda P\u00fablica do DF uma lide entre a Linde Gases Ltda. e Distrito Federal. Trata-se da retirada dos aparelhos de oxig\u00eanio dos hospitais p\u00fablicos. A magistrada Simone Pena pontua que a conduta da administra\u00e7\u00e3o p\u00fablica de \u201clavar as m\u00e3os\u201d \u00e9 reprov\u00e1vel. \u201cCaber\u00e1 ao Poder Judici\u00e1rio decidir entre a vida humana e a ru\u00edna da empresa contratada\u201d, finaliza.<\/p>\n<p>PAD<br \/>\nMEC e Minist\u00e9rio da Transpar\u00eancia desbarataram crimes contra o er\u00e1rio no Par\u00e1. Dez funcion\u00e1rios do Instituto Federal de Educa\u00e7\u00e3o, Ci\u00eancia e Tecnologia do Par\u00e1 foram expulsos da administra\u00e7\u00e3o p\u00fablica. Depois da Opera\u00e7\u00e3o Liceu, eles responder\u00e3o por improbidade administrativa, les\u00e3o aos cofres p\u00fablicos e ao patrim\u00f4nio e proveito pessoal do cargo.<\/p>\n<p>Hist\u00f3ria de Bras\u00edlia<br \/>\nBras\u00edlia precisa de um homem que tenha for\u00e7a para arrancar as verbas; arrancar \u00e9 bem o termo. De um homem que entenda a equipe, que comande a equipe, e que queira Bras\u00edlia. (Publicado em 15\/9\/1961)<\/p>\n","protected":false},"excerpt":{"rendered":"<p>Desde 1960 aricunha@dabr.com.br com Circe Cunha e MAMFIl N\u00e3o chega a ser surpresa a decis\u00e3o da Mesa Diretora da C\u00e2mara Legislativa de suspender as investiga\u00e7\u00f5es internas, por tempo indeterminado, contra os cinco deputados distritais afastados da Casa pelo Tribunal de Justi\u00e7a do Distrito Federal (TJDF) a pedido do Minist\u00e9rio P\u00fablico, no rumoroso caso da Opera\u00e7\u00e3o Dr\u00e1con. Para quem conhece o [&hellip;]<\/p>\n","protected":false},"author":34,"featured_media":0,"comment_status":"closed","ping_status":"closed","sticky":false,"template":"","format":"standard","meta":{"footnotes":""},"categories":[23],"tags":[],"class_list":["post-8197","post","type-post","status-publish","format-standard","hentry","category-integra"],"_links":{"self":[{"href":"https:\/\/blogs.correiobraziliense.com.br\/aricunha\/wp-json\/wp\/v2\/posts\/8197","targetHints":{"allow":["GET"]}}],"collection":[{"href":"https:\/\/blogs.correiobraziliense.com.br\/aricunha\/wp-json\/wp\/v2\/posts"}],"about":[{"href":"https:\/\/blogs.correiobraziliense.com.br\/aricunha\/wp-json\/wp\/v2\/types\/post"}],"author":[{"embeddable":true,"href":"https:\/\/blogs.correiobraziliense.com.br\/aricunha\/wp-json\/wp\/v2\/users\/34"}],"replies":[{"embeddable":true,"href":"https:\/\/blogs.correiobraziliense.com.br\/aricunha\/wp-json\/wp\/v2\/comments?post=8197"}],"version-history":[{"count":1,"href":"https:\/\/blogs.correiobraziliense.com.br\/aricunha\/wp-json\/wp\/v2\/posts\/8197\/revisions"}],"predecessor-version":[{"id":8198,"href":"https:\/\/blogs.correiobraziliense.com.br\/aricunha\/wp-json\/wp\/v2\/posts\/8197\/revisions\/8198"}],"wp:attachment":[{"href":"https:\/\/blogs.correiobraziliense.com.br\/aricunha\/wp-json\/wp\/v2\/media?parent=8197"}],"wp:term":[{"taxonomy":"category","embeddable":true,"href":"https:\/\/blogs.correiobraziliense.com.br\/aricunha\/wp-json\/wp\/v2\/categories?post=8197"},{"taxonomy":"post_tag","embeddable":true,"href":"https:\/\/blogs.correiobraziliense.com.br\/aricunha\/wp-json\/wp\/v2\/tags?post=8197"}],"curies":[{"name":"wp","href":"https:\/\/api.w.org\/{rel}","templated":true}]}}