{"id":8195,"date":"2016-10-02T06:44:05","date_gmt":"2016-10-02T09:44:05","guid":{"rendered":"https:\/\/blogs.correiobraziliense.com.br\/aricunha\/?p=8195"},"modified":"2016-10-04T07:15:21","modified_gmt":"2016-10-04T10:15:21","slug":"descredito-da-classe-politica","status":"publish","type":"post","link":"https:\/\/blogs.correiobraziliense.com.br\/aricunha\/descredito-da-classe-politica\/","title":{"rendered":"Descr\u00e9dito da classe pol\u00edtica"},"content":{"rendered":"<p>DESDE 1960 \u00bb<\/p>\n<p>aricunha@dabr.com.br<\/p>\n<p>com Circe Cunha e MAMFIL<\/p>\n<p>\u00c9 sabido que o descr\u00e9dito da classe pol\u00edtica \u00e9 hoje maior do que em qualquer outra \u00e9poca \u2014 um fen\u00f4meno mundial, que decorre, em grande parte, do distanciamento que a sociedade observa entre a realidade de quem assume o poder e o dia a dia \u00e1rduo do cidad\u00e3o. H\u00e1 casos em que a disparidade entre estes dois mundos chega \u00e0s raias do surrealismo. Na vizinha Venezuela, outrora um dos pa\u00edses mais pr\u00f3speros da Am\u00e9rica do Sul, gra\u00e7as \u00e0 fartura do petr\u00f3leo presente no subsolo, a crise econ\u00f4mica, social e pol\u00edtica, provocada pela implanta\u00e7\u00e3o do chamado bolivarianismo, conduziu o pa\u00eds a um estado de ru\u00edna de tal monta que a incid\u00eancia de crimes, principalmente o furto fam\u00e9lico, se multiplicou por mil.<\/p>\n<p>Os estabelecimentos que vendem comida na capital, Caracas, passaram a ter prote\u00e7\u00e3o e monitoramento igual ou superior ao dos bancos. Um garoto venezuelano franzino, visivelmente subnutrido, reclama nas redes sociais da internet que v\u00e1rias pessoas de sua fam\u00edlia est\u00e3o passando fome, inclusive, sua  m\u00e3e, portadora de doen\u00e7a degenerativa. Ela \u00e9 obrigada a caminhar muitos quil\u00f4metros diariamente para obter comida na fronteira pr\u00f3xima.<\/p>\n<p>No v\u00eddeo que circula pelas redes, \u00e9 mostrado o contraste gritante entre o perfil rechonchudo dos membros do governo, inclusive do l\u00edder m\u00e1ximo, N\u00edcolas Maduro, com sua face redonda superalimentada e o restante da popula\u00e7\u00e3o magra e esqu\u00e1lida.<\/p>\n<p>Estudos apresentados pelo Instituto Eurobar\u00f4metro mostram que a confian\u00e7a na classe pol\u00edtica na Europa oscila pr\u00f3ximo aos 30%. An\u00e1lise semelhante revela que, no Brasil, o n\u00edvel de confian\u00e7a est\u00e1 abaixo de 20%. O Instituto Ibope Opini\u00e3o apresentou pesquisa recente dando conta de que somente 3% dos brasileiros acreditam que os pol\u00edticos defendem os interesses da popula\u00e7\u00e3o. Para a maioria das pessoas ouvidas, apenas 10% dos atuais congressistas podem ser considerados bons pol\u00edticos. Desonestidade, falta com a verdade e insensibilidade s\u00e3o os qualificativos mais amenos dados pela popula\u00e7\u00e3o quando avaliam os pol\u00edticos nacionais.<\/p>\n<p>Nas elei\u00e7\u00f5es que ocorrem, neste domingo, em todo o pa\u00eds, os votos nulos e brancos dispararam e, na maioria dos estados, ocupam a segunda posi\u00e7\u00e3o da prefer\u00eancia dos eleitores. Para o doutor em geografia humana Dem\u00e9trio Magnoli, o descr\u00e9dito dos pol\u00edticos ante a popula\u00e7\u00e3o decorre da degrada\u00e7\u00e3o moral deles pr\u00f3prios e de seus partidos envolvidos em diversos casos de corrup\u00e7\u00e3o.<\/p>\n<p>A m\u00eddia tamb\u00e9m \u00e9 apontada como respons\u00e1vel pelo baixo \u00edndice de aceita\u00e7\u00e3o dos pol\u00edticos, pela den\u00fancia sistem\u00e1tica dos casos de corrup\u00e7\u00e3o, nos quais eles est\u00e3o envolvidos. Outro dado que refor\u00e7a a tese de desgaste dos pol\u00edticos \u00e9 que, em grande parte, os trabalhos do Congresso s\u00e3o pautados diretamente pelo Executivo, dentro do chamado governo de coaliz\u00e3o, em que basta atender a demanda pecuni\u00e1ria das bancadas para ter os projetos aprovados de imediato. Vive-se, assim, uma democracia de fachada, provocada n\u00e3o s\u00f3 pela hipertrofia do Executivo, mas pela fragilidade da classe pol\u00edtica, agrupada aleatoriamente em legendas sem express\u00e3o ideol\u00f3gica ou program\u00e1tica clara.<\/p>\n<p>O problema maior do descr\u00e9dito com a pol\u00edtica e com os pol\u00edticos \u00e9 que esse fen\u00f4meno ocasiona sempre um v\u00e1cuo de poder que \u00e9 imediatamente preenchido pelos oportunistas de plant\u00e3o e salvadores da p\u00e1tria, sempre dispostos a levar vantagens em tudo. N\u00e3o \u00e9 por outra raz\u00e3o que pol\u00edticos como Marcelo Crivella, ligado \u00e0 Igreja Universal, e transformado numa esp\u00e9cie de Mois\u00e9s moderno, despontou nas pesquisas para a prefeitura do Rio de Janeiro. A democracia que temos, por enquanto, resulta, em larga escala, da baixa escolaridade do eleitor brasileiro e do conhecimento que muitos candidatos t\u00eam desse fato.<\/p>\n<p>A frase que foi pronunciada<\/p>\n<p>\u201cFormemos uma p\u00e1tria a todo custo e tudo o demais ser\u00e1 toler\u00e1vel.\u201d<\/p>\n<p>Simon Bol\u00edvar<\/p>\n<p>Decifra-me<\/p>\n<p>\u00bb Henrique Meirelles volta \u00e0 cena e deixa jornalistas desesperados para interpretar suas declara\u00e7\u00f5es. Ao mesmo tempo em que garante que n\u00e3o haver\u00e1 aumento de impostos em 2017, afirma que quer mais arrecada\u00e7\u00e3o.<\/p>\n<p>Sofr\u00edvel<\/p>\n<p>\u00bb Houve tempo em que Jaime Lerner viria a Bras\u00edlia para deixar a cidade transit\u00e1vel para os cadeirantes e pedestres. N\u00e3o aconteceu. O IAB tem todas as ferramentas necess\u00e1rias para uma parceria com o GDF e resolver a quest\u00e3o.<\/p>\n<p>Nota do leitor<\/p>\n<p>\u00bb Bombardear pr\u00e9dios de apartamentos \u00e9 errado. \u00c9 crime de guerra. Onde est\u00e1 nosso Itamaraty? O Brasil tem alguma opini\u00e3o a respeito da S\u00edria ou est\u00e1 tudo bem?<\/p>\n<p>Donos da terra<\/p>\n<p>\u00bb Relatora das Na\u00e7\u00f5es Unidas, Victoria Tauli-Corpuz, elogiou o Minist\u00e9rio P\u00fablico Federal do Mato Grosso do Sul. Ela pediu para que o Brasil seja severo na puni\u00e7\u00e3o dos respons\u00e1veis pelos ataques aos ind\u00edgenas da regi\u00e3o. A situa\u00e7\u00e3o dos ind\u00edgenas no pa\u00eds est\u00e1 grave.<\/p>\n<p>Hist\u00f3ria de Bras\u00edlia<br \/>\nTodos conhecemos as tradi\u00e7\u00f5es pol\u00edticas do governador de Goi\u00e1s, reconhecemos, inclusive, o seu esp\u00edrito progressista, que sempre tem demonstrado, e esperamos sua decis\u00e3o. (Publicado em 15\/9\/1961)<\/p>\n","protected":false},"excerpt":{"rendered":"<p>DESDE 1960 \u00bb aricunha@dabr.com.br com Circe Cunha e MAMFIL \u00c9 sabido que o descr\u00e9dito da classe pol\u00edtica \u00e9 hoje maior do que em qualquer outra \u00e9poca \u2014 um fen\u00f4meno mundial, que decorre, em grande parte, do distanciamento que a sociedade observa entre a realidade de quem assume o poder e o dia a dia \u00e1rduo do cidad\u00e3o. H\u00e1 casos em [&hellip;]<\/p>\n","protected":false},"author":34,"featured_media":0,"comment_status":"closed","ping_status":"closed","sticky":false,"template":"","format":"standard","meta":{"footnotes":""},"categories":[23],"tags":[],"class_list":["post-8195","post","type-post","status-publish","format-standard","hentry","category-integra"],"_links":{"self":[{"href":"https:\/\/blogs.correiobraziliense.com.br\/aricunha\/wp-json\/wp\/v2\/posts\/8195","targetHints":{"allow":["GET"]}}],"collection":[{"href":"https:\/\/blogs.correiobraziliense.com.br\/aricunha\/wp-json\/wp\/v2\/posts"}],"about":[{"href":"https:\/\/blogs.correiobraziliense.com.br\/aricunha\/wp-json\/wp\/v2\/types\/post"}],"author":[{"embeddable":true,"href":"https:\/\/blogs.correiobraziliense.com.br\/aricunha\/wp-json\/wp\/v2\/users\/34"}],"replies":[{"embeddable":true,"href":"https:\/\/blogs.correiobraziliense.com.br\/aricunha\/wp-json\/wp\/v2\/comments?post=8195"}],"version-history":[{"count":1,"href":"https:\/\/blogs.correiobraziliense.com.br\/aricunha\/wp-json\/wp\/v2\/posts\/8195\/revisions"}],"predecessor-version":[{"id":8196,"href":"https:\/\/blogs.correiobraziliense.com.br\/aricunha\/wp-json\/wp\/v2\/posts\/8195\/revisions\/8196"}],"wp:attachment":[{"href":"https:\/\/blogs.correiobraziliense.com.br\/aricunha\/wp-json\/wp\/v2\/media?parent=8195"}],"wp:term":[{"taxonomy":"category","embeddable":true,"href":"https:\/\/blogs.correiobraziliense.com.br\/aricunha\/wp-json\/wp\/v2\/categories?post=8195"},{"taxonomy":"post_tag","embeddable":true,"href":"https:\/\/blogs.correiobraziliense.com.br\/aricunha\/wp-json\/wp\/v2\/tags?post=8195"}],"curies":[{"name":"wp","href":"https:\/\/api.w.org\/{rel}","templated":true}]}}