{"id":8191,"date":"2016-09-29T01:04:21","date_gmt":"2016-09-29T04:04:21","guid":{"rendered":"https:\/\/blogs.correiobraziliense.com.br\/aricunha\/?p=8191"},"modified":"2016-09-29T11:04:53","modified_gmt":"2016-09-29T14:04:53","slug":"brasil-despenca","status":"publish","type":"post","link":"https:\/\/blogs.correiobraziliense.com.br\/aricunha\/brasil-despenca\/","title":{"rendered":"Brasil  despenca"},"content":{"rendered":"<p>DESDE 1960 \u00bb<\/p>\n<p>aricunha@dabr.com.br<\/p>\n<p>com Circe Cunha e MAMFIL<\/p>\n<p>Para o fundador e presidente executivo do F\u00f3rum Econ\u00f4mico Mundial, Klaus Schwab, o decl\u00ednio da abertura da economia global est\u00e1 prejudicando a competitividade e tornando cada vez mais dif\u00edcil, para os l\u00edderes mundiais, manter o crescimento de forma sustent\u00e1vel e inclusiva. Essa avalia\u00e7\u00e3o vem a prop\u00f3sito da divulga\u00e7\u00e3o agora, pelo F\u00f3rum (WEF) em parceria com a Funda\u00e7\u00e3o Dom Cabral, da rela\u00e7\u00e3o contendo o ranking das 138 economias mais competitivas do planeta.<\/p>\n<p>Nessa nova rela\u00e7\u00e3o, o Brasil aparece na vexat\u00f3ria 81\u00aa posi\u00e7\u00e3o, atr\u00e1s de pa\u00edses vizinhos, como Chile, Col\u00f4mbia e Peru,  inclusive de seus parceiros no Brics. Trata-se da pior posi\u00e7\u00e3o entre as economias emergentes, e a situa\u00e7\u00e3o vem piorando desde 2012. Um dos itens que mais chama a aten\u00e7\u00e3o para o desabamento do Brasil no ranking \u00e9 justamente o que trata da inova\u00e7\u00e3o. Nesse quesito, o Brasil desceu da 84\u00aa posi\u00e7\u00e3o em 2015, para a 100\u00aa coloca\u00e7\u00e3o em 2016. A import\u00e2ncia da inova\u00e7\u00e3o e da educa\u00e7\u00e3o na atividade econ\u00f4mica de um pa\u00eds \u00e9 dada pelo fato de que apenas os pa\u00edses que conseguiram ,de alguma forma, superar as barreiras do analfabetismo, investindo maci\u00e7amente em educa\u00e7\u00e3o e em pesquisas ou estabelecendo pontes entre universidades e a ind\u00fastria para a cria\u00e7\u00e3o de novos produtos e novas tecnologias \u00e9 que conseguiram disputar como na\u00e7\u00f5es altamente competitivas.<\/p>\n<p>N\u00e3o existe economia consistente e competitiva onde n\u00e3o h\u00e1 investimentos pesados nem empenho permanente do governo em educa\u00e7\u00e3o e pesquisa. Ao item inova\u00e7\u00e3o se ligam, por extens\u00e3o, todos os demais fatores que ajudam a retardar o desenvolvimento do pa\u00eds. A pr\u00f3pria confian\u00e7a nas institui\u00e7\u00f5es, decorrente do descr\u00e9dito acentuado nas lideran\u00e7as pol\u00edticas na \u00faltima d\u00e9cada, \u00e9 forte componente que emperra a economia, minando a ades\u00e3o e a vontade de investidores s\u00e9rios.<\/p>\n<p>O elevado deficit nas contas p\u00fablicas, resultante da ado\u00e7\u00e3o de um conjunto de pol\u00edticas externas equivocadas, que levaram o Brasil a dar prefer\u00eancia e a aderir ao eixo de pa\u00edses como a mesma posi\u00e7\u00e3o ideol\u00f3gica, caso dos pa\u00edses bolivarianos, come\u00e7a a apresentar os elevados custos negativos dessa op\u00e7\u00e3o. Para Carlos Arruda da Funda\u00e7\u00e3o Dom Cabral, \u201ca crise econ\u00f4mica e pol\u00edtica que se deteriora desde 2014, associada a fatores estruturais e sist\u00eamicos, como sistema regulat\u00f3rio e tribut\u00e1rio inadequados, infraestrutura deficiente, educa\u00e7\u00e3o de baixa qualidade e reduzida produtividade, resulta em uma economia fr\u00e1gil e incapaz de promover avan\u00e7os na competitividade interna e internacional\u201d .<\/p>\n<p>Para os pesquisadores, os pa\u00edses com os mais sofr\u00edveis \u00edndices de competitividade s\u00e3o justamente aqueles cujas institui\u00e7\u00f5es s\u00e3o fracas e desacreditadas pela popula\u00e7\u00e3o, a infraestrutura \u00e9 deficiente e a educa\u00e7\u00e3o \u00e9 de baixa qualidade e n\u00e3o inclusiva, al\u00e9m, claro do p\u00e9ssimo sistema p\u00fablico de sa\u00fade. Temos ainda muito ch\u00e3o pela frente se quisermos nos igualar a pa\u00edses como Cingapura, 2 \u00ba colocado no ranking e, at\u00e9 pouco tempo atr\u00e1s, era tido como subdesenvolvido e na rabeira do mundo.<\/p>\n<p>A frase que n\u00e3o foi pronunciada<\/p>\n<p>\u201cN\u00e3o adianta dar banho em porco. \u201c<\/p>\n<p>Chiquinha, muito chateada com as ordens da m\u00e3e<\/p>\n<p>Corpo<\/p>\n<p>\u00bb Mais um ano com a promessa de acabar a economia mais in\u00fatil do pa\u00eds. Se a hora de trabalhar come\u00e7a mais cedo, \u00e9 preciso acender a luz, se \u00e9 assim, n\u00e3o h\u00e1 economia. A n\u00e3o ser que o n\u00famero de desempregados venha a compensar. O deputado federal catarinense Valdir Colatto autor do projeto de Lei 397\/2007, que acaba com o hor\u00e1rio do ver\u00e3o, declarou que a justificativa para os trabalhadores acordarem mais cedo \u00e9 a mesma usada nos milh\u00f5es de reais gastos pelo SUS para o atendimento dos preju\u00edzos \u00e0 sa\u00fade. O projeto est\u00e1 na Comiss\u00e3o de Seguridade Social da C\u00e2mara dos Deputados.<\/p>\n<p>Idepe<\/p>\n<p>\u00bb Pernambuco est\u00e1 fazendo a mudan\u00e7a na educa\u00e7\u00e3o por conta pr\u00f3pria. O segredo para o sucesso alcan\u00e7ado foi simples. Convencer pais e m\u00e3es a participarem do desenvolvimento dos filhos. Dezoito dos 20 col\u00e9gios com bom desempenho detectado pelo \u00cdndice de Desenvolvimento da Educa\u00e7\u00e3o B\u00e1sica de Pernambuco s\u00e3o do interior.<\/p>\n<p>Saudades<\/p>\n<p>\u00bb Essa prerrogativa do valor social das propriedades poderia fazer voltar com que os porteiros morem nos pr\u00e9dios que trabalham. Era assim no in\u00edcio de Bras\u00edlia e era muito bom. Jos\u00e9 Ivo e Jos\u00e9, o baixinho, e Chico eram os porteiros dos blocos K e J da 305 Sul. Moravam l\u00e1 e compartilhavam a hist\u00f3ria com os moradores. Quem mudou isso n\u00e3o teve sensibilidade para entender a nova capital.<\/p>\n<p>Patrim\u00f4nio<\/p>\n<p>\u00bb Por falar nisso, o Antonio, empacotador do P\u00e3o de A\u00e7ucar do Lago Norte, foi demitido. Era terceirizado, mas o P\u00e3o de A\u00e7ucar poderia contrat\u00e1-lo. Desde quando a SAB ocupava aquele espa\u00e7o, o Antonio fazia as honras da casa. Atencioso e prestativo. Hoje, com 4 filhos, voltou \u00e0 estaca zero, vendendo saco de lixo no estacionamento.<\/p>\n<p>Hist\u00f3ria de Bras\u00edlia<\/p>\n<p>Acompanhando o desenvolvimento da cidade dia a dia, o sr. Mauro Borges bem v\u00ea o que ser\u00e1 o futuro de Bras\u00edlia, se a sua administra\u00e7\u00e3o obedecer a um esquema pol\u00edtico.<br \/>\n(Publicado em 15\/09\/1961)<\/p>\n","protected":false},"excerpt":{"rendered":"<p>DESDE 1960 \u00bb aricunha@dabr.com.br com Circe Cunha e MAMFIL Para o fundador e presidente executivo do F\u00f3rum Econ\u00f4mico Mundial, Klaus Schwab, o decl\u00ednio da abertura da economia global est\u00e1 prejudicando a competitividade e tornando cada vez mais dif\u00edcil, para os l\u00edderes mundiais, manter o crescimento de forma sustent\u00e1vel e inclusiva. Essa avalia\u00e7\u00e3o vem a prop\u00f3sito da divulga\u00e7\u00e3o agora, pelo F\u00f3rum [&hellip;]<\/p>\n","protected":false},"author":34,"featured_media":0,"comment_status":"closed","ping_status":"closed","sticky":false,"template":"","format":"standard","meta":{"footnotes":""},"categories":[23],"tags":[],"class_list":["post-8191","post","type-post","status-publish","format-standard","hentry","category-integra"],"_links":{"self":[{"href":"https:\/\/blogs.correiobraziliense.com.br\/aricunha\/wp-json\/wp\/v2\/posts\/8191","targetHints":{"allow":["GET"]}}],"collection":[{"href":"https:\/\/blogs.correiobraziliense.com.br\/aricunha\/wp-json\/wp\/v2\/posts"}],"about":[{"href":"https:\/\/blogs.correiobraziliense.com.br\/aricunha\/wp-json\/wp\/v2\/types\/post"}],"author":[{"embeddable":true,"href":"https:\/\/blogs.correiobraziliense.com.br\/aricunha\/wp-json\/wp\/v2\/users\/34"}],"replies":[{"embeddable":true,"href":"https:\/\/blogs.correiobraziliense.com.br\/aricunha\/wp-json\/wp\/v2\/comments?post=8191"}],"version-history":[{"count":1,"href":"https:\/\/blogs.correiobraziliense.com.br\/aricunha\/wp-json\/wp\/v2\/posts\/8191\/revisions"}],"predecessor-version":[{"id":8192,"href":"https:\/\/blogs.correiobraziliense.com.br\/aricunha\/wp-json\/wp\/v2\/posts\/8191\/revisions\/8192"}],"wp:attachment":[{"href":"https:\/\/blogs.correiobraziliense.com.br\/aricunha\/wp-json\/wp\/v2\/media?parent=8191"}],"wp:term":[{"taxonomy":"category","embeddable":true,"href":"https:\/\/blogs.correiobraziliense.com.br\/aricunha\/wp-json\/wp\/v2\/categories?post=8191"},{"taxonomy":"post_tag","embeddable":true,"href":"https:\/\/blogs.correiobraziliense.com.br\/aricunha\/wp-json\/wp\/v2\/tags?post=8191"}],"curies":[{"name":"wp","href":"https:\/\/api.w.org\/{rel}","templated":true}]}}