{"id":8189,"date":"2016-09-28T03:25:20","date_gmt":"2016-09-28T06:25:20","guid":{"rendered":"https:\/\/blogs.correiobraziliense.com.br\/aricunha\/?p=8189"},"modified":"2016-09-28T05:25:54","modified_gmt":"2016-09-28T08:25:54","slug":"agua-de-beber-camara","status":"publish","type":"post","link":"https:\/\/blogs.correiobraziliense.com.br\/aricunha\/agua-de-beber-camara\/","title":{"rendered":"\u00c1gua de beber camar\u00e1"},"content":{"rendered":"<p>DESDE 1960 \u00bb<\/p>\n<p>aricunha@dabr.com.br<\/p>\n<p>com Circe Cunha e MAMFIL<\/p>\n<p>Qual \u00e9 a rela\u00e7\u00e3o de causa c consequ\u00eancia poderia existir entre o in\u00e9dito racionamento de \u00e1gua na grande Bras\u00edlia, que levou \u00e0 uma s\u00e9ria crise h\u00eddrica sem precedentes, e o tipo de pol\u00edtica partid\u00e1ria praticada na capital nas \u00faltimas d\u00e9cadas? O que pode, num primeiro momento, parecer situa\u00e7\u00f5es d\u00edspares, na verdade possui uma rela\u00e7\u00e3o \u00edntima e poderosa. Transformadas em moeda de troca, as terras p\u00fablicas no DF foram, desde a emancipa\u00e7\u00e3o pol\u00edtica da capital, usadas de modo irrespons\u00e1vel e criminoso para auferir vantagens de todo tipo, desde a atra\u00e7\u00e3o de votos at\u00e9 a obten\u00e7\u00e3o de lucros para l\u00e1 de suspeitos. \u00c9 v\u00e3 a esperan\u00e7a de que, algum dia, uma comiss\u00e3o parlamentar de inqu\u00e9rito da C\u00e2mara Legislativa desvende esse cipoal de irregularidades.<\/p>\n<p>O alerta dado pela promotora de Justi\u00e7a Marta Eliana de Oliveira mostra preocupa\u00e7\u00e3o com o futuro. &#8220;Estamos em vias de sofrer uma crise h\u00eddrica sem precedentes caso n\u00e3o chova em breve ou chova pouco. No pior dos cen\u00e1rios, nossos reservat\u00f3rios garantem \u00e1gua somente at\u00e9 dezembro. A popula\u00e7\u00e3o precisa adotar com urg\u00eancia a pr\u00e1tica de economizar \u00e1gua. N\u00e3o podemos fazer chover, mas podemos passar a usar a \u00e1gua com responsabilidade e consci\u00eancia, de modo sustent\u00e1vel&#8221;<\/p>\n<p>\u00c0s vezes em que o Estado convidou a popula\u00e7\u00e3o para contribuir com diversos tipos de racionamentos houve a mobiliza\u00e7\u00e3o nacional. Poucos meses depois, veio a trai\u00e7\u00e3o. Desde a perman\u00eancia da viol\u00eancia ap\u00f3s a entrega das armas, at\u00e9 o racionamento de luz, depois do a pag\u00e3o que trouxe de brinde para quem contribuiu com o racionamento com uma conta mais alta, mostram como o consumidor e o cidad\u00e3o s\u00e3o tratados com desrespeito. Ao lado das consequ\u00eancias do aquecimento global o que tem provocado, em grande parte, a situa\u00e7\u00e3o de escassez de \u00e1gua em Bras\u00edlia, \u00e9 a ocupa\u00e7\u00e3o irregular das terras p\u00fablicas, principalmente naqueles s\u00edtios que os ambientalistas denominam de \u00e1reas de recarga.<\/p>\n<p>Nas \u00faltimas d\u00e9cadas, sob a vista grossa dos principais \u00f3rg\u00e3os de fiscaliza\u00e7\u00e3o, a capital sofreu um poderoso processo de incha\u00e7o populacional, com pessoas afluindo de todo o canto do pa\u00eds, atra\u00eddas pelas promessas de doa\u00e7\u00e3o de lote e casa, em troca de apoio pol\u00edtico. Do dia para a noite, centenas de novos bairros foram sendo erguidos \u00e0s pressas e sem planejamento. O que resultou da irresponsabilidade e da ambi\u00e7\u00e3o de algumas lideran\u00e7as pol\u00edticas locais, os brasilienses v\u00e3o agora experimentando na pele as consequ\u00eancias.<\/p>\n<p>N\u00e3o \u00e9 s\u00f3 o esgotamento h\u00eddrico, j\u00e1 alertado l\u00e1 tr\u00e1s pelos ambientalistas, mas o colapso de toda a infraestrutura da cidade. Pol\u00edticos, na sua maioria, t\u00eam dificuldade em entender o que \u00e9 e para que serve o planejamento urbano. O horizonte desses personagens espor\u00e1dicos se estende, no m\u00e1ximo, at\u00e9 as pr\u00f3ximas elei\u00e7\u00f5es. O congestionamento em hospitais, escolas c em outros servi\u00e7os p\u00fablicos \u00e9 o mesmo que vem se repetindo diariamente nas estradas e agravando o abastecimento de \u00e1gua e o fornecimento de luz. O padecimento atual da popula\u00e7\u00e3o resulta da a\u00e7\u00e3o inconsequente de hoje e de ontem das principais lideran\u00e7as locais. A amea\u00e7a n\u00e3o s\u00f3 com a falta de \u00e1gua, mas a inviabiliza\u00e7\u00e3o da capital, infelizmente transformada em valhacouto de oportunistas e aventureiros de toda ordem.<\/p>\n<p>A frase que n\u00e3o foi pronunciada<\/p>\n<p>&#8220;Tom Jobim cantou a \u00e1gua e o amor enquanto Bras\u00edlia nascia. Se estivesse vivo, cantaria a seca e a dor.&#8221;<\/p>\n<p>Kleber Farias Pinto, pioneiro pensando nos bons tempos da cidade<\/p>\n<p>Raridade<\/p>\n<p>\u00bbQuem descreveu uma situa\u00e7\u00e3o inusitada foi a amiga Rita Nardelle. A Avianca n\u00e3o pode voar pelas condi\u00e7\u00f5es clim\u00e1ticas e imediatamente pagou transporte e hospedagem para os que ficaram. Respeito total.<\/p>\n<p>Arte crian\u00e7a<\/p>\n<p>\u00bbAten\u00e7\u00e3o para a not\u00edcia enviada por Marcos Unhares. A Cia. Jorge Crespo prepara Inventos do vov\u00f4, nesta sexta-feira, em duas sess\u00f5es- \u00e0s 10h e \u00e0s 16h &#8211; no Teatro Funarte Plinlo Marcos. A temporada ter\u00e1 32 apresenta\u00e7\u00f5es totalmente gratuitas para a meninada do DR<\/p>\n<p>Inaugura\u00e7\u00e3o<\/p>\n<p>\u00bbDia 30, na sexta-feira, um superevento promovido pelo Hospital S\u00edrio-Liban\u00eas em Bras\u00edlia. A sra. Marta Kehdi Schahin, presidente da Sociedade Beneficente de Senhoras do Hospital S\u00edrio-Liban\u00eas, o CEO do Hospital, dr. Paulo Chapchap, e o membro do Conselho de Administra\u00e7\u00e3o e diretor do Centro de Diagn\u00f3stico por Imagem (CDD, dr. Giovanni Guido Cerri, recebem os membros do corpo cl\u00ednico, autoridades e empres\u00e1rios de Bras\u00edlia em um coquetel nas novas instala\u00e7\u00f5es na L2 sul.<\/p>\n<p>Hist\u00f3ria de Bras\u00edlia<\/p>\n<p>\u00c9 multo caro o pre\u00e7o pedido pelo governador de Goi\u00e1s. Bras\u00edlia \u00e9 uma cidade constru\u00edda por uma equipe, est\u00e1 vivendo dificuldades por defici\u00eancias do governo, por falta de dinheiro. Bras\u00edlia precisa de um t\u00e9cnico. (Publicado em 15\/9\/1961)<\/p>\n","protected":false},"excerpt":{"rendered":"<p>DESDE 1960 \u00bb aricunha@dabr.com.br com Circe Cunha e MAMFIL Qual \u00e9 a rela\u00e7\u00e3o de causa c consequ\u00eancia poderia existir entre o in\u00e9dito racionamento de \u00e1gua na grande Bras\u00edlia, que levou \u00e0 uma s\u00e9ria crise h\u00eddrica sem precedentes, e o tipo de pol\u00edtica partid\u00e1ria praticada na capital nas \u00faltimas d\u00e9cadas? O que pode, num primeiro momento, parecer situa\u00e7\u00f5es d\u00edspares, na verdade [&hellip;]<\/p>\n","protected":false},"author":34,"featured_media":0,"comment_status":"closed","ping_status":"closed","sticky":false,"template":"","format":"standard","meta":{"footnotes":""},"categories":[23],"tags":[],"class_list":["post-8189","post","type-post","status-publish","format-standard","hentry","category-integra"],"_links":{"self":[{"href":"https:\/\/blogs.correiobraziliense.com.br\/aricunha\/wp-json\/wp\/v2\/posts\/8189","targetHints":{"allow":["GET"]}}],"collection":[{"href":"https:\/\/blogs.correiobraziliense.com.br\/aricunha\/wp-json\/wp\/v2\/posts"}],"about":[{"href":"https:\/\/blogs.correiobraziliense.com.br\/aricunha\/wp-json\/wp\/v2\/types\/post"}],"author":[{"embeddable":true,"href":"https:\/\/blogs.correiobraziliense.com.br\/aricunha\/wp-json\/wp\/v2\/users\/34"}],"replies":[{"embeddable":true,"href":"https:\/\/blogs.correiobraziliense.com.br\/aricunha\/wp-json\/wp\/v2\/comments?post=8189"}],"version-history":[{"count":1,"href":"https:\/\/blogs.correiobraziliense.com.br\/aricunha\/wp-json\/wp\/v2\/posts\/8189\/revisions"}],"predecessor-version":[{"id":8190,"href":"https:\/\/blogs.correiobraziliense.com.br\/aricunha\/wp-json\/wp\/v2\/posts\/8189\/revisions\/8190"}],"wp:attachment":[{"href":"https:\/\/blogs.correiobraziliense.com.br\/aricunha\/wp-json\/wp\/v2\/media?parent=8189"}],"wp:term":[{"taxonomy":"category","embeddable":true,"href":"https:\/\/blogs.correiobraziliense.com.br\/aricunha\/wp-json\/wp\/v2\/categories?post=8189"},{"taxonomy":"post_tag","embeddable":true,"href":"https:\/\/blogs.correiobraziliense.com.br\/aricunha\/wp-json\/wp\/v2\/tags?post=8189"}],"curies":[{"name":"wp","href":"https:\/\/api.w.org\/{rel}","templated":true}]}}