{"id":8179,"date":"2016-09-25T03:08:58","date_gmt":"2016-09-25T06:08:58","guid":{"rendered":"https:\/\/blogs.correiobraziliense.com.br\/aricunha\/?p=8179"},"modified":"2017-12-14T16:17:42","modified_gmt":"2017-12-14T18:17:42","slug":"a-condicao-feminina","status":"publish","type":"post","link":"https:\/\/blogs.correiobraziliense.com.br\/aricunha\/a-condicao-feminina\/","title":{"rendered":"A condi\u00e7\u00e3o feminina"},"content":{"rendered":"<p>DESDE 1960 \u00bb<\/p>\n<p>aricunha@dabr.com.br<\/p>\n<p>com Circe Cunha com MAMFIL<\/p>\n<p>N\u00e3o surpreende o fato de um ter\u00e7o da popula\u00e7\u00e3o do pa\u00eds, segundo pesquisa do F\u00f3rum Brasileiro de Seguran\u00e7a P\u00fablica, culpar as pr\u00f3prias v\u00edtimas \u2014 no caso, as mulheres \u2014 pelos casos de estupros. Para essa parcela da popula\u00e7\u00e3o ouvida, a viol\u00eancia do estupro ocorre porque a v\u00edtima n\u00e3o se d\u00e1 ao respeito quando, por exemplo, usa roupas consideradas provocativas. A pesquisa n\u00e3o causa surpresa, mesmo em pleno s\u00e9culo 21, porque \u00e9 sabido que os brasileiros, tanto homens, quanto mulheres, embora em ambiente tropical de pouca roupa nas praias e no carnaval, ainda apresentam fortes tra\u00e7os de conservadorismo, em parte, herdados historicamente do colonialismo secular do tipo patriarcal.<\/p>\n<p>Fosse replicada no restante da Am\u00e9rica Latina, a pesquisa apresentaria os mesmo resultados, com algumas variantes ainda mais negativas. Mesmo em escala planet\u00e1ria, e os relatos di\u00e1rios confirmam, que a condi\u00e7\u00e3o feminina, \u00e9 invariavelmente ruim, mesmo em pa\u00edses com vis\u00edveis progressos materiais. As causas dessa desigualdade de g\u00eaneros, segundo antrop\u00f3logos e estudiosos do comportamento humano, perdem-se no tempo e est\u00e3o ligadas, em grande parte, \u00e0 condi\u00e7\u00e3o biol\u00f3gica e singular da mulher de procriadora da esp\u00e9cie.<\/p>\n<p>Por quest\u00e3o de preserva\u00e7\u00e3o da esp\u00e9cie, a mulher e o beb\u00ea eram mantidos sob prote\u00e7\u00e3o e afastados dos perigos externos de um mundo sempre hostil e adverso. Essa \u00e9, pelo menos, a explica\u00e7\u00e3o que a antropologia consegue dar \u00e0s diferen\u00e7as de g\u00eanero. Curiosamente, \u00e9 o que os fatos da hist\u00f3ria contempor\u00e2nea confirmam. \u00c9 consenso hoje entre aqueles que cuidam do tema, que, de maneira geral, foi somente a partir da Declara\u00e7\u00e3o Universal dos Direitos do Homem e do Cidad\u00e3o que houve um acerto de orienta\u00e7\u00e3o nessa quest\u00e3o. De modo espec\u00edfico, os avan\u00e7os s\u00f3 viriam, de fato, com a revolu\u00e7\u00e3o sexual trazida pela p\u00edlula anticoncepcional e outras mudan\u00e7as no comportamento, sobretudo, ap\u00f3s a eclos\u00e3o, no mundo Ocidental, dos movimentos feministas e outros de car\u00e1ter emancipat\u00f3rio na d\u00e9cada de 1960.<\/p>\n<p>Foi somente a partir do momento que a mulher passou a ter controle sobre o aparelho reprodutor que foram dados os primeiros passos para uma maior igualdade entre os sexos. Se no controle do aparelho reprodutor as mulheres puderam encontrar as chaves da liberta\u00e7\u00e3o do jugo milenar de domina\u00e7\u00e3o, as portas que se abriram a sua frente mostrar\u00edam um vast\u00edssimo caminho pela frente a ser percorrido at\u00e9 que interrompessem as odiosas diferen\u00e7as presentes ainda em toda a parte , sob variados aspectos.<\/p>\n<p>A ponta de esperan\u00e7a \u00e9 dada pela pesquisa que aponta que 91% dos brasileiros ouvidos, acreditam que pelo caminho da educa\u00e7\u00e3o \u00e9 poss\u00edvel ensinar os meninos a respeitar as mulheres, afastando para longe comportamentos abomin\u00e1veis como o estupro, que s\u00f3 denigrem a esp\u00e9cie humana, lan\u00e7ando-a de volta ao est\u00e1gio insano.<\/p>\n<p>A frase que foi pronunciada<\/p>\n<p>\u201cEducar um homem \u00e9 educar um indiv\u00edduo, mas educar uma  mulher \u00e9 educar uma sociedade.\u201d<\/p>\n<p>Rose Marie Muraro, escritora e feminista<\/p>\n<p>Senna<\/p>\n<p>\u00bb Anote esse e-mail: info.ufn@pa.sm. Se tiver interesse em obter a moeda do piloto Ayrton Senna lan\u00e7ada pela San Marino, \u00e9 por a\u00ed que se faz o pedido. A moeda pesa 18g gramas, mede 32mm de di\u00e2metro e tem um limite de cunhagem de 8 mil pe\u00e7as.<\/p>\n<p>Independ\u00eancia<\/p>\n<p>\u00bb Renan Calheiros foi elogiado por ter tido a coragem de dizer o que pensa sobre a Opera\u00e7\u00e3o Lava-Jato. Muitos pol\u00edticos pensam como o presidente do Senado, mas sussurram com o pensamento por receio. J\u00e1 alguns deputados federais preferiram a calada da noite para pensar, falar e agir.<\/p>\n<p>De volta ao ensino moderno<\/p>\n<p>\u00bb Sem sucesso, a Lei de Diretrizes e Bases da Educa\u00e7\u00e3o, que obriga a volta das artes nas escolas, \u00e9 de efic\u00e1cia zero. Sem desistir da luta, Priscila Cruz, presidente do Movimento Todos pela Educa\u00e7\u00e3o, acompanha uma nova mudan\u00e7a na grade curricular. A esperan\u00e7a de um ensino melhor est\u00e1 em uma medida provis\u00f3ria. Uma das propostas do Minist\u00e9rio da Educa\u00e7\u00e3o \u00e9 que o aluno, dois anos antes de entrar na universidade, j\u00e1 esteja<br \/>\nse preparando tecnicamente para o curso superior que escolher.<\/p>\n<p>Imperd\u00edvel<\/p>\n<p>Neste s\u00e1bado, no Cine Bras\u00edlia, ser\u00e1 exibido document\u00e1rio sobre o pernambucano C\u00edcero Dias, o compadre de Picasso. Artista multifacetado, livre de amarras. A sess\u00e3o come\u00e7a \u00e0s 16h30. O filme \u00e9 de Vladimir de Carvalho.<\/p>\n<p>Metamorfose ambulante<\/p>\n<p>Algu\u00e9m precisa lembrar ao presidente Lula do que ele discursava quando era Sindicalista. \u201cTodos os brasileiros s\u00e3o iguais perante a lei.\u201d Ou: \u201cNingu\u00e9m \u00e9 melhor do que ningu\u00e9m\u201d. Pela segunda vez, ele declara que a Opera\u00e7\u00e3o Lava-Jato n\u00e3o pode prender autoridades ou ex-autoridades. Por que mudou de opini\u00e3o?<\/p>\n<p>Hist\u00f3ria de Bras\u00edlia<\/p>\n<p>H\u00e1 o caso de uma firma que construiu um galp\u00e3o car\u00edssimo para as suas instala\u00e7\u00f5es, e n\u00e3o pode inaugurar porque n\u00e3o recebeu o \u201chabite-se\u201d. Raz\u00e3o alegada, as depend\u00eancias sanit\u00e1rias. (Publicado em 14\/9\/1961)<\/p>\n","protected":false},"excerpt":{"rendered":"<p>DESDE 1960 \u00bb aricunha@dabr.com.br com Circe Cunha com MAMFIL N\u00e3o surpreende o fato de um ter\u00e7o da popula\u00e7\u00e3o do pa\u00eds, segundo pesquisa do F\u00f3rum Brasileiro de Seguran\u00e7a P\u00fablica, culpar as pr\u00f3prias v\u00edtimas \u2014 no caso, as mulheres \u2014 pelos casos de estupros. Para essa parcela da popula\u00e7\u00e3o ouvida, a viol\u00eancia do estupro ocorre porque a v\u00edtima n\u00e3o se d\u00e1 ao [&hellip;]<\/p>\n","protected":false},"author":34,"featured_media":0,"comment_status":"open","ping_status":"closed","sticky":false,"template":"","format":"standard","meta":{"footnotes":""},"categories":[23],"tags":[67],"class_list":["post-8179","post","type-post","status-publish","format-standard","hentry","category-integra","tag-brasilia-historiadebrasilia-aricunha-circecunha-mamfil"],"_links":{"self":[{"href":"https:\/\/blogs.correiobraziliense.com.br\/aricunha\/wp-json\/wp\/v2\/posts\/8179","targetHints":{"allow":["GET"]}}],"collection":[{"href":"https:\/\/blogs.correiobraziliense.com.br\/aricunha\/wp-json\/wp\/v2\/posts"}],"about":[{"href":"https:\/\/blogs.correiobraziliense.com.br\/aricunha\/wp-json\/wp\/v2\/types\/post"}],"author":[{"embeddable":true,"href":"https:\/\/blogs.correiobraziliense.com.br\/aricunha\/wp-json\/wp\/v2\/users\/34"}],"replies":[{"embeddable":true,"href":"https:\/\/blogs.correiobraziliense.com.br\/aricunha\/wp-json\/wp\/v2\/comments?post=8179"}],"version-history":[{"count":1,"href":"https:\/\/blogs.correiobraziliense.com.br\/aricunha\/wp-json\/wp\/v2\/posts\/8179\/revisions"}],"predecessor-version":[{"id":8180,"href":"https:\/\/blogs.correiobraziliense.com.br\/aricunha\/wp-json\/wp\/v2\/posts\/8179\/revisions\/8180"}],"wp:attachment":[{"href":"https:\/\/blogs.correiobraziliense.com.br\/aricunha\/wp-json\/wp\/v2\/media?parent=8179"}],"wp:term":[{"taxonomy":"category","embeddable":true,"href":"https:\/\/blogs.correiobraziliense.com.br\/aricunha\/wp-json\/wp\/v2\/categories?post=8179"},{"taxonomy":"post_tag","embeddable":true,"href":"https:\/\/blogs.correiobraziliense.com.br\/aricunha\/wp-json\/wp\/v2\/tags?post=8179"}],"curies":[{"name":"wp","href":"https:\/\/api.w.org\/{rel}","templated":true}]}}