{"id":8167,"date":"2016-09-17T01:10:32","date_gmt":"2016-09-17T04:10:32","guid":{"rendered":"https:\/\/blogs.correiobraziliense.com.br\/aricunha\/?p=8167"},"modified":"2016-09-22T10:11:16","modified_gmt":"2016-09-22T13:11:16","slug":"verborragia","status":"publish","type":"post","link":"https:\/\/blogs.correiobraziliense.com.br\/aricunha\/verborragia\/","title":{"rendered":"Verborragia"},"content":{"rendered":"<p>Desde 1960<\/p>\n<p>aricunha@dabr.com.br<\/p>\n<p>com Circe Cunha e MAMFIL<\/p>\n<p>Palanque \u00e9 tudo que um pol\u00edtico fin\u00f3rio precisa para exercitar a arte da ilus\u00e3o. Encoberta sob tr\u00eas tampinhas id\u00eanticas, diante do espectador, est\u00e3o a verdade, a mentira e a vers\u00e3o. Embaralhada com a habilidade de um prestidigitador da l\u00f3gica, por mais que o ouvinte tente acompanhar o deslocamento r\u00e1pido das pe\u00e7as, buscando a verdade ali escondida, o que acaba sempre surgindo quando a tampinha escolhida \u00e9 retirada \u00e9 a vers\u00e3o. Livre do peso da verdade e das armadilhas da mentira, a vers\u00e3o transita leve entre ambas, sendo imposs\u00edvel distinguir a fronteira entre uma e outra.<br \/>\n\u00c9 dessa forma que Lula sempre se apresenta diante de plateias cativas. N\u00e3o \u00e9 por outro motivo tamb\u00e9m que ele n\u00e3o se faz de rogado, quando busca se comparar \u00e0s grandes personalidades do mundo, inclusive a Jesus Cristo. Convenhamos: de jararaca, que afirmou ser, depois de levado coercitivamente para depor na pol\u00edcia, ao Jesus, no \u00faltimo pronunciamento, houve uma evolu\u00e7\u00e3o e tanto. \u00c9 preciso reconhecer o fato de que quem presta aten\u00e7\u00e3o e divulga esses m\u00faltiplos personagens do figurino de Lula para as massas \u00e9 a imprensa. Foi ela quem deu vida e f\u00f4lego a esse Macuna\u00edma moderno.<\/p>\n<p>Mesmo ajudado pelo poder das m\u00eddias eletr\u00f4nicas, sem a imprensa, Lula nada seria. Sem os bilh\u00f5es de reais gastos pela Secretaria de Comunica\u00e7\u00e3o do Planalto em propaganda, o governo petista seria ignorado. Aut\u00eantico produto do marketing moderno, Lula possui o exato f\u00f4lego que lhe dispensa o notici\u00e1rio di\u00e1rio. \u00c9 justamente pelos meios de comunica\u00e7\u00e3o que Lula consegue propagar a fantasia que mais lhe cai bem: de coitadinho, v\u00edtima de uma sociedade cruel e desigual. Entre fazer orelhas moucas a essa velha raposa de nossa hist\u00f3ria recente e dar-lhe visibilidade moment\u00e2nea por conta de suas estripulias, melhor \u00e9 deix\u00e1-lo exercitar sua ret\u00f3rica vazia.<br \/>\nDessa forma, ficam registrados os arroubos finais de um pol\u00edtico que, durante um certo tempo, chegou a merecer a aten\u00e7\u00e3o e mesmo a ades\u00e3o de muitos brasileiros s\u00e9rios. Da metamorfose ambulante que dizia ser, o que chega agora at\u00e9 n\u00f3s \u00e9 um personagem envelhecido e encurralado pelos fatos e que, por vaidade, insiste ainda em interpretar, de modo desafinado, suas antigas milongas.<br \/>\nTamb\u00e9m uma observa\u00e7\u00e3o atenta em cada indiv\u00edduo que formava a plateia presente ao pronunciamento pode ajudar a entender um pouco sobre a qualidade do p\u00fablico que restou como ouvinte desse canastr\u00e3o embevecido. S\u00e3o todos oriundos da mesma fornada, feitos com a mesma farinha e com o mesmo fermento, e que o grosso da popula\u00e7\u00e3o j\u00e1 recusou como alimento muito fora do prazo de validade para ser consumido.<\/p>\n<p>A frase que n\u00e3o foi pronunciada<\/p>\n<p>\u201cMe mandaram ca\u00e7ar emprego. Que arma eu uso?\u201d<\/p>\n<p>Bilhetinho no ch\u00e3o do Sine perto da rodovi\u00e1ria<\/p>\n<p>Nota da Caesb<\/p>\n<p>\u00bb \u201cN\u00e3o estamos fazendo racionamento de \u00e1gua. Essa possibilidade est\u00e1 prevista em resolu\u00e7\u00e3o da Adasa, caso um dos reservat\u00f3rios de abastecimento chegue ao n\u00edvel de 20%  \u2014 hoje, o Descoberto chegou a 40,9%. V\u00e1rias medidas est\u00e3o sendo tomadas para que n\u00e3o cheguemos a essa situa\u00e7\u00e3o. A Caesb s\u00f3 coloca redes de \u00e1guas em \u00e1reas que estejam contempladas nos Termos de Ajustamentos de Condutas (TACs) e atendam \u00e0s exig\u00eancias do Decreto 34.211\/2013, que determina que essas estejam em processo de regulariza\u00e7\u00e3o junto ao IBRAM e \u00e0 SEGETH. Assina o Assessor de Comunica\u00e7\u00e3o Jos\u00e9 Carlos Barroso.<\/p>\n<p>Hoje<\/p>\n<p>\u00bb Quem n\u00e3o gosta de sair \u00e0 noite para shows tem uma grande oportunidade aos s\u00e1bados. Hoje, por exemplo, \u00e0s 11h30, o Clube da Bossa mais uma vez apresenta o Palco Aberto no teatro Silvio Barbato, Sesc do Setor Comercial Sul, Quadra 2, Edif\u00edcio Presidente Dutra. A entrada \u00e9 franca. Se quiser levar doa\u00e7\u00f5es para pessoas carentes, a Mylene Sivieri organizar\u00e1 a entrega em Taguatinga.<\/p>\n<p>Release<\/p>\n<p>\u00bb Setembro \u00e9 marcado pela luta das pessoas com defici\u00eancia (segundo o IBGE, 24% da popula\u00e7\u00e3o) por garantia de direitos, oportunidades, respeito e reconhecimento de seus talentos e possibilidades. O Coletivo cria Bras\u00edlia abriu oportunidades para crian\u00e7as, jovens e adultos com diagn\u00f3stoco de defici\u00eancia participarem de um ensaio fotogr\u00e1fico realizado pelo fot\u00f3grafo Marcello Luni\u00e8re, brasiliense, residente em Paris, de passagem por Bras\u00edlia.<\/p>\n<p>Agenda<\/p>\n<p>\u00bb A mostra fotogr\u00e1fica ser\u00e1 no Shopping Liberty Mall \u2014 Coletivo Cria Bras\u00edlia, de19 a 30 de setembro.<\/p>\n<p>Hist\u00f3ria de Bras\u00edlia<\/p>\n<p>Agora, que o sr. Jo\u00e3o Goulart est\u00e1 no governo, \u00e9 preciso que fa\u00e7a se transferir para o Distrito Federal a Previd\u00eancia Social. As alega\u00e7\u00f5es s\u00e3o as mais descabidas poss\u00edveis, e est\u00e3o em nossas m\u00e3os os argumentos apresentados pelo Iapi ao ent\u00e3o ministro Castro Neve. (Publicado em 14\/9\/1961)<\/p>\n","protected":false},"excerpt":{"rendered":"<p>Desde 1960 aricunha@dabr.com.br com Circe Cunha e MAMFIL Palanque \u00e9 tudo que um pol\u00edtico fin\u00f3rio precisa para exercitar a arte da ilus\u00e3o. Encoberta sob tr\u00eas tampinhas id\u00eanticas, diante do espectador, est\u00e3o a verdade, a mentira e a vers\u00e3o. Embaralhada com a habilidade de um prestidigitador da l\u00f3gica, por mais que o ouvinte tente acompanhar o deslocamento r\u00e1pido das pe\u00e7as, buscando [&hellip;]<\/p>\n","protected":false},"author":34,"featured_media":0,"comment_status":"closed","ping_status":"closed","sticky":false,"template":"","format":"standard","meta":{"footnotes":""},"categories":[23],"tags":[],"class_list":["post-8167","post","type-post","status-publish","format-standard","hentry","category-integra"],"_links":{"self":[{"href":"https:\/\/blogs.correiobraziliense.com.br\/aricunha\/wp-json\/wp\/v2\/posts\/8167","targetHints":{"allow":["GET"]}}],"collection":[{"href":"https:\/\/blogs.correiobraziliense.com.br\/aricunha\/wp-json\/wp\/v2\/posts"}],"about":[{"href":"https:\/\/blogs.correiobraziliense.com.br\/aricunha\/wp-json\/wp\/v2\/types\/post"}],"author":[{"embeddable":true,"href":"https:\/\/blogs.correiobraziliense.com.br\/aricunha\/wp-json\/wp\/v2\/users\/34"}],"replies":[{"embeddable":true,"href":"https:\/\/blogs.correiobraziliense.com.br\/aricunha\/wp-json\/wp\/v2\/comments?post=8167"}],"version-history":[{"count":1,"href":"https:\/\/blogs.correiobraziliense.com.br\/aricunha\/wp-json\/wp\/v2\/posts\/8167\/revisions"}],"predecessor-version":[{"id":8168,"href":"https:\/\/blogs.correiobraziliense.com.br\/aricunha\/wp-json\/wp\/v2\/posts\/8167\/revisions\/8168"}],"wp:attachment":[{"href":"https:\/\/blogs.correiobraziliense.com.br\/aricunha\/wp-json\/wp\/v2\/media?parent=8167"}],"wp:term":[{"taxonomy":"category","embeddable":true,"href":"https:\/\/blogs.correiobraziliense.com.br\/aricunha\/wp-json\/wp\/v2\/categories?post=8167"},{"taxonomy":"post_tag","embeddable":true,"href":"https:\/\/blogs.correiobraziliense.com.br\/aricunha\/wp-json\/wp\/v2\/tags?post=8167"}],"curies":[{"name":"wp","href":"https:\/\/api.w.org\/{rel}","templated":true}]}}