{"id":8164,"date":"2016-09-16T03:50:37","date_gmt":"2016-09-16T06:50:37","guid":{"rendered":"https:\/\/blogs.correiobraziliense.com.br\/aricunha\/?p=8164"},"modified":"2016-09-16T04:51:21","modified_gmt":"2016-09-16T07:51:21","slug":"escassez-de-agua-ameaca-capital-dos-brasileiros","status":"publish","type":"post","link":"https:\/\/blogs.correiobraziliense.com.br\/aricunha\/escassez-de-agua-ameaca-capital-dos-brasileiros\/","title":{"rendered":"Escassez de \u00e1gua amea\u00e7a a capital dos brasileiros"},"content":{"rendered":"<p>DESDE 1960<\/p>\n<p>aricunha@dabr.com.br<\/p>\n<p>com Circe Cunha e MAMFIL<\/p>\n<p>Foi somente a partir da mudan\u00e7a da capital para o interior do Brasil, nos anos 1960, que o imenso bioma de campo cerrado, com mais de 2 milh\u00f5es de km2 passou a ser explorado e pesquisado com mais aten\u00e7\u00e3o. Especialistas j\u00e1 sabem hoje que essa ecoregi\u00e3o, com idade m\u00e9dia de 45 milh\u00f5es de anos, re\u00fane e concentra a maior biodiversidade de todo o planeta.<\/p>\n<p>Recentemente, com o aprofundamento das pesquisas, ficou patente, para os estudiosos do assunto, que a preserva\u00e7\u00e3o dessa \u00e1rea \u00e9 de vital import\u00e2ncia para o presente e o futuro do Brasil, principalmente por conta da quest\u00e3o h\u00eddrica. Hoje j\u00e1 se sabe que o Cerrado \u00e9, por suas caracter\u00edsticas \u00edmpares, o ber\u00e7o das \u00e1guas, concentrando nascentes que v\u00e3o alimentar oito das 12 grandes regi\u00f5es hidrogr\u00e1ficas brasileiras. \u00c9 nesta regi\u00e3o que est\u00e3o concentrados os aqu\u00edferos Guarani, Urucuia e Bambu\u00ed que alimentam alguns dos grandes rios do pa\u00eds. Al\u00e9m disso, nos subterr\u00e2neo do cerrado pulsa um oceano.<\/p>\n<p>Com a expans\u00e3o das fronteiras agr\u00edcolas, o Cerrado ganhou um protagonismo econ\u00f4mico in\u00e9dito que, num primeiro momento, pareceu, e ainda parece para alguns, ser a reden\u00e7\u00e3o para toda a regi\u00e3o. A introdu\u00e7\u00e3o de monoculturas, na maioria transg\u00eanicas, plantadas em vast\u00edssimos latif\u00fandios nas plan\u00edcies, totalmente mecanizados, se por um lado vem fazendo a riqueza e a prosperidade de uma minoria de grandes produtores, de outro lado, vem arruinando irreversivelmente todo o ecossistema, comprometendo de forma at\u00e9 criminosa a produ\u00e7\u00e3o natural de \u00e1guas. Interessante que os pr\u00f3prios produtores fecham os olhos ao matar o futuro dos netos e bisnetos.<\/p>\n<p>Em tempos de aquecimento global generalizado, a cada ano que passa a situa\u00e7\u00e3o de crise h\u00eddrica nas cidades localizadas dentro da regi\u00e3o do cerrado se agrava um pouco mais. O desaparecimento de pequenos e m\u00e9dios cursos de \u00e1gua j\u00e1 se tornou fato comum. A vegeta\u00e7\u00e3o sofre com as queimadas criminosas e com a derrubada, feita pelos agricultores, com uso de correntes. Com a degrada\u00e7\u00e3o da flora, somem os animais da regi\u00e3o e tem in\u00edcio o lento e irrevers\u00edvel processo de desertifica\u00e7\u00e3o, j\u00e1 em curso, segundo os especialistas.<\/p>\n<p>Na esteira da devasta\u00e7\u00e3o, acentuada nos \u00faltimos anos, pela invas\u00e3o de terras e \u00e1reas de prote\u00e7\u00e3o, n\u00e3o \u00e9 de se estranhar que o GDF, \u00e0 semelhan\u00e7a de outras unidades Federa\u00e7\u00e3o, tenha decretado agora o estado de &#8220;aten\u00e7\u00e3o&#8221;, amea\u00e7ando p\u00f4r em pr\u00e1tica um rigoroso racionamento de \u00e1gua.<\/p>\n<p>A rigor, a suspens\u00e3o no fornecimento de \u00e1gua para algumas regi\u00f5es da capital j\u00e1 vem acontecendo h\u00e1 algum tempo e tem se agravado nas \u00faltimas semanas. A conta com a irresponsabilidade pol\u00edtica de distribui\u00e7\u00e3o farta e de ocupa\u00e7\u00e3o irregular de terras em troca de votos come\u00e7a a chegar, e os valores ser\u00e3o alt\u00edssimos, inclusive, com a amea\u00e7a de inviabilizar a pr\u00f3pria capital dos brasileiros.<\/p>\n<p>A frase que n\u00e3o foi pronunciada<\/p>\n<p>&#8220;Agora meu pensamento se tornou p\u00fablico.&#8221;<\/p>\n<p>Luiz In\u00e1cio Lula da Silva, pensando preocupado<\/p>\n<p>Caos<\/p>\n<p>\u00bbRacionamento de \u00e1gua e luz no DF acontece porque a Caesb e a CEB sempre chegam em terras invadidas prontas para oferecer o servi\u00e7o e cobrar. Se o governo pro\u00edbe a invas\u00e3o, seria coerente que n\u00e3o fornecesse \u00e1gua e luz. Sem plenejamento, o que acontece \u00e9 o que vamos ver nos pr\u00f3ximos dez anos nessa cidade.<\/p>\n<p>Abra\u00e7a\u00e7o UnB<\/p>\n<p>\u00bb Hoje \u00e9 o \u00faltimo dia do Abra\u00e7a\u00e7o UnB em preven\u00e7\u00e3o ao suic\u00eddio. O evento foi criado por um grupo de alunos para quebrar o tabu sobre esse assunto. &#8220;\u00c9 importante lembrar que nem sempre o suic\u00eddio est\u00e1 ligado \u00e0 n\u00e3o valoriza\u00e7\u00e3o das coisas boas da vida; os problemas psicol\u00f3gicos causam dor real e, ao abordarmos as pessoas, precisamos ser sens\u00edveis a isso&#8221;, diz Amanda R\u00e9gis, a idealizadora do projeto<\/p>\n<p>Aqui entre n\u00f3s<\/p>\n<p>\u00bb Est\u00e3o voltando as lentes de aumento para a gest\u00e3o do Sistema S.<\/p>\n<p>Empate<\/p>\n<p>\u00bb\u00c9 preciso estabelecer com o sr. Lula a hip\u00f3tese definit\u00f3ria de corrup\u00e7\u00e3o. Vale lembrar que, quando Francisco Baz\u00edlio Cavalcante devolveu os d\u00f3lares encontrados no aeroporto, o presidente do Brasil estranhou como uma crian\u00e7a. &#8220;U\u00e9, mas achado n\u00e3o \u00e9 roubado!&#8221; Francisco Baz\u00edlio teve o sal\u00e1rio diminu\u00eddo antes de se aposentar e foi obrigado a voltar para Sobral, no Cear\u00e1. No Brasil, gente honesta sofre, mas dorme em paz. Tempos passaram e o sr. Lula e fam\u00edlia come\u00e7am a perder o sono.<\/p>\n<p>\u00bb Hist\u00f3ria de Bras\u00edlia<\/p>\n<p>Os carros chapa branca voltaram com tal voracidade que agora senhoras aprendem a dirigir em carros do governo, em pleno hor\u00e1rio de trabalho. Esta nota vai a prop\u00f3sito do que presenciamos com uma Rural nova, de fita vermelha, na qual uma senhora aprendia a dirigir no Eixo Rodovi\u00e1rio. (Publicado em 14\/9\/1961)<\/p>\n","protected":false},"excerpt":{"rendered":"<p>DESDE 1960 aricunha@dabr.com.br com Circe Cunha e MAMFIL Foi somente a partir da mudan\u00e7a da capital para o interior do Brasil, nos anos 1960, que o imenso bioma de campo cerrado, com mais de 2 milh\u00f5es de km2 passou a ser explorado e pesquisado com mais aten\u00e7\u00e3o. Especialistas j\u00e1 sabem hoje que essa ecoregi\u00e3o, com idade m\u00e9dia de 45 milh\u00f5es [&hellip;]<\/p>\n","protected":false},"author":34,"featured_media":0,"comment_status":"closed","ping_status":"closed","sticky":false,"template":"","format":"standard","meta":{"footnotes":""},"categories":[23],"tags":[],"class_list":["post-8164","post","type-post","status-publish","format-standard","hentry","category-integra"],"_links":{"self":[{"href":"https:\/\/blogs.correiobraziliense.com.br\/aricunha\/wp-json\/wp\/v2\/posts\/8164","targetHints":{"allow":["GET"]}}],"collection":[{"href":"https:\/\/blogs.correiobraziliense.com.br\/aricunha\/wp-json\/wp\/v2\/posts"}],"about":[{"href":"https:\/\/blogs.correiobraziliense.com.br\/aricunha\/wp-json\/wp\/v2\/types\/post"}],"author":[{"embeddable":true,"href":"https:\/\/blogs.correiobraziliense.com.br\/aricunha\/wp-json\/wp\/v2\/users\/34"}],"replies":[{"embeddable":true,"href":"https:\/\/blogs.correiobraziliense.com.br\/aricunha\/wp-json\/wp\/v2\/comments?post=8164"}],"version-history":[{"count":1,"href":"https:\/\/blogs.correiobraziliense.com.br\/aricunha\/wp-json\/wp\/v2\/posts\/8164\/revisions"}],"predecessor-version":[{"id":8165,"href":"https:\/\/blogs.correiobraziliense.com.br\/aricunha\/wp-json\/wp\/v2\/posts\/8164\/revisions\/8165"}],"wp:attachment":[{"href":"https:\/\/blogs.correiobraziliense.com.br\/aricunha\/wp-json\/wp\/v2\/media?parent=8164"}],"wp:term":[{"taxonomy":"category","embeddable":true,"href":"https:\/\/blogs.correiobraziliense.com.br\/aricunha\/wp-json\/wp\/v2\/categories?post=8164"},{"taxonomy":"post_tag","embeddable":true,"href":"https:\/\/blogs.correiobraziliense.com.br\/aricunha\/wp-json\/wp\/v2\/tags?post=8164"}],"curies":[{"name":"wp","href":"https:\/\/api.w.org\/{rel}","templated":true}]}}