{"id":8161,"date":"2016-09-15T03:37:03","date_gmt":"2016-09-15T06:37:03","guid":{"rendered":"https:\/\/blogs.correiobraziliense.com.br\/aricunha\/?p=8161"},"modified":"2016-09-15T08:38:00","modified_gmt":"2016-09-15T11:38:00","slug":"compartilhando-atual-localizacao-politica-brasileira-2","status":"publish","type":"post","link":"https:\/\/blogs.correiobraziliense.com.br\/aricunha\/compartilhando-atual-localizacao-politica-brasileira-2\/","title":{"rendered":"Compartilhando a atual localiza\u00e7\u00e3o pol\u00edtica brasileira"},"content":{"rendered":"<p>DESDE 1960<\/p>\n<p>aricunha@dabr.com.br<\/p>\n<p>com Circe Cunha e MAMFIL<\/p>\n<p>Nenhuma constru\u00e7\u00e3o ficcional, por mais inspirada que seja, consegue ao menos se igualar em riqueza de trama \u00e0 realidade fant\u00e1stica do mundo pol\u00edtico brasileiro. O primeiro presidente da Rep\u00fablica, eleito logo ap\u00f3s o fim do ciclo de governos militares, n\u00e3o chegou a assumir. Com a morte s\u00fabita de Tancredo Neves, o pa\u00eds vive um clima f\u00fanebre inesperado e um temor de que possa haver um retrocesso no processo de redemocratiza\u00e7\u00e3o.<\/p>\n<p>Seu vice, Jos\u00e9 Sarney, assume a presid\u00eancia e cumpre todo um mandato, numa fase em que a infla\u00e7\u00e3o fazia dobrar os pre\u00e7os dos alimentos a cada 30 dias. Por mais que a equipe econ\u00f4mica tentasse frear os pre\u00e7os, n\u00e3o havia t\u00e9cnica que acalmasse o drag\u00e3o da infla\u00e7\u00e3o. Nas elei\u00e7\u00f5es seguintes, o at\u00e9 ent\u00e3o desconhecido do grande p\u00fablico Fernando Collor vence a disputa e passa a governar sem apoio pol\u00edtico significativo no Congresso.<\/p>\n<p>Em menos de dois anos, Collor se viu for\u00e7ado a renunciar ao cargo. Mais uma vez, o vice, no caso Itamar Franco, \u00e9 convocado a assumir o posto principal. Ciente de suas responsabilidades diante da grave crise pol\u00edtica e econ\u00f4mica, Itamar abre caminho para as reformas necess\u00e1rias e d\u00e1 os primeiros passos em dire\u00e7\u00e3o ao que viria a ser o Plano Real. Com Fernando Henrique, o pa\u00eds viveu, talvez, seu per\u00edodo de maior normalidade institucional, o que, de certa forma, favoreceu a ado\u00e7\u00e3o de profundas reformas na estrutura do Estado.<\/p>\n<p>No in\u00edcio do s\u00e9culo 21, os eleitores, acham por bem eleger um candidato de esquerda. Lula assume num cen\u00e1rio em que todas as bases de retomada para crescimento haviam sido lan\u00e7adas com \u00eaxito. Governa sob o signo da bonan\u00e7a trazida pelo Plano Real, que ele e seu partido fizeram tudo para sabotar. Evocavam a todo momento a %u201Cheran\u00e7a maldita que usufru\u00edam%u201D. Contudo, logo no terceiro ano do governo Lula, eclode o esc\u00e2ndalo da compra de apoio parlamentar por meio de pagamentos mensais aos aderentes. \u00c9 o in\u00edcio dos epis\u00f3dios marcantes do mensal\u00e3o.<\/p>\n<p>Os bons ventos da economia internos e uma certa tranquilidade nos mercados internacionais, com os altos valores nos pre\u00e7os das commodities, ajudam a economia brasileira e jogam para um segundo plano os acontecimentos criminosos que corriam soltos nos bastidores do governo. Gra\u00e7as \u00e0s manipula\u00e7\u00f5es do brilhante advogado criminalista M\u00e1rcio Thomaz Bastos, ministro da Justi\u00e7a, e, por isso, chamado de %u201Cdeus%u201D, Lula e toda a c\u00fapula de seu governo consegue escapar do indiciamento com a tese fabricada sob medida do caixa dois.<\/p>\n<p>Gra\u00e7as a amplo e maci\u00e7o processo de propaganda oficial e de generosa distribui\u00e7\u00e3o ilegal de dinheiro p\u00fablico aos partidos, Lula chega ao fim do seu governo com aprova\u00e7\u00e3o recorde. De posse desse salvo conduto, empurra para a Presid\u00eancia, como seu sucessor pessoal, a desconhecida e ciclot\u00edmica Dilma Rousseff, cuja a efici\u00eancia como administradora eficaz foi fabricada pela enorme m\u00e1quina de propaganda armada no Planalto.<\/p>\n<p>Com a arrog\u00e2ncia que passou a ser sua marca registrada, Dilma cuidou em pouco mais de um mandato de enterrar de vez a megalomania de seu antecessor e, de quebra, fez o papel de coveira do Partido dos Trabalhadores. Impedida de continuar no cargo pelo conjunto desastroso de suas obras, Dilma foi afastada pela grande maioria dos parlamentares das duas Casas do Legislativo.<\/p>\n<p>Mais uma vez, o destino fez passar o cavalo selado na porta do vice. Com o impeachment de Dilma, assume um Michel Temer articulador de bastidores e pouco conhecido dos brasileiros. Herdou, talvez a maior e mais profunda crise de toda a hist\u00f3ria do Brasil.<\/p>\n<p>Com um curto tempo pela frente para consertar os estragos na economia e nas estruturas do Estado, Temer poder\u00e1 se dar por satisfeito se conseguir chegar inc\u00f3lume ao fim de seu per\u00edodo \u00e0 frente da Presid\u00eancia. O fantasma da Opera\u00e7\u00e3o Lava-Jato, prolongada por mais dois anos, paira sobre o mundo pol\u00edtico e empresarial brasileiro. A prosseguir no aprofundamento dessas investiga\u00e7\u00f5es, ningu\u00e9m estar\u00e1 seguro no cargo ou livre da pris\u00e3o. O futuro do atual governo n\u00e3o lhe pertence, muito menos o passado de gl\u00f3ria dos governos imediatamente anteriores. Todos est\u00e3o no foco da primeira inst\u00e2ncia l\u00e1 de Curitiba.<\/p>\n<p>A frase que foi pronunciada<\/p>\n<p>\u201cHerdei para administrar a maior crise pol\u00edtica da hist\u00f3ria brasileira, a maior d\u00edvida externa do mundo, a maior d\u00edvida interna, a maior infla\u00e7\u00e3o que j\u00e1 tivemos, a maior d\u00edvida social e a maior d\u00edvida moral. &#8221;<\/p>\n<p>Jos\u00e9 Sarney e a hist\u00f3ria se repete&#8230;<\/p>\n<p>Grupo Alegria<\/p>\n<p>Sens\u00edvel, o FAC da Secretaria de Cultura do DF aprovou um projeto sensacional. A meninada de orfanatos e casas de acolhimentos que n\u00e3o tem a oportunidade de ir ao teatro, receber\u00e1, no local onde mora, a pe\u00e7a Muito prazer com Jo\u00e3o Sem Sorte. O projeto conta com o apoio da Rede Solid\u00e1ria Anjos do Amanh\u00e3 e da Associa\u00e7\u00e3o Candanga de Teatro de Bonecos. As hist\u00f3rias s\u00e3o o trilho da vida de Josias Wanzeller.<\/p>\n<p>Sangue<\/p>\n<p>Pessoal da Pol\u00edcia Civil do DF que concluiu o curso da academia vai celebrar a conquista compartilhando o pr\u00f3prio sangue. Eles, que de t\u00e3o perto acompanham a realidade sangrenta do dia a dia, resolveram doar sangue no Hemocentro de Bras\u00edlia. Marcus Pereira, um dos aprovados, disse que resolveu comemorar doando o que \u00e9 essencial \u00e0 vida.<\/p>\n<p>Hist\u00f3ria de Bras\u00edlia<\/p>\n<p>Moradores est\u00e3o dificultando a administra\u00e7\u00e3o da SQ 108. No bloco 7, h\u00e1 um apartamento com infiltra\u00e7\u00e3o, e a Administra\u00e7\u00e3o ainda n\u00e3o pode tomar nenhuma provid\u00eancia porque o inquilino do apartamento da firma n\u00e3o deixa o bombeiro entrar para verifica\u00e7\u00e3o. (Publicado em 14\/9\/1961)<\/p>\n","protected":false},"excerpt":{"rendered":"<p>DESDE 1960 aricunha@dabr.com.br com Circe Cunha e MAMFIL Nenhuma constru\u00e7\u00e3o ficcional, por mais inspirada que seja, consegue ao menos se igualar em riqueza de trama \u00e0 realidade fant\u00e1stica do mundo pol\u00edtico brasileiro. O primeiro presidente da Rep\u00fablica, eleito logo ap\u00f3s o fim do ciclo de governos militares, n\u00e3o chegou a assumir. Com a morte s\u00fabita de Tancredo Neves, o pa\u00eds [&hellip;]<\/p>\n","protected":false},"author":34,"featured_media":0,"comment_status":"closed","ping_status":"closed","sticky":false,"template":"","format":"standard","meta":{"footnotes":""},"categories":[23],"tags":[],"class_list":["post-8161","post","type-post","status-publish","format-standard","hentry","category-integra"],"_links":{"self":[{"href":"https:\/\/blogs.correiobraziliense.com.br\/aricunha\/wp-json\/wp\/v2\/posts\/8161","targetHints":{"allow":["GET"]}}],"collection":[{"href":"https:\/\/blogs.correiobraziliense.com.br\/aricunha\/wp-json\/wp\/v2\/posts"}],"about":[{"href":"https:\/\/blogs.correiobraziliense.com.br\/aricunha\/wp-json\/wp\/v2\/types\/post"}],"author":[{"embeddable":true,"href":"https:\/\/blogs.correiobraziliense.com.br\/aricunha\/wp-json\/wp\/v2\/users\/34"}],"replies":[{"embeddable":true,"href":"https:\/\/blogs.correiobraziliense.com.br\/aricunha\/wp-json\/wp\/v2\/comments?post=8161"}],"version-history":[{"count":1,"href":"https:\/\/blogs.correiobraziliense.com.br\/aricunha\/wp-json\/wp\/v2\/posts\/8161\/revisions"}],"predecessor-version":[{"id":8162,"href":"https:\/\/blogs.correiobraziliense.com.br\/aricunha\/wp-json\/wp\/v2\/posts\/8161\/revisions\/8162"}],"wp:attachment":[{"href":"https:\/\/blogs.correiobraziliense.com.br\/aricunha\/wp-json\/wp\/v2\/media?parent=8161"}],"wp:term":[{"taxonomy":"category","embeddable":true,"href":"https:\/\/blogs.correiobraziliense.com.br\/aricunha\/wp-json\/wp\/v2\/categories?post=8161"},{"taxonomy":"post_tag","embeddable":true,"href":"https:\/\/blogs.correiobraziliense.com.br\/aricunha\/wp-json\/wp\/v2\/tags?post=8161"}],"curies":[{"name":"wp","href":"https:\/\/api.w.org\/{rel}","templated":true}]}}