{"id":8154,"date":"2016-09-09T02:20:27","date_gmt":"2016-09-09T05:20:27","guid":{"rendered":"https:\/\/blogs.correiobraziliense.com.br\/aricunha\/?p=8154"},"modified":"2017-12-14T16:17:05","modified_gmt":"2017-12-14T18:17:05","slug":"8154-2","status":"publish","type":"post","link":"https:\/\/blogs.correiobraziliense.com.br\/aricunha\/8154-2\/","title":{"rendered":""},"content":{"rendered":"<p>DESDE 1960 \u00bb<\/p>\n<p>aricunha@dabr.com.br<\/p>\n<p>com Circe Cunha e MAMFIL<\/p>\n<p>Desfile de personagens<\/p>\n<p>Para um observador atento, que teve oportunidade ou disposi\u00e7\u00e3o de assistir de perto o desfile de Sete de Setembro no Eixo Monumental, ficou patente que, no palanque principal, onde  estavam as autoridades convidadas, apareciam, logo na primeira fila, uma sequ\u00eancia de novos personagens que, nos pr\u00f3ximos dois anos, ter\u00e3o a miss\u00e3o, quase imposs\u00edvel, de operar uma pl\u00e1stica, ao menos cosm\u00e9tica, no rosto envelhecido precocemente de nossa democracia.<\/p>\n<p>Ali estavam perfilados uma pequena mostra dos condutores moment\u00e2neos da nossa Rep\u00fablica, tantas vezes enxovalhada. Cada um com sua hist\u00f3ria particular. Ao lado de sua jovem esposa, esp\u00e9cie de Marianne \u00e0 brasileira, o atual presidente, como herdeiro natural e legal, al\u00e7ado \u00e0 condi\u00e7\u00e3o de titular n\u00e3o apenas por obra do destino, mas pelo conjunto da obra cometido pela antecessora, esbo\u00e7ava o ar misto de vaidade e preocupa\u00e7\u00e3o com o peso da situa\u00e7\u00e3o que ter\u00e1 pela frente.<\/p>\n<p>Curioso observar que os tr\u00eas principais atores pol\u00edticos desse novo enredo chegaram ao poder pela for\u00e7a da in\u00e9rcia dos acontecimentos. Temer, pelo esgotamento e a imposibilidade de Dilma em prosseguir adiante. Rodrigo Rollemberg, pela imposi\u00e7\u00e3o da Justi\u00e7a, que retirou do p\u00e1reo ao GDF, o candidato favorito nas pesquisas, Roberto Arruda. Rodrigo Maia, terceiro na hierarquia da Rep\u00fablica, chegou \u00e0 Presid\u00eancia da C\u00e2mara dos Deputados no rastro do ex-presidente da Casa, Eduardo Cunha, que, depois de empurrar Dilma para fora do poder e de uma sequ\u00eancia de hist\u00f3rias mal explicadas, perdeu o apoio e a utilidade para seus pares.<\/p>\n<p>Tr\u00eas personagens quase posti\u00e7os, mas de absoluta necessidade para dar prosseguimento \u00e0 normalidade institucional. Como coadjuvantes que s\u00e3o, erguidos pela imponderabilidade dos des\u00edgnios de nossa hist\u00f3ria, t\u00eam pap\u00e9is principais a desempenhar. Tr\u00eas personagens em busca de um autor, que neste caso ser\u00e1 formado pelo conjunto de eleitores no pleito de 2018.<\/p>\n<p>Brindados ou abalroados pela casualidade, somente o tempo e a sociedade dir\u00e3o. Em todo caso, \u00e9 sintom\u00e1tico que o pelot\u00e3o em desfile que mais foi aplaudido e saudado pela popula\u00e7\u00e3o presente, mais at\u00e9 que as for\u00e7as armadas, dona da festa de Independ\u00eancia, era formado por um pequeno contingente de policiais federais, todos vestidos de preto, bem em sintonia com o momento grave que atravessamos.<\/p>\n<p>J\u00e1 o ministro do Supremo, Ricardo Lewandowski, tamb\u00e9m na linha de frente das autoridades, \u00e9, talvez, o \u00fanico exemplar, entre todos, que, no futuro, n\u00e3o ser\u00e1 julgado pelas urnas. Para ele, poder\u00e1 sobrar um outro veredito, o de ter incorrido diretamente na Teoria da Cegueira Deliberada, quando fechou os olhos para o golpe desferido contra a letra da Constitui\u00e7\u00e3o, permitindo uma nov\u00edssima e sui generis interpreta\u00e7\u00e3o da Carta de 1988.<\/p>\n<p>A frase que n\u00e3o foi pronunciada<\/p>\n<p>\u201cQuando o mundo vai cansar de morrer com a guerra?\u201d<\/p>\n<p>Fernanda Cavalcante, 5 anos, pensando enquanto v\u00ea o sofrimento das crian\u00e7as refugiadas<\/p>\n<p>Guerra pela paz?<\/p>\n<p>De um lado: \u201cA nossa bandeira jamais ser\u00e1 vermelha!\u201d. De outro: \u201cFora Temer\u201d. Manifesta\u00e7\u00f5es completamente pac\u00edficas em Bras\u00edlia. \u00c9 hora de buscar a paz. O perigo \u00e9 o des\u00e2nimo. Vale ver como v\u00e3o as elei\u00e7\u00f5es Brasil afora. Sem \u00e2nimo, poucos querem se candidatar. H\u00e1 prefeitos que ser\u00e3o eleitos com um voto. Come\u00e7a o perigo com o sil\u00eancio dos honestos.<\/p>\n<p>Crime disfar\u00e7ado<\/p>\n<p>Engana-se quem julga ser a m\u00e1fia das pr\u00f3teses a mais nefasta da sa\u00fade no DF. O n\u00famero de cesarianas nos hospitais da cidade \u00e9 um esc\u00e2ndalo maior ainda porque, nesse caso, h\u00e1 a autonomia de vontade das parturientes com a anu\u00eancia e coniv\u00eancia m\u00e9dica.<\/p>\n<p>Importante<\/p>\n<p>Foi um protesto geral a falta de vis\u00e3o humana dos canais abertos. Lucro em primeiro lugar. Totalmente fora das pol\u00edticas p\u00fablicas do governo sobre inclus\u00e3o parece que n\u00e3o tem valido a pena as concess\u00f5es p\u00fablicas \u00e0s tev\u00eas. N\u00e3o \u00e9 todo o p\u00fablico alvo que gosta de viol\u00eancia. \u00c9 preciso apresentar contrapartida social e educativa.<\/p>\n<p> Amigo de verdade<\/p>\n<p>Como uma das \u00faltimas medidas na cren\u00e7a de que nada v\u00e1 acontecer, Lula est\u00e1 sim, embaralhando o processo de investiga\u00e7\u00e3o da Lava-Jato, enquanto aguarda as cartas na mesa. Esse jogo n\u00e3o vai terminar bem, e quem est\u00e1 pronto para cumprir a lei \u00e9 o ministro Teori Zavascki.<\/p>\n<p>Hist\u00f3ria de Bras\u00edlia<\/p>\n<p>A indica\u00e7\u00e3o do cel. Dagoberto Rodrigues para o DCT \u00e9 um merecimento. Desgarrado da grande equipe de Bras\u00edlia, por for\u00e7as das circunst\u00e2ncias pol\u00edticas, poder\u00e1 se reencontrar com a oportunidade de prestar outro grande servi\u00e7o ao pa\u00eds. (Publicado em 14\/9\/1961)<\/p>\n","protected":false},"excerpt":{"rendered":"<p>DESDE 1960 \u00bb aricunha@dabr.com.br com Circe Cunha e MAMFIL Desfile de personagens Para um observador atento, que teve oportunidade ou disposi\u00e7\u00e3o de assistir de perto o desfile de Sete de Setembro no Eixo Monumental, ficou patente que, no palanque principal, onde estavam as autoridades convidadas, apareciam, logo na primeira fila, uma sequ\u00eancia de novos personagens que, nos pr\u00f3ximos dois anos, [&hellip;]<\/p>\n","protected":false},"author":34,"featured_media":0,"comment_status":"open","ping_status":"closed","sticky":false,"template":"","format":"standard","meta":{"footnotes":""},"categories":[23],"tags":[67],"class_list":["post-8154","post","type-post","status-publish","format-standard","hentry","category-integra","tag-brasilia-historiadebrasilia-aricunha-circecunha-mamfil"],"_links":{"self":[{"href":"https:\/\/blogs.correiobraziliense.com.br\/aricunha\/wp-json\/wp\/v2\/posts\/8154","targetHints":{"allow":["GET"]}}],"collection":[{"href":"https:\/\/blogs.correiobraziliense.com.br\/aricunha\/wp-json\/wp\/v2\/posts"}],"about":[{"href":"https:\/\/blogs.correiobraziliense.com.br\/aricunha\/wp-json\/wp\/v2\/types\/post"}],"author":[{"embeddable":true,"href":"https:\/\/blogs.correiobraziliense.com.br\/aricunha\/wp-json\/wp\/v2\/users\/34"}],"replies":[{"embeddable":true,"href":"https:\/\/blogs.correiobraziliense.com.br\/aricunha\/wp-json\/wp\/v2\/comments?post=8154"}],"version-history":[{"count":1,"href":"https:\/\/blogs.correiobraziliense.com.br\/aricunha\/wp-json\/wp\/v2\/posts\/8154\/revisions"}],"predecessor-version":[{"id":8155,"href":"https:\/\/blogs.correiobraziliense.com.br\/aricunha\/wp-json\/wp\/v2\/posts\/8154\/revisions\/8155"}],"wp:attachment":[{"href":"https:\/\/blogs.correiobraziliense.com.br\/aricunha\/wp-json\/wp\/v2\/media?parent=8154"}],"wp:term":[{"taxonomy":"category","embeddable":true,"href":"https:\/\/blogs.correiobraziliense.com.br\/aricunha\/wp-json\/wp\/v2\/categories?post=8154"},{"taxonomy":"post_tag","embeddable":true,"href":"https:\/\/blogs.correiobraziliense.com.br\/aricunha\/wp-json\/wp\/v2\/tags?post=8154"}],"curies":[{"name":"wp","href":"https:\/\/api.w.org\/{rel}","templated":true}]}}