{"id":8152,"date":"2016-09-11T10:18:22","date_gmt":"2016-09-11T13:18:22","guid":{"rendered":"https:\/\/blogs.correiobraziliense.com.br\/aricunha\/?p=8152"},"modified":"2016-09-12T10:19:03","modified_gmt":"2016-09-12T13:19:03","slug":"hora-da-limpeza","status":"publish","type":"post","link":"https:\/\/blogs.correiobraziliense.com.br\/aricunha\/hora-da-limpeza\/","title":{"rendered":"Hora da limpeza"},"content":{"rendered":"<p>DESDE 1960<\/p>\n<p>aricunha@dabr.com.br<\/p>\n<p>com Circe Cunha e MAMFIL<\/p>\n<p>Nestes tempos bizarros, a multiplica\u00e7\u00e3o de grava\u00e7\u00f5es secretas, envolvendo personagens do mundo pol\u00edtico nacional e local, tem apresentado aos ilustres eleitores de todo o pa\u00eds e de Bras\u00edlia, em particular, uma sequ\u00eancia ininterrupta das mais indiscretas e explosivas inconfid\u00eancias. Grava\u00e7\u00f5es e dela\u00e7\u00f5es t\u00eam o cond\u00e3o de trazer para o grande p\u00fablico a verdadeira face oculta de nossos representantes. Hoje, \u00e9 sabido que a busca desesperada por cargos eletivos, obedece, em parte, a um racioc\u00ednio simplista. Por um lado, permite ao postulante adentrar para o seleto clube das raposas que v\u00e3o controlar o galinheiro e os ovos de ouro. De outro, permite ainda que o eleito, caso apanhado em flagrante depenando a penosa, n\u00e3o seja importunado pelos homens da lei, gra\u00e7as \u00e0 carapa\u00e7a obtida com a odiosa prerrogativa de foro privilegiado.<\/p>\n<p>A kriptonita para esses super homens do crime tem sido justamente a revela\u00e7\u00e3o de seus pecados ou a deduragem pura e simples de seus pares em busca de atenuantes. Ali\u00e1s, a pr\u00f3pria express\u00e3o dedo duro, ganhou uma nova vestimenta eufemizada, sendo conhecida, hoje, como dela\u00e7\u00e3o premiada. Pelas parlapatices de Luiz Estev\u00e3o, captadas pelo gravador indiscreto da futura ex-deputada distrital Liliane Roriz (PTB), os brasilienses v\u00e3o tomando ci\u00eancia de como opera e se distribui a maquinaria pol\u00edtica praticada aqui na capital. De acordo com que revelou o ex-senador nas grava\u00e7\u00f5es, existem ind\u00edcios de que dentro da C\u00e2mara Legislativa, entre outros il\u00edcitos, h\u00e1 uma bancada da fatura, integrada pelos deputados Cristiano Ara\u00fajo (PSD), Rob\u00e9rio Negreiros (PSDB) e Rafael Prudente (PMDB). Juntos, esses dubl\u00eas de parlamentares, mas que, na realidade, s\u00e3o donos de empresas de seguran\u00e7a e de conserva\u00e7\u00e3o, faturaram, desde 2009, quase R$ 2 bilh\u00f5es dos cofres do GDF.<\/p>\n<p>No rastro do que revelou Estev\u00e3o, surgem ainda sinais de que a atividade pol\u00edtica dessa bancada bilion\u00e1ria, que tamb\u00e9m poderia ser denominada da fartura, rende lucros para as empresas. Somente no caso do distrital Rob\u00e9rio Negreiros, dono da Brasfort, os lucros de sua empresa foram multiplicados 52 vezes depois de ser eleito, passando de R$ 4,1 milh\u00f5es, em 2010, para R$ 210,6 milh\u00f5es em 2015. Al\u00e9m desses nomes, Estev\u00e3o cita a ex-deputada Eliana Pedrosa cuja fam\u00edlia, propriet\u00e1ria da empresa Din\u00e2mica, j\u00e1 lucrou com o GDF o equivalente a R$ 332 milh\u00f5es desde 2009. Ilude-se quem acredita que esses nobres deputados ocupam assentos na C\u00e2mara local preocupados com as condi\u00e7\u00f5es de vida e bem-estar dos brasilienses. Na verdade, e os lucros fabulosos dessas empresas assim revelam, a CL \u00e9 usada como biombo para a prosperidade dos neg\u00f3cios da fam\u00edlia. Que por sinal, v\u00e3o muito bem, obrigado.<\/p>\n<p>A frase que n\u00e3o foi pronunciada<\/p>\n<p>\u201c Nunca mais o Estado brasileiro vai entrar no vermelho\u201d<\/p>\n<p>Presidente Michel Temer, sonhando com um jardim verde e amarelo no Alvorada<\/p>\n<p>Fim de linha<\/p>\n<p>\u00c9 preciso ser muito s\u00f3rdido para se aproveitar da ang\u00fastia de um desempregado para plantar um golpe que rendia R$70 mil por m\u00eas. Depois de aliciar o trabalhador, os criminosos cobravam R$180 de um curso e preparo da documenta\u00e7\u00e3o. A Pol\u00edcia Civil do DF acabou com a farra pela Opera\u00e7\u00e3o Fake Job e o juiz Lu\u00eds Eduardo Yatsuda Arima, da 2\u00aa Vara Criminal de Bras\u00edlia, aceitou den\u00fancia do Minist\u00e9rio P\u00fablico do Distrito Federal. Doze mandados de pris\u00e3o e 2 de busca e apreens\u00e3o foram s\u00f3 o come\u00e7o do fim da gangue.<\/p>\n<p>Solu\u00e7\u00e3o<\/p>\n<p>Como \u00e9 parte do jeit\u00e3o de Brescianini, depois de esperar a resposta que n\u00e3o veio, ele mesmo deu a solu\u00e7\u00e3o. Uma parceria com o metr\u00f4 para a emiss\u00e3o das passagens e de cart\u00f5es de integra\u00e7\u00e3o \u00f4nibus-metr\u00f4 seria o fim do problema fiscal.<\/p>\n<p>Pelo DF<\/p>\n<p>\u201cMandando foto j\u00e1 ajuda\u201d. Trata-se de um aplicativo para celular e tablet que funciona para den\u00fancias de invas\u00f5es em \u00e1rea p\u00fablica. O aplicativo foi desenvolvido pela Agefis em parceria com a Casa Civil. O protetor das terras p\u00fablicas da cidade pode enviar uma foto ou localiza\u00e7\u00e3o com a imagem de sat\u00e9lite.<\/p>\n<p>CDH<\/p>\n<p>Durante a reuni\u00e3o da Comiss\u00e3o de Direitos Humanos e Legisla\u00e7\u00e3o Participativa do Senado, na quinta-feira, Carlos Penna Brescianini, representante do Blog Ambiente e Transporte e ex-coordenador do Metr\u00f4\/DF, fez uma pergunta que ningu\u00e9m conseguiu responder, ou n\u00e3o teve coragem. Ele quis saber a raz\u00e3o de n\u00e3o se receber uma nota fiscal pelas passagens de \u00f4nibus compradas.<\/p>\n<p>Realidade<\/p>\n<p>Renata Cunha Santar\u00e9m, estudante, quando indagada sobre a falta de nota fiscal para a compra das passagens no transporte p\u00fablico do DF rebateu com outro questionamento: \u201cNota fiscal? Nem o troco eles d\u00e3o! Imagine o recibo.\u201d<\/p>\n<p>Hist\u00f3ria de Bras\u00edlia<\/p>\n<p>N\u00f3s, entretanto, recomendamos aos inimigos do cerrado: o f\u00f3sforo dado pela Campanha n\u00e3o serve para queimar matas. \u00c9 para acender cigarros. (Publicado em 14\/9\/1961)<\/p>\n","protected":false},"excerpt":{"rendered":"<p>DESDE 1960 aricunha@dabr.com.br com Circe Cunha e MAMFIL Nestes tempos bizarros, a multiplica\u00e7\u00e3o de grava\u00e7\u00f5es secretas, envolvendo personagens do mundo pol\u00edtico nacional e local, tem apresentado aos ilustres eleitores de todo o pa\u00eds e de Bras\u00edlia, em particular, uma sequ\u00eancia ininterrupta das mais indiscretas e explosivas inconfid\u00eancias. Grava\u00e7\u00f5es e dela\u00e7\u00f5es t\u00eam o cond\u00e3o de trazer para o grande p\u00fablico a [&hellip;]<\/p>\n","protected":false},"author":34,"featured_media":0,"comment_status":"closed","ping_status":"closed","sticky":false,"template":"","format":"standard","meta":{"footnotes":""},"categories":[23],"tags":[],"class_list":["post-8152","post","type-post","status-publish","format-standard","hentry","category-integra"],"_links":{"self":[{"href":"https:\/\/blogs.correiobraziliense.com.br\/aricunha\/wp-json\/wp\/v2\/posts\/8152","targetHints":{"allow":["GET"]}}],"collection":[{"href":"https:\/\/blogs.correiobraziliense.com.br\/aricunha\/wp-json\/wp\/v2\/posts"}],"about":[{"href":"https:\/\/blogs.correiobraziliense.com.br\/aricunha\/wp-json\/wp\/v2\/types\/post"}],"author":[{"embeddable":true,"href":"https:\/\/blogs.correiobraziliense.com.br\/aricunha\/wp-json\/wp\/v2\/users\/34"}],"replies":[{"embeddable":true,"href":"https:\/\/blogs.correiobraziliense.com.br\/aricunha\/wp-json\/wp\/v2\/comments?post=8152"}],"version-history":[{"count":1,"href":"https:\/\/blogs.correiobraziliense.com.br\/aricunha\/wp-json\/wp\/v2\/posts\/8152\/revisions"}],"predecessor-version":[{"id":8153,"href":"https:\/\/blogs.correiobraziliense.com.br\/aricunha\/wp-json\/wp\/v2\/posts\/8152\/revisions\/8153"}],"wp:attachment":[{"href":"https:\/\/blogs.correiobraziliense.com.br\/aricunha\/wp-json\/wp\/v2\/media?parent=8152"}],"wp:term":[{"taxonomy":"category","embeddable":true,"href":"https:\/\/blogs.correiobraziliense.com.br\/aricunha\/wp-json\/wp\/v2\/categories?post=8152"},{"taxonomy":"post_tag","embeddable":true,"href":"https:\/\/blogs.correiobraziliense.com.br\/aricunha\/wp-json\/wp\/v2\/tags?post=8152"}],"curies":[{"name":"wp","href":"https:\/\/api.w.org\/{rel}","templated":true}]}}