{"id":8146,"date":"2016-09-08T01:13:04","date_gmt":"2016-09-08T04:13:04","guid":{"rendered":"https:\/\/blogs.correiobraziliense.com.br\/aricunha\/?p=8146"},"modified":"2016-09-08T10:13:45","modified_gmt":"2016-09-08T13:13:45","slug":"brasilia-aos-pedacos","status":"publish","type":"post","link":"https:\/\/blogs.correiobraziliense.com.br\/aricunha\/brasilia-aos-pedacos\/","title":{"rendered":"Bras\u00edlia aos peda\u00e7os"},"content":{"rendered":"<p>Desde 1960<\/p>\n<p>aricunha@dabr.com.br<\/p>\n<p>com Circe Cunha e MAMFIL<\/p>\n<p>Triste capital do pa\u00eds. Obrigada, pelos descaminhos do destino, a se ver representada pelos mais estranhos personagens da nossa a sociedade, Bras\u00edlia vai, a cada dia, encontrando seu lugar de destaque dentro do cen\u00e1rio nacional dos grandes esc\u00e2ndalos pol\u00edticos. Nesse quesito, nossos representantes nada ficam devendo em malfeitorias aos grandes mestres nacionais. A repeti\u00e7\u00e3o quase mon\u00f3tona de casos de corrup\u00e7\u00e3o estampados em manchetes di\u00e1rias serve para n\u00e3o deixar cair no esquecimento que vivemos ainda sob o signo da precariedade e do caos que tem tomado posse do Estado.<\/p>\n<p>Dif\u00edcil nesses dias \u00e9 identificar nos notici\u00e1rios onde est\u00e3o das fronteiras entre os fatos pol\u00edticos e as ocorr\u00eancias policiais. Quando esse am\u00e1lgama entre o bem e o mal passa a ocorrer com frequ\u00eancia, confundindo o cidad\u00e3o de bem, \u00e9 sinal de que o despenhadeiro est\u00e1 nas proximidades. Nem bem os brasilienses tiveram tempo de digerir os acontecimentos da Opera\u00e7\u00e3o Dr\u00e1con, que varreu toda a mesa diretora da C\u00e2mara| Distrital, eis que surgem agora novas grava\u00e7\u00f5es em que o primeiro senador cassado da Rep\u00fablica e representante do Distrito Federal, exp\u00f5e claramente a podrid\u00e3o que corre solta nos por\u00f5es da pol\u00edtica local.<\/p>\n<p>As declara\u00e7\u00f5es vindas a p\u00fablico merecem, por parte das autoridades judici\u00e1rias, uma investiga\u00e7\u00e3o profunda para que a sociedade conhe\u00e7a quem s\u00e3o os 90 bandidos no grupo de cada 100 brasilienses mencionados pelo ex-senador.<\/p>\n<p>A cada novo esc\u00e2ndalo, novos modus operandi criminosos s\u00e3o armados para tungar o dinheiro do contribuinte. Mudam-se as t\u00e1ticas e investidas. No entanto, um fato tem chamado a aten\u00e7\u00e3o: em cada nova opera\u00e7\u00e3o policial e investida dos agentes da lei, os mesmos e surrados nomes voltam a surgir, numa demonstra\u00e7\u00e3o clara de que as a\u00e7\u00f5es anteriores da Justi\u00e7a sobre esses indiv\u00edduos n\u00e3o surtiram os efeitos necess\u00e1rios, e eles t\u00eam prosseguido livremente na rotina de crimes.<\/p>\n<p>\u201cNesta cidade, de cada 100 caras, 90 s\u00e3o bandidos. E vivem de bandidagem, putaria e sacanagem. Vivem roubando, tomando dinheiro, cobrando comiss\u00e3o, fazendo neg\u00f3cio fajuto com o governo local e com o governo federal\u201d. Declara\u00e7\u00f5es como essa, vindo do empres\u00e1rio que mais ganhou dinheiro nesta cidade, ex-pol\u00edtico e com tr\u00e2nsito livre entre as autoridades locais, merece uma resposta em forma de investiga\u00e7\u00e3o. Caso contr\u00e1rio 90% da popula\u00e7\u00e3o podem pedir aos tribunais repara\u00e7\u00f5es e outras a\u00e7\u00f5es. Como est\u00e1 n\u00e3o pode ficar.<\/p>\n<p>A frase que n\u00e3o foi pronunciada<\/p>\n<p>\u201cSe a justi\u00e7a \u00e9 cega, nunca acerta o alvo!\u201d<\/p>\n<p>Dona Dita, vendo os malabarismos hermen\u00eauticos.<\/p>\n<p>Nova lei<\/p>\n<p>\u00c9 mais do que natural que haja uma lei sanit\u00e1ria nacional para inspe\u00e7\u00e3o e controle de qualidade dos produtos produzidos pela agropecu\u00e1ria brasileira. Enquanto as normas federais, estaduais e municipais n\u00e3o forem unificadas, o consumo de alimentos ser\u00e1 sempre um risco \u00e0 sa\u00fade.<\/p>\n<p>Causa e consequ\u00eancia<\/p>\n<p>Depois do fatiamento no processo de impedimento de dona Dilma, a C\u00e2mara dos Deputados est\u00e1 com a faca na m\u00e3o aguardando o processo contra Eduardo Cunha.<\/p>\n<p>Ingenuidade<\/p>\n<p>A proibi\u00e7\u00e3o de aplicativo para alertar blitz no tr\u00e2nsito est\u00e1 cada vez mais unindo os vizinhos. No lugar do Waze a comunica\u00e7\u00e3o \u00e9 feita pelo Whatsapp. Para que a proibi\u00e7\u00e3o d\u00ea certo \u00e9 melhor exterminar o celular.<\/p>\n<p>Cidadania<\/p>\n<p>Reconhecimento geral ao trabalho do Senado Federal na tramita\u00e7\u00e3o do processo do impeachment. Independente de posi\u00e7\u00e3o partid\u00e1ria, todos os funcion\u00e1rios deram o melhor de si para o bom andamento das atividades. O senador Jorge Viana elogiou o desempenho os servidores e a diretora geral Ilana Trombka enalteceu a integra\u00e7\u00e3o dos setores.<\/p>\n<p>Compet\u00eancia<\/p>\n<p>Por falar em Senado, a conversa no cafezinho era sobre a senadora Ana Am\u00e9lia. Enquanto comentavam que ela nunca diz por favor ou obrigada, uma funcion\u00e1ria mais antiga alertou. Gente, ela fala sim. Mas com o olhar. Quem a conhece mais tempo consegue essa leitura.<\/p>\n<p>Segredo<\/p>\n<p>Um g\u00eanio da m\u00fasica. O deputado Rog\u00e9rio Rosso toca todos os instrumentos musicais. Homem de racioc\u00ednio r\u00e1pido, \u00e9 um desbravador das melodias e ritmos. Assim como o ministro Luiz Fux, \u00e9 m\u00fasico por natureza. A profiss\u00e3o e o cargo que ocupam s\u00e3o s\u00f3 passageiros. Est\u00e3o autoridades, mas s\u00e3o m\u00fasicos.<\/p>\n<p>Hist\u00f3ria de Bras\u00edlia<\/p>\n<p>E mais: publicar nesta coluna, s\u00f3 depois que ela sair sem assinatura. Com o meu nome, em hip\u00f3tese alguma. Estamos conversados. \u00c9 a lei de imprensa que me garante assumir a responsabilidade sobre o que escrevo.  (Publicado em 14\/9\/1961)<\/p>\n","protected":false},"excerpt":{"rendered":"<p>Desde 1960 aricunha@dabr.com.br com Circe Cunha e MAMFIL Triste capital do pa\u00eds. Obrigada, pelos descaminhos do destino, a se ver representada pelos mais estranhos personagens da nossa a sociedade, Bras\u00edlia vai, a cada dia, encontrando seu lugar de destaque dentro do cen\u00e1rio nacional dos grandes esc\u00e2ndalos pol\u00edticos. Nesse quesito, nossos representantes nada ficam devendo em malfeitorias aos grandes mestres nacionais. [&hellip;]<\/p>\n","protected":false},"author":34,"featured_media":0,"comment_status":"closed","ping_status":"closed","sticky":false,"template":"","format":"standard","meta":{"footnotes":""},"categories":[23],"tags":[],"class_list":["post-8146","post","type-post","status-publish","format-standard","hentry","category-integra"],"_links":{"self":[{"href":"https:\/\/blogs.correiobraziliense.com.br\/aricunha\/wp-json\/wp\/v2\/posts\/8146","targetHints":{"allow":["GET"]}}],"collection":[{"href":"https:\/\/blogs.correiobraziliense.com.br\/aricunha\/wp-json\/wp\/v2\/posts"}],"about":[{"href":"https:\/\/blogs.correiobraziliense.com.br\/aricunha\/wp-json\/wp\/v2\/types\/post"}],"author":[{"embeddable":true,"href":"https:\/\/blogs.correiobraziliense.com.br\/aricunha\/wp-json\/wp\/v2\/users\/34"}],"replies":[{"embeddable":true,"href":"https:\/\/blogs.correiobraziliense.com.br\/aricunha\/wp-json\/wp\/v2\/comments?post=8146"}],"version-history":[{"count":1,"href":"https:\/\/blogs.correiobraziliense.com.br\/aricunha\/wp-json\/wp\/v2\/posts\/8146\/revisions"}],"predecessor-version":[{"id":8147,"href":"https:\/\/blogs.correiobraziliense.com.br\/aricunha\/wp-json\/wp\/v2\/posts\/8146\/revisions\/8147"}],"wp:attachment":[{"href":"https:\/\/blogs.correiobraziliense.com.br\/aricunha\/wp-json\/wp\/v2\/media?parent=8146"}],"wp:term":[{"taxonomy":"category","embeddable":true,"href":"https:\/\/blogs.correiobraziliense.com.br\/aricunha\/wp-json\/wp\/v2\/categories?post=8146"},{"taxonomy":"post_tag","embeddable":true,"href":"https:\/\/blogs.correiobraziliense.com.br\/aricunha\/wp-json\/wp\/v2\/tags?post=8146"}],"curies":[{"name":"wp","href":"https:\/\/api.w.org\/{rel}","templated":true}]}}