{"id":8142,"date":"2016-09-07T10:11:40","date_gmt":"2016-09-07T13:11:40","guid":{"rendered":"https:\/\/blogs.correiobraziliense.com.br\/aricunha\/?p=8142"},"modified":"2016-09-08T10:12:25","modified_gmt":"2016-09-08T13:12:25","slug":"calcanhar-de-aquiles-do-brasil-falta-de-educacao","status":"publish","type":"post","link":"https:\/\/blogs.correiobraziliense.com.br\/aricunha\/calcanhar-de-aquiles-do-brasil-falta-de-educacao\/","title":{"rendered":"Calcanhar de Aquiles do Brasil: a falta de educa\u00e7\u00e3o"},"content":{"rendered":"<p>DESDE 1960<\/p>\n<p>aricunha@dabr.com.br<\/p>\n<p>com Circe Cunha e MAMFIL<\/p>\n<p> Pode n\u00e3o parecer para muitos , mas o processo de erradica\u00e7\u00e3o completa do analfabetismo \u00e9 uma condi\u00e7\u00e3o sine qua non para o desenvolvimento material de um pa\u00eds. Esse fato explica por que n\u00e3o existe, dentro do seleto grupo de pa\u00edses desenvolvidos, na\u00e7\u00e3o alguma que tenha alcan\u00e7ado a prosperidade econ\u00f4mica, pol\u00edtica e social sem que tenha resolvido, a priori, a supera\u00e7\u00e3o do problema do analfabetismo.<\/p>\n<p>Essa tese explica tamb\u00e9m por que o Brasil, em pleno s\u00e9culo 21, ainda n\u00e3o conseguiu se inserir entre as pot\u00eancias globais, limitando-se ao voo de galinha dentro do que \u00e9 chamado pa\u00edses em desenvolvimento. Temos sistematicamente desperdi\u00e7ado o bem mais precioso para os seres humanos, que \u00e9 o tempo, prejudicando o acesso de muitas gera\u00e7\u00f5es a educa\u00e7\u00e3o de qualidade. A verdade \u00e9 que nunca faltou dinheiro para o Brasil investir em educa\u00e7\u00e3o.<\/p>\n<p>O que falta mesmo \u00e9 vontade pol\u00edtica. Mas convenhamos. Com representantes da estirpe que estamos conhecendo por meio das a\u00e7\u00f5es do Minist\u00e9rio P\u00fablico e Pol\u00edcia Federal, o que \u00e9 poss\u00edvel esperar? Como uma p\u00e1tria pode ser educadora se suas autoridades n\u00e3o receberam educa\u00e7\u00e3o em casa? A falta de consci\u00eancia desses criminosos em rela\u00e7\u00e3o ao il\u00edcito cometido parece a simples falta de um pai ou de uma m\u00e3e por perto para coloc\u00e1-los nos eixos.<\/p>\n<p>Educa\u00e7\u00e3o \u00e9 exemplo. S\u00f3 isso. Simples para quem preza pelas pr\u00f3ximas gera\u00e7\u00f5es e por um mundo mais justo, solid\u00e1rio e humano. J\u00e1 o car\u00e1ter, a \u00edndole de um homem, nada mais \u00e9 do que o seu destino. Nosso descaso secular com a educa\u00e7\u00e3o \u00e9 o respons\u00e1vel n\u00e3o apenas pelo ciclo perverso da mis\u00e9ria e do subdesenvolvimento que nos acorrenta, mas, principalmente, pela prolifera\u00e7\u00e3o cont\u00ednua de lideran\u00e7as pol\u00edticas med\u00edocres para quem a falta de educa\u00e7\u00e3o da popula\u00e7\u00e3o facilita e eterniza o processo de explora\u00e7\u00e3o.<\/p>\n<p>Manter a popula\u00e7\u00e3o na escurid\u00e3o da ignor\u00e2ncia, cria a falsa necessidade de luminares e salvadores da p\u00e1tria, pretensos portadores da lanterna de Di\u00f3genes, mas que s\u00e3o, de fato, postes sem vida e luz pr\u00f3pria. \u00c0s v\u00e9speras em que se comemora o Dia Mundial da Alfabetiza\u00e7\u00e3o (8 de setembro) institu\u00eddo em 1967 pela ONU, o Brasil tem pouco a festejar.<\/p>\n<p>Segundo Relat\u00f3rio de Monitoramento Global da Educa\u00e7\u00e3o 2016, divulgado agora pela Organiza\u00e7\u00e3o das Na\u00e7\u00f5es Unidas para a Educa\u00e7\u00e3o, a Ci\u00eancia e a Cultura (Unesco), o Brasil tem 13 milh\u00f5es de pessoas , com 15 anos ou mais que n\u00e3o sabem ler, nem escrever (analfabetas), sendo que mesmo dentre as pessoas com escolaridade b\u00e1sica, apenas 15 % conseguem realizar, com sucesso, opera\u00e7\u00f5es simples de aritm\u00e9tica.<\/p>\n<p>Nosso pa\u00eds ocupa a oitava posi\u00e7\u00e3o, entre as na\u00e7\u00f5es do mundo com maior n\u00famero de adultos analfabetos. Se a situa\u00e7\u00e3o \u00e9 ruim no ensino b\u00e1sico, nas s\u00e9ries seguintes, mais avan\u00e7adas, o problema da m\u00e1 qualidade da educa\u00e7\u00e3o se repete de maneira mon\u00f3tona. De acordo com o ranking QS World University deste ano, a Universidade de Bras\u00edlia (UNB) caiu mais de cem posi\u00e7\u00f5es dentre os centros de ensino superior do mundo, despencando entre as 500 melhores do planeta para posi\u00e7\u00f5es entre 601 e 650, numa lista com 916 institui\u00e7\u00f5es universit\u00e1rias do globo.<\/p>\n<p>Tamb\u00e9m em compara\u00e7\u00e3o com outras universidades da Am\u00e9rica Latina, a UnB caiu da 22\u00aa posi\u00e7\u00e3o, em 2015, para o 32\u00aa lugar este ano. Mesmo diante dos \u00edndices e avalia\u00e7\u00f5es negativas em educa\u00e7\u00e3o, o governo parece decidido, dentro do esfor\u00e7o de melhorar as contas p\u00fablicas, a cortar cerca de R$ 1 bilh\u00e3o no or\u00e7amento do Pronatec, reduzindo o n\u00famero de vagas e os investimentos no programa em 45%. \u00c9 o Brasil, deitado eternamente em um ber\u00e7o que parece espl\u00eandido, mas, chegando mais perto, v\u00ea-se a ignor\u00e2ncia cravada por todos os lados.<\/p>\n<p>A frase que n\u00e3o foi pronunciada<\/p>\n<p>At\u00e9 crian\u00e7a fala a verdade. Por que esses marmanjos n\u00e3o criam vergonha na cara?<\/p>\n<p>Dona Dita, aborrecida com tantos homens poderosos presos<\/p>\n<p>Bomba<\/p>\n<p>Bras\u00edlia est\u00e1 em polvorosa com a possibilidade do impeachment ao presidente do STF, Ricardo Lewandowski. Tudo vai depender do presidente do Senado, Renan Calheiros, se aceitar\u00e1 o documento do Movimento Brasil Livre.<\/p>\n<p>\u00c1trio<\/p>\n<p>Come\u00e7a a ser pulverizada a iniciativa do Minist\u00e9rio P\u00fablico Federal em conclamar todas as unidades a dar um basta na corrup\u00e7\u00e3o. O Minist\u00e9rio P\u00fablico do Distrito Federal apresentou um processo contra os ex-administradores regionais de Taguatinga, Carlos Alberto Jales, e de \u00c1guas Claras, Carlos Sidney de Oliveira. H\u00e1 provas de improbidade administrativa.<\/p>\n<p>Hist\u00f3ria de Bras\u00edlia<\/p>\n<p>Para os que gostam de ca\u00e7a e pesca, vejam esse resultado de fim de semana no nosso Dick Shaw, do Informador: 5 pacas, uma capivara e 80 quilos de tucunar\u00e9. Superou o recorde de \u201cconversa de pescador\u201d, que pertencia, at\u00e9 ent\u00e3o, ao Auristelio Ponte. (Publicado em 12\/9\/1961)<\/p>\n","protected":false},"excerpt":{"rendered":"<p>DESDE 1960 aricunha@dabr.com.br com Circe Cunha e MAMFIL Pode n\u00e3o parecer para muitos , mas o processo de erradica\u00e7\u00e3o completa do analfabetismo \u00e9 uma condi\u00e7\u00e3o sine qua non para o desenvolvimento material de um pa\u00eds. Esse fato explica por que n\u00e3o existe, dentro do seleto grupo de pa\u00edses desenvolvidos, na\u00e7\u00e3o alguma que tenha alcan\u00e7ado a prosperidade econ\u00f4mica, pol\u00edtica e social [&hellip;]<\/p>\n","protected":false},"author":34,"featured_media":0,"comment_status":"closed","ping_status":"closed","sticky":false,"template":"","format":"standard","meta":{"footnotes":""},"categories":[23],"tags":[],"class_list":["post-8142","post","type-post","status-publish","format-standard","hentry","category-integra"],"_links":{"self":[{"href":"https:\/\/blogs.correiobraziliense.com.br\/aricunha\/wp-json\/wp\/v2\/posts\/8142","targetHints":{"allow":["GET"]}}],"collection":[{"href":"https:\/\/blogs.correiobraziliense.com.br\/aricunha\/wp-json\/wp\/v2\/posts"}],"about":[{"href":"https:\/\/blogs.correiobraziliense.com.br\/aricunha\/wp-json\/wp\/v2\/types\/post"}],"author":[{"embeddable":true,"href":"https:\/\/blogs.correiobraziliense.com.br\/aricunha\/wp-json\/wp\/v2\/users\/34"}],"replies":[{"embeddable":true,"href":"https:\/\/blogs.correiobraziliense.com.br\/aricunha\/wp-json\/wp\/v2\/comments?post=8142"}],"version-history":[{"count":1,"href":"https:\/\/blogs.correiobraziliense.com.br\/aricunha\/wp-json\/wp\/v2\/posts\/8142\/revisions"}],"predecessor-version":[{"id":8144,"href":"https:\/\/blogs.correiobraziliense.com.br\/aricunha\/wp-json\/wp\/v2\/posts\/8142\/revisions\/8144"}],"wp:attachment":[{"href":"https:\/\/blogs.correiobraziliense.com.br\/aricunha\/wp-json\/wp\/v2\/media?parent=8142"}],"wp:term":[{"taxonomy":"category","embeddable":true,"href":"https:\/\/blogs.correiobraziliense.com.br\/aricunha\/wp-json\/wp\/v2\/categories?post=8142"},{"taxonomy":"post_tag","embeddable":true,"href":"https:\/\/blogs.correiobraziliense.com.br\/aricunha\/wp-json\/wp\/v2\/tags?post=8142"}],"curies":[{"name":"wp","href":"https:\/\/api.w.org\/{rel}","templated":true}]}}