{"id":8137,"date":"2016-09-06T03:52:52","date_gmt":"2016-09-06T06:52:52","guid":{"rendered":"https:\/\/blogs.correiobraziliense.com.br\/aricunha\/?p=8137"},"modified":"2016-09-06T05:59:33","modified_gmt":"2016-09-06T08:59:33","slug":"os-ventos-na-politica-nacional","status":"publish","type":"post","link":"https:\/\/blogs.correiobraziliense.com.br\/aricunha\/os-ventos-na-politica-nacional\/","title":{"rendered":"Os ventos na pol\u00edtica nacional"},"content":{"rendered":"<p> [contact-form][contact-field label=&#8217;Nome&#8217; type=&#8217;name&#8217; required=&#8217;1&#8217;\/][contact-field label=&#8217;Email&#8217; type=&#8217;email&#8217; required=&#8217;1&#8217;\/][contact-field label=&#8217;Site&#8217; type=&#8217;url&#8217;\/][contact-field label=&#8217;Coment\u00e1rio&#8217; type=&#8217;textarea&#8217; required=&#8217;1&#8217;\/][\/contact-form] Desde 1960<\/p>\n<p>aricunha@dabr.com.br<\/p>\n<p>com Circe Cunha e MAMFIL<\/p>\n<p>Do PMDB j\u00e1 foi dito praticamente tudo. Arca de No\u00e9, sem No\u00e9 e sem arca, dizia J\u00e2nio Quadros. Do que j\u00e1 foi falado at\u00e9 hoje, mais da metade \u00e9 francamente desabonador para o maior e mais longevo partido pol\u00edtico nacional. A legenda, durante os 20 anos de chumbo, sob o nome de MDB, era vista como esperan\u00e7a e esteio da democracia. Em seus quadros, militavam a nata do pensamento pol\u00edtico da \u00e9poca, como Ulysses Guimar\u00e3es, Tancredo Neves e outros personagens ilustres. Durante aquele per\u00edodo, com a reforma partid\u00e1ria que reduziu o espectro pol\u00edtico em duas grandes for\u00e7as, coube ao MDB a miss\u00e3o de abrigar, sob o mesmo teto, todas as tend\u00eancias, que, \u00e0 exce\u00e7\u00e3o de uns poucos mais aguerridos, se fazia uma esp\u00e9cie de oposi\u00e7\u00e3o desnutrida ao regime militar.<\/p>\n<p>Aqueles foram os anos dourados da legenda e serviram como aprendizado para o futuro que chegaria ligeiro com a abertura pol\u00edtica e com a campanha das Diretas J\u00e1 . Com a morte de Tancredo e a posse de seu vice, o PMDB, mesmo no poder, caminhou a passos firmes para uma posi\u00e7\u00e3o de centro-direita. Ocupando ou n\u00e3o a Presid\u00eancia da Rep\u00fablica, o fato \u00e9 que o partido nunca mais largou o poder. De oposi\u00e7\u00e3o se transformou no que \u00e9 hoje: um partido permanentemente presente na sustenta\u00e7\u00e3o parlamentar de governos \u2014 qualquer um. Em troca desse apoio, j\u00e1 ocupou praticamente todos os minist\u00e9rios da Esplanada, bem como as diretorias das maiores e mais ricas empresas p\u00fablicas, al\u00e9m da Vice-Presid\u00eancia da Rep\u00fablica.<\/p>\n<p>\u00c9 fato que, pelo arranjo que se tem hoje na estrutura pol\u00edtico-partid\u00e1ria do pa\u00eds, \u00e9 imposs\u00edvel governar sem o apoio dessa legenda. Aqueles que tentaram, como Collor e, mais recentemente, a presidente Dilma, foram simplesmente tirados do poder. Esse nicho apoderado pelo partido resulta na mais extravagante, confort\u00e1vel e rendosa posi\u00e7\u00e3o que uma sigla pode ocupar. Forma a base do governo, quando ele vai bem das pernas. Passa tranquilamente para a oposi\u00e7\u00e3o quando os ventos mudam e apoia as novas for\u00e7as nascentes, t\u00e3o logo essas oportunidades se apresentam. Passou cavalo encilhado na porta, PMDB monta e sai a galope em busca de novos horizontes.<\/p>\n<p>\u00c9 o pragmatismo elevado \u00e0 condi\u00e7\u00e3o do aqui e do agora na quintess\u00eancia do termo. Quando, recentemente, o partido anunciou seu desembarque da base de apoio do governo petista, come\u00e7ou a contagem regressiva para o come\u00e7o do fim de Dilma e sua turminha amadora. Antenado com a mudan\u00e7a dos tempos das vontades, o PMDB retirou a escada sob a primitiva e artificial Dilma Roussef, deixando-a dependurada no ar, segura apenas pelos fios do pincel. A gravidade e o peso excessivo do despreparo da presidente fizeram o resto. O golpe, que uma Dilma defenestrada saiu a bradar pelos quatro ventos, foi dado, isso, sim, por um partido que n\u00e3o tolera na mesa de jogos, amadores de qualquer esp\u00e9cie. O que o PMDB fez com a ex-presidente foi um verdadeiro golpe, mas, de mestre.<\/p>\n<p>A frase que n\u00e3o foi pronunciada<\/p>\n<p>\u201cCristo for vendido por 30 moedas. A UnB por 30 horas.\u201d<\/p>\n<p>Coment\u00e1rios sobre a promessa da nova reitoria da Universidade de Bras\u00edlia em diminuir as horas trabalhadas sem tocar nos sal\u00e1rios<\/p>\n<p>Azarado<\/p>\n<p>Novamente, o ex-senador Eduardo Suplicy tem sua carteira furtada em S\u00e3o Paulo. A primeira vez foi em um show, agora foi na manifesta\u00e7\u00e3o Fora Temer. Ele registrou Boletim de Ocorr\u00eancia.<\/p>\n<p>Opera\u00e7\u00e3o Greenfield<\/p>\n<p>Novamente no centro das aten\u00e7\u00f5es os Fundos de Pens\u00e3o Petros, Previ, Postalis e Funcef. Institui\u00e7\u00f5es que tiveram os princ\u00edpios violados por gest\u00f5es duvidosas para fins il\u00edcitos e fraudulentos. O juiz que est\u00e1 no caso \u00e9 o Dr. Vallisney de Souza Oliveira, da 10.\u00aa Vara Federal em Bras\u00edlia. Em S\u00e3o Paulo at\u00e9 agora foram 17 mandados de condu\u00e7\u00e3o coercitiva e 44 mandados de busca e apreens\u00e3o.<\/p>\n<p>Jogos andando<\/p>\n<p>Uma Comiss\u00e3o Especial da C\u00e2mara dos Deputados aprovou o texto do projeto de lei que libera o jogo no Brasil. Alguns parlamentares asseguram que ainda esse ano o assunto sera levado ao Plen\u00e1rio.<\/p>\n<p>Ressarcimento aos cofres<\/p>\n<p>Popular, Netinho de Paula usou a imagem da televis\u00e3o para se candidatar. Anos depois, o ex-vereador de S\u00e3o Paulo foi condenado por improbidade administrativa. Ele precisa devolver o valor adquirido ilicitamente e ter\u00e1 os direitos pol\u00edticos suspensos por nove anos. Quem decidiu a senten\u00e7a foi a ju\u00edza Carmem Cristina Teijeiro. Se a moda pega aqui em Bras\u00edlia\u2026.<\/p>\n<p>Morango<\/p>\n<p>A cada ano a Festa do Morango em Brazl\u00e2ndia conquista mais admiradores. Bem organizada e recheada de criatividade com pre\u00e7os justos. No pr\u00f3ximo ano, poderia dar destaque aos produtos org\u00e2nicos. Assim com certeza conquistaria todo o pa\u00eds.<\/p>\n<p>Hist\u00f3ria de Bras\u00edlia<\/p>\n<p>A carapu\u00e7a de \u201cdonos dos sindicatos\u201d caiu sobre a dos \u201cdonos\u201d do Sindicato dos Trabalhadores nas Ind\u00fastrias da Constru\u00e7\u00e3o e do Mobili\u00e1rio de Bras\u00edlia. Todos eles, um por um, s\u00e3o meus amigos particulares. No total, entretanto, por divergirem de pensamento me mandaram uma carta atrevida. (Publicado em 14\/9\/1961)<\/p>\n","protected":false},"excerpt":{"rendered":"<p>[contact-form][contact-field label=&#8217;Nome&#8217; type=&#8217;name&#8217; required=&#8217;1&#8217;\/][contact-field label=&#8217;Email&#8217; type=&#8217;email&#8217; required=&#8217;1&#8217;\/][contact-field label=&#8217;Site&#8217; type=&#8217;url&#8217;\/][contact-field label=&#8217;Coment\u00e1rio&#8217; type=&#8217;textarea&#8217; required=&#8217;1&#8217;\/][\/contact-form] Desde 1960 aricunha@dabr.com.br com Circe Cunha e MAMFIL Do PMDB j\u00e1 foi dito praticamente tudo. Arca de No\u00e9, sem No\u00e9 e sem arca, dizia J\u00e2nio Quadros. Do que j\u00e1 foi falado at\u00e9 hoje, mais da metade \u00e9 francamente desabonador para o maior e mais longevo partido pol\u00edtico nacional. [&hellip;]<\/p>\n","protected":false},"author":34,"featured_media":0,"comment_status":"open","ping_status":"open","sticky":false,"template":"","format":"standard","meta":{"footnotes":""},"categories":[23],"tags":[25],"class_list":["post-8137","post","type-post","status-publish","format-standard","hentry","category-integra","tag-historia-de-brasilia-politica-ari-cunha"],"_links":{"self":[{"href":"https:\/\/blogs.correiobraziliense.com.br\/aricunha\/wp-json\/wp\/v2\/posts\/8137","targetHints":{"allow":["GET"]}}],"collection":[{"href":"https:\/\/blogs.correiobraziliense.com.br\/aricunha\/wp-json\/wp\/v2\/posts"}],"about":[{"href":"https:\/\/blogs.correiobraziliense.com.br\/aricunha\/wp-json\/wp\/v2\/types\/post"}],"author":[{"embeddable":true,"href":"https:\/\/blogs.correiobraziliense.com.br\/aricunha\/wp-json\/wp\/v2\/users\/34"}],"replies":[{"embeddable":true,"href":"https:\/\/blogs.correiobraziliense.com.br\/aricunha\/wp-json\/wp\/v2\/comments?post=8137"}],"version-history":[{"count":3,"href":"https:\/\/blogs.correiobraziliense.com.br\/aricunha\/wp-json\/wp\/v2\/posts\/8137\/revisions"}],"predecessor-version":[{"id":8140,"href":"https:\/\/blogs.correiobraziliense.com.br\/aricunha\/wp-json\/wp\/v2\/posts\/8137\/revisions\/8140"}],"wp:attachment":[{"href":"https:\/\/blogs.correiobraziliense.com.br\/aricunha\/wp-json\/wp\/v2\/media?parent=8137"}],"wp:term":[{"taxonomy":"category","embeddable":true,"href":"https:\/\/blogs.correiobraziliense.com.br\/aricunha\/wp-json\/wp\/v2\/categories?post=8137"},{"taxonomy":"post_tag","embeddable":true,"href":"https:\/\/blogs.correiobraziliense.com.br\/aricunha\/wp-json\/wp\/v2\/tags?post=8137"}],"curies":[{"name":"wp","href":"https:\/\/api.w.org\/{rel}","templated":true}]}}