{"id":8134,"date":"2016-09-04T05:51:32","date_gmt":"2016-09-04T08:51:32","guid":{"rendered":"https:\/\/blogs.correiobraziliense.com.br\/aricunha\/?p=8134"},"modified":"2016-09-06T05:52:41","modified_gmt":"2016-09-06T08:52:41","slug":"representacao-politica-no-df-e-caso-de-policia","status":"publish","type":"post","link":"https:\/\/blogs.correiobraziliense.com.br\/aricunha\/representacao-politica-no-df-e-caso-de-policia\/","title":{"rendered":"Representa\u00e7\u00e3o pol\u00edtica no DF \u00e9 caso de pol\u00edcia"},"content":{"rendered":"<p>Desde 1960<\/p>\n<p>aricunha@dabr.com.br<\/p>\n<p>com Circe Cunha e MAMFIL<\/p>\n<p>\u201cToda a na\u00e7\u00e3o tem o governo que merece\u201d, a frase, dita pelo fil\u00f3sofo franc\u00eas De Maistre, traz, simultaneamente, uma verdade e uma fal\u00e1cia de iguais teor e efeito. A declara\u00e7\u00e3o foi feita durante os epis\u00f3dios da Revolu\u00e7\u00e3o Francesa no s\u00e9culo 18, e repetida ainda hoje mundo afora, inclusive no Brasil. Ningu\u00e9m contesta o fato de que os pol\u00edticos eleitos para representar a popula\u00e7\u00e3o s\u00e3o escolhidos, em suma, porque se identificam e se parecem com quem os indicou.<\/p>\n<p>A possibilidade de algu\u00e9m votar num candidato totalmente diferente daquilo que \u00e9 e acredita \u00e9 quase remota. Escolhemos nossos representantes com base no que somos e no que queremos para o pa\u00eds. Nossos candidatos s\u00e3o, portanto, esculpidos \u00e0 nossa imagem e semelhan\u00e7a. Nesse sentido, explicar a exist\u00eancia de tantos pol\u00edticos com t\u00e3o baixa qualidade moral para o exerc\u00edcio da representa\u00e7\u00e3o popular significa apontar o dedo acusat\u00f3rio tamb\u00e9m para a baixa qualidade dos eleitores.<\/p>\n<p>Na verdade, a frase de De Maistre ficaria mais atualizada se fosse reescrita desta maneira: \u201cTodo eleitor tem o candidato que merece\u201d. No caso de Bras\u00edlia, submetida \u00e0 imposi\u00e7\u00e3o e ao arranjo artificial de ter representantes eleitos para os poderes Legislativo e Executivo, local e nacional, igualou a capital \u00e0s demais unidades da Federa\u00e7\u00e3o em todos os quesitos, inclusive, quanto \u00e0 baixa qualidade de pol\u00edticos eleitos.<\/p>\n<p>Com um modelo desses, confeccionado sob medida para eleger os maiores aldrab\u00f5es da redondeza, n\u00e3o surpreende o fato de a pol\u00edcia, volta e meia, aparecer no encal\u00e7o dos espertalh\u00f5es, munida de mandado de busca e apreens\u00e3o, prendendo e levando para depor autoridades que, por sua signific\u00e2ncia, deveriam ser exemplos de retid\u00e3o.<\/p>\n<p>J\u00e1 foi dito aqui que, no plano nacional, n\u00e3o foi a direita que enxotou o governo petista do Planalto, foi a a\u00e7\u00e3o da pol\u00edcia, a mando do Minist\u00e9rio P\u00fablico, que fez a casa cair. O resto veio abaixo por in\u00e9rcia pr\u00f3pria. Tamb\u00e9m em Bras\u00edlia, que copiou o triste modelo, mais uma vez a pol\u00edcia armada de autoriza\u00e7\u00e3o judicial cercou a C\u00e2mara Legislativa e, agora, o Pal\u00e1cio do Buriti, em busca de mais provas para dar continuidade \u00e0 Opera\u00e7\u00e3o Dr\u00e1con. O objetivo \u00e9 investigar a origem do dinheiro que o PM aposentado Jo\u00e3o Dias jogou sobre o ent\u00e3o deputado Paulo Tadeu, hoje conselheiro no TCDF. Em ambos os casos, fica patente, mais uma vez, que a representa\u00e7\u00e3o pol\u00edtica no Distrito Federal \u00e9 caso de pol\u00edcia. Com a palavra, os eleitores respons\u00e1veis pelas indica\u00e7\u00f5es desastrosas.<\/p>\n<p>A frase que n\u00e3o foi pronunciada<\/p>\n<p>\u201cA minha consci\u00eancia tem mais peso pra mim do que a opini\u00e3o do mundo inteiro.\u201d<\/p>\n<p>Marco T\u00falio C\u00edcero<\/p>\n<p>Do leitor<\/p>\n<p>Em audi\u00eancia p\u00fablica no Senado, uma funcion\u00e1ria do Itamaraty rasgou o verbo sobre o ass\u00e9dio moral e sexual que acontece em nossos consulados mundo afora. Agora chega uma den\u00fancia sobre a embaixatriz Tereza Carvalho, em Ancara, Turquia. Embaixatriz e n\u00e3o embaixadora, diga-se de passagem. A den\u00fancia \u00e9 sobre o suposto desrespeito e a arrog\u00e2ncia com que trata os diplomatas e outros funcion\u00e1rios do local. Soube-se que ela e o marido ser\u00e3o transferidos para Moscou. O corpo diplom\u00e1tico de l\u00e1 est\u00e1 apavorado. Problema para a equipe do ministro Jos\u00e9 Serra.<\/p>\n<p>Flores<\/p>\n<p>\u00c2ngela Amin est\u00e1 fazendo uma campanha intensa em Santa Catarina. O santinho \u00e9 um pacotinho de sementes de girassol conclamando a popula\u00e7\u00e3o a florir Florian\u00f3polis. A estrategista do marketing \u00e9 aqui de Bras\u00edlia. Outro material de divulga\u00e7\u00e3o \u00e9 o l\u00e1pis semente. Quando chega ao fim, basta plantar a ponta que traz sementes.<\/p>\n<p>Vergonha<\/p>\n<p>Direito administrativo e direito constitucional s\u00e3o as duas gelatinas da Justi\u00e7a. Sem forma definida, adaptam-se ao gosto do fregu\u00eas.  Em mat\u00e9ria de puni\u00e7\u00e3o, nem se fala. Basta escolher a forma e as gelatinas se adaptam.<\/p>\n<p>Deu na net<\/p>\n<p>Dor de cabe\u00e7a para o governador Rodrigo Rollemberg. Jefferson Rodrigues Filho, suposto estelionat\u00e1rio, tentou vender informa\u00e7\u00f5es pessoais do governador \u00e0 deputada Celina Le\u00e3o.<\/p>\n<p>Hist\u00f3ria de Bras\u00edlia<\/p>\n<p>S\u00e3o 5 bilh\u00f5es de cruzeiros, j\u00e1 vencidos, que a Novacap ter\u00e1 que pagar. \u00c9 o resultado da pol\u00edtica do sr. J\u00e2nio Quadros, que autorizava, e o ministro Clemente Mariani n\u00e3o pagava. (Publicado em 13\/9\/1961)<\/p>\n","protected":false},"excerpt":{"rendered":"<p>Desde 1960 aricunha@dabr.com.br com Circe Cunha e MAMFIL \u201cToda a na\u00e7\u00e3o tem o governo que merece\u201d, a frase, dita pelo fil\u00f3sofo franc\u00eas De Maistre, traz, simultaneamente, uma verdade e uma fal\u00e1cia de iguais teor e efeito. A declara\u00e7\u00e3o foi feita durante os epis\u00f3dios da Revolu\u00e7\u00e3o Francesa no s\u00e9culo 18, e repetida ainda hoje mundo afora, inclusive no Brasil. Ningu\u00e9m contesta [&hellip;]<\/p>\n","protected":false},"author":34,"featured_media":0,"comment_status":"closed","ping_status":"closed","sticky":false,"template":"","format":"standard","meta":{"footnotes":""},"categories":[23],"tags":[],"class_list":["post-8134","post","type-post","status-publish","format-standard","hentry","category-integra"],"_links":{"self":[{"href":"https:\/\/blogs.correiobraziliense.com.br\/aricunha\/wp-json\/wp\/v2\/posts\/8134","targetHints":{"allow":["GET"]}}],"collection":[{"href":"https:\/\/blogs.correiobraziliense.com.br\/aricunha\/wp-json\/wp\/v2\/posts"}],"about":[{"href":"https:\/\/blogs.correiobraziliense.com.br\/aricunha\/wp-json\/wp\/v2\/types\/post"}],"author":[{"embeddable":true,"href":"https:\/\/blogs.correiobraziliense.com.br\/aricunha\/wp-json\/wp\/v2\/users\/34"}],"replies":[{"embeddable":true,"href":"https:\/\/blogs.correiobraziliense.com.br\/aricunha\/wp-json\/wp\/v2\/comments?post=8134"}],"version-history":[{"count":1,"href":"https:\/\/blogs.correiobraziliense.com.br\/aricunha\/wp-json\/wp\/v2\/posts\/8134\/revisions"}],"predecessor-version":[{"id":8135,"href":"https:\/\/blogs.correiobraziliense.com.br\/aricunha\/wp-json\/wp\/v2\/posts\/8134\/revisions\/8135"}],"wp:attachment":[{"href":"https:\/\/blogs.correiobraziliense.com.br\/aricunha\/wp-json\/wp\/v2\/media?parent=8134"}],"wp:term":[{"taxonomy":"category","embeddable":true,"href":"https:\/\/blogs.correiobraziliense.com.br\/aricunha\/wp-json\/wp\/v2\/categories?post=8134"},{"taxonomy":"post_tag","embeddable":true,"href":"https:\/\/blogs.correiobraziliense.com.br\/aricunha\/wp-json\/wp\/v2\/tags?post=8134"}],"curies":[{"name":"wp","href":"https:\/\/api.w.org\/{rel}","templated":true}]}}