{"id":8125,"date":"2016-09-02T00:50:21","date_gmt":"2016-09-02T03:50:21","guid":{"rendered":"https:\/\/blogs.correiobraziliense.com.br\/aricunha\/?p=8125"},"modified":"2016-09-06T05:45:12","modified_gmt":"2016-09-06T08:45:12","slug":"bonomia-enganosa","status":"publish","type":"post","link":"https:\/\/blogs.correiobraziliense.com.br\/aricunha\/bonomia-enganosa\/","title":{"rendered":"Bonomia enganosa"},"content":{"rendered":"<p>DESDE 1960<\/p>\n<p>aricunha@dabr.com.br com Circe Cunha e MAMFIL<\/p>\n<p>Passados exatos oitenta anos da publica\u00e7\u00e3o da obra Ra\u00edzes do Brasil, do historiador e cr\u00edtico liter\u00e1rio, S\u00e9rgio Buarque de Holanda, a atualidade certeira da obra, em seu enfoque sobre os percal\u00e7os de nossa forma\u00e7\u00e3o psicossocial, emerge com um frescor das coisas novas a cada grande crise que vamos experimentando no infind\u00e1vel processo de nossa forma\u00e7\u00e3o como na\u00e7\u00e3o.<br \/>\nAs mesmas caracter\u00edsticas peculiares e ruinosas que identificou em nossa forma\u00e7\u00e3o hist\u00f3rica e que iria permear todas as rela\u00e7\u00f5es sociais desde a Col\u00f4nia at\u00e9 a Rep\u00fablica, caso fosse vivo, reconheceria de imediato n\u00e3o s\u00f3 nas estruturas atuais do PT, mas em todos as dezenas de partidos que hoje lotam o parlamento. Em pleno s\u00e9culo XXI ainda persistem as rela\u00e7\u00f5es do tipo familiar em toda a estrutura pol\u00edtica, inclusive nas pr\u00f3prias legendas partid\u00e1rias onde \u00e9 comum observar nos chamados n\u00facleos duros, a presen\u00e7a de pessoas aglutinadas muito mais por afinidades pessoais do que por interesses e atributos puramente pragm\u00e1ticos. <\/p>\n<p>H\u00e1 inclusive casos concretos de parlamentares eleitos que possuem como suplentes de seus mandatos pessoas da pr\u00f3pria fam\u00edlia. O \u201chomem cordial\u201d, apontado pelo historiador, como aquele indiv\u00edduo que tem dificuldades em separar o p\u00fablico do privado e que povoa a m\u00e1quina do estado e as legendas com gente, cujo atributo maior \u00e9 pertencer ao seu c\u00edrculo \u00edntimo, ainda \u00e9 fato corrente. <\/p>\n<p>As dinastias se sucedem no poder. Na pol\u00edtica, nomes e sobrenomes s\u00e3o passaportes mais eficazes do que curr\u00edculos acad\u00eamicos. O caso mais emblem\u00e1tico est\u00e1 justamente no Partido dos Trabalhadores, onde a figura do ex-presidente Lula \u00e9 reverenciada como a grande patriarca da legenda. Como um dos primeiros pensadores a aderir ao Partido dos Trabalhadores, ainda em sua fase embrion\u00e1ria, por sua conhecida independ\u00eancia intelectual, dificilmente S\u00e9rgio Buarque de Holanda iria aceitar os desvios de rumo que esta legenda tomou, t\u00e3o logo chegou ao poder. <\/p>\n<p>A dureza da pedra , dizem, \u00e9 tamb\u00e9m sua maior fragilidade. Basta cair para se espatifar em peda\u00e7os. As suspeitas que recaem sobre o chef\u00e3o petista sobre a propriedade ou n\u00e3o de um triplex e um s\u00edtio no interior paulista, assim como as rela\u00e7\u00f5es suspeitas com ricos empreiteiros decorrem desta confus\u00e3o e dubiedade herdada de nossa forma\u00e7\u00e3o.<\/p>\n<p> O afastamento, previsto constitucionalmente, de Dilma, foi encarado e mesmo estimulado pelas lideran\u00e7as deste partido, como uma ofensa pessoal contra um membro da fam\u00edlia e n\u00e3o como decorrente de aspectos racionais oriundos de sua total inoper\u00e2ncia e acentuada soberba.<\/p>\n<p> Sintom\u00e1tico \u00e9 observar que durante todo este espet\u00e1culo final que marcou o processo de impeachment, em nenhum momento os interesses soberanos da Na\u00e7\u00e3o foram mencionados como priorit\u00e1rios, ficando esta quest\u00e3o relegada a um segundo plano. Pobre Rep\u00fablica.<\/p>\n<p>A frase que foi pronunciada:<\/p>\n<p>\u201cAgora s\u00e3o dois n\u00fameros para denotar sorte. 13 para quem \u00e9 petista e 31 para quem n\u00e3o \u00e9 petista.\u201d<br \/>\nErnesto Goes, o  observador<\/p>\n<p>Muito simples<br \/>\nRegra n\u00famero um para os pol\u00edticos. Havendo chantagem partida de parlamentares, empreiteiros, doleiros,  o caminho \u00e9 a den\u00fancia. Quem deu a receita foi o senador Ivo Cassol que estranhou o discurso de dona Dilma Rousseff quando disse que vinha sofrendo achaques do deputado Eduardo Cunha.<\/p>\n<p>Pr\u00f3ximos cap\u00edtulos<br \/>\nDona Dilma Rousseff entra para concorrer pelo voto popular com Paulo Paim e Ana Am\u00e9lia para ocupar uma cadeira no Senado Federal. Tudo poder\u00e1 mudar se conseguir se candidatar por S\u00e3o Paulo. A\u00ed concorreria com Marta Suplicy. Bem mais interessante.<\/p>\n<p>M\u00e3os \u00e0 obra<br \/>\nL\u00edder do governo no Congresso, a senadora Rose de Freitas defende o avan\u00e7o da economia do pa\u00eds com uma oposi\u00e7\u00e3o respons\u00e1vel, e n\u00e3o ferrenha. Ajustes econ\u00f4micos e despertar a confian\u00e7a dos investimentos s\u00e3o os passos a seguir.<\/p>\n<p>Dica<br \/>\nLeil\u00e3o do Sesi Senai neste s\u00e1bado. Visite a p\u00e1gina informativo.parquedosleiloes.com.br<\/p>\n<p>Ideias<br \/>\nUm minuto de v\u00eddeo, valendo at\u00e9 feito em celular. Assunto: Mulher e a supera\u00e7\u00e3o da viol\u00eancia. A Comiss\u00e3o de Combate \u00e0 Viol\u00eancia Contra a Mulher no Congresso Nacional lan\u00e7a o concurso de v\u00eddeo. O pr\u00eamio ser\u00e1 ter as imagens divulgadas pela TV Senado e TV C\u00e2mara. As inscri\u00e7\u00f5es j\u00e1 est\u00e3o abertas e v\u00e3o at\u00e9 o dia 22 de outubro. Mais informa\u00e7\u00f5es na C\u00e2mara ou no Senado.<\/p>\n","protected":false},"excerpt":{"rendered":"<p>DESDE 1960 aricunha@dabr.com.br com Circe Cunha e MAMFIL Passados exatos oitenta anos da publica\u00e7\u00e3o da obra Ra\u00edzes do Brasil, do historiador e cr\u00edtico liter\u00e1rio, S\u00e9rgio Buarque de Holanda, a atualidade certeira da obra, em seu enfoque sobre os percal\u00e7os de nossa forma\u00e7\u00e3o psicossocial, emerge com um frescor das coisas novas a cada grande crise que vamos experimentando no infind\u00e1vel processo [&hellip;]<\/p>\n","protected":false},"author":34,"featured_media":0,"comment_status":"closed","ping_status":"closed","sticky":false,"template":"","format":"standard","meta":{"footnotes":""},"categories":[23],"tags":[],"class_list":["post-8125","post","type-post","status-publish","format-standard","hentry","category-integra"],"_links":{"self":[{"href":"https:\/\/blogs.correiobraziliense.com.br\/aricunha\/wp-json\/wp\/v2\/posts\/8125","targetHints":{"allow":["GET"]}}],"collection":[{"href":"https:\/\/blogs.correiobraziliense.com.br\/aricunha\/wp-json\/wp\/v2\/posts"}],"about":[{"href":"https:\/\/blogs.correiobraziliense.com.br\/aricunha\/wp-json\/wp\/v2\/types\/post"}],"author":[{"embeddable":true,"href":"https:\/\/blogs.correiobraziliense.com.br\/aricunha\/wp-json\/wp\/v2\/users\/34"}],"replies":[{"embeddable":true,"href":"https:\/\/blogs.correiobraziliense.com.br\/aricunha\/wp-json\/wp\/v2\/comments?post=8125"}],"version-history":[{"count":2,"href":"https:\/\/blogs.correiobraziliense.com.br\/aricunha\/wp-json\/wp\/v2\/posts\/8125\/revisions"}],"predecessor-version":[{"id":8129,"href":"https:\/\/blogs.correiobraziliense.com.br\/aricunha\/wp-json\/wp\/v2\/posts\/8125\/revisions\/8129"}],"wp:attachment":[{"href":"https:\/\/blogs.correiobraziliense.com.br\/aricunha\/wp-json\/wp\/v2\/media?parent=8125"}],"wp:term":[{"taxonomy":"category","embeddable":true,"href":"https:\/\/blogs.correiobraziliense.com.br\/aricunha\/wp-json\/wp\/v2\/categories?post=8125"},{"taxonomy":"post_tag","embeddable":true,"href":"https:\/\/blogs.correiobraziliense.com.br\/aricunha\/wp-json\/wp\/v2\/tags?post=8125"}],"curies":[{"name":"wp","href":"https:\/\/api.w.org\/{rel}","templated":true}]}}