{"id":8104,"date":"2016-08-25T04:36:20","date_gmt":"2016-08-25T07:36:20","guid":{"rendered":"https:\/\/blogs.correiobraziliense.com.br\/aricunha\/?p=8104"},"modified":"2016-08-25T05:37:22","modified_gmt":"2016-08-25T08:37:22","slug":"voce-paga-e-eles-se-divertem","status":"publish","type":"post","link":"https:\/\/blogs.correiobraziliense.com.br\/aricunha\/voce-paga-e-eles-se-divertem\/","title":{"rendered":"Voc\u00ea paga e eles se divertem!"},"content":{"rendered":"<p>DESDE 1960<\/p>\n<p>aricunha@dabr.com.br<\/p>\n<p> Circe Cunha com MAMFIL<\/p>\n<p>Ou a popula\u00e7\u00e3o de Bras\u00edlia se une para promover uma reforma verdadeira e profunda no funcionamento da C\u00e2mara Legislativa e em todo o quadro pol\u00edtico-eleitoral da capital, ou continuar\u00e1 a assistir, de camarote, \u00e0 sucess\u00e3o cont\u00ednua de esc\u00e2ndalos de corrup\u00e7\u00e3o, com s\u00e9rios preju\u00edzos n\u00e3o s\u00f3 para a cidade como um todo, mas tamb\u00e9m para cada um dos moradores, principalmente para os pagadores de impostos que s\u00e3o obrigados para bancar essa farra sem fim.<\/p>\n<p>Fosse feita uma pesquisa de opini\u00e3o p\u00fablica com os brasilienses mais esclarecidos e que se interessam pela vida da cidade, possivelmente essa C\u00e2mara Legislativa seria banida para sempre do horizonte candango \u2014 o que essa coluna sempre defendeu. O afastamento in\u00e9dito de toda a c\u00fapula do Legislativo local joga os brasilienses de volta aos lastim\u00e1veis epis\u00f3dios deflagrados com a Opera\u00e7\u00e3o Caixa de Pandora de 2009, em que o ent\u00e3o governador, Jos\u00e9 Roberto Arruda, foi parar atr\u00e1s das grades.<\/p>\n<p>Temos, assim, por nossa falta de comprometimento, tr\u00eas recordes nacionais vergonhosos:  o primeiro senador cassado, o primeiro governador preso e a primeira Mesa Diretora de um Legislativo afastada por decis\u00e3o da Justi\u00e7a. Tudo isso num curto espa\u00e7o de tempo. Vigil\u00e2ncia eterna \u00e9 o pre\u00e7o que o eleitorado da capital tem que pagar para desfrutar dos benef\u00edcios da democracia. A hist\u00f3ria da implanta\u00e7\u00e3o de uma c\u00e2mara de representantes e de elei\u00e7\u00f5es gerais em plena capital federal mostra o poder de press\u00e3o dos lobbies sobre a feitura das leis, inclusive at\u00e9 sobre a Constitui\u00e7\u00e3o.<\/p>\n<p>Contrariando pareceres de doutos juristas, a emancipa\u00e7\u00e3o pol\u00edtica da capital foi feita para atender nichos espec\u00edficos de pessoas que anteviram nesse processo chances de ganhos econ\u00f4micos extraordin\u00e1rios. Por diversas vezes, neste mesmo espa\u00e7o, a popula\u00e7\u00e3o foi alertada para os riscos de se repetirem na capital os mesmos v\u00edcios pol\u00edticos encontrados em outras partes do Brasil. O que os brasilienses come\u00e7am a perceber agora \u00e9 que o div\u00f3rcio entre a classe pol\u00edtica e a popula\u00e7\u00e3o \u00e9 um fen\u00f4meno nacional, e Bras\u00edlia n\u00e3o foge \u00e0 regra.<\/p>\n<p>N\u00e3o cabe ao jornalismo fazer as vezes de juiz, condenando ou absolvendo quem quer que seja. Mas estamos cientes de que cabe \u00fanica e exclusivamente ao povo decidir sobre o que quer que o presente fa\u00e7a pelo futuro e  que modelo de democracia deseja para si e para os seus. Pelo que se tem visto at\u00e9 aqui, a sabedoria popular ainda n\u00e3o encontrou solu\u00e7\u00e3o para o impasse flagrante.<\/p>\n<p>Como \u00e9 poss\u00edvel que representantes eleitos pela sociedade continuem a trabalhar contra essa mesma sociedade, contrariando seus anseios, escarnecendo n\u00e3o s\u00f3 da Justi\u00e7a, mas dos pr\u00f3prios eleitores? Quo usque tandem abutere, Camara patientia nostra?<\/p>\n<p>A frase que n\u00e3o foi pronunciada<\/p>\n<p>\u201cEu estou cheio de ver morcego pousando de seguran\u00e7a de banco de sangue!\u201d<\/p>\n<p>Certo eleitor candango<\/p>\n<p>S\u00e3o Paulo<\/p>\n<p>Magnus \u00e9 o nome do cachorro que surpreendeu a crian\u00e7ada da AACD. Cientificamente provada, a presen\u00e7a do c\u00e3o traz alegria suficiente para anestesiar a dor da hospitaliza\u00e7\u00e3o. Felipe Consentini \u00e9 o veterin\u00e1rio de Magnus. A docilidade e a sociabilidade do animal foram fundamentais na sele\u00e7\u00e3o.<\/p>\n<p>Esclarecimento<\/p>\n<p>Sobre a elei\u00e7\u00e3o da UnB, a professora dra. M\u00e1rcia Abrah\u00e3o esclarece \u00e0 coluna que a candidatura ao lado do professor Enrique Huelva \u00e9 exclusivamente acad\u00eamica, \u201cexpressa em nosso programa e em nossas exitosas carreiras, que o convido a conhecer. Como gestores de uma das principais universidades do pa\u00eds, caso sejamos eleitos para dirigir a UnB pelos pr\u00f3ximos 4 anos, n\u00e3o vamos nos omitir em contribuir com quest\u00f5es importantes para a academia e para o pa\u00eds\u201d.<\/p>\n<p>Li\u00e7\u00e3o de vida<\/p>\n<p>Corre pela internet bela imagem com o seguinte dizer: Saem os campe\u00f5es das Olimp\u00edadas, entram os her\u00f3is das Paralimp\u00edadas. Na SporTV, vale acompanhar a s\u00e9rie Eu me movo, um document\u00e1rio que come\u00e7a \u00e0s 18h30 sobre a trajet\u00f3ria de vida e a rotina de treinamento de 10 atletas paral\u00edmpicos, reconhecidos internacionalmente. Ver\u00f4nica Hip\u00f3lito, Dirceu Pinto, Fernando Fernandes e tantos outros.<\/p>\n<p>Entrada franca<\/p>\n<p>Por falar em c\u00e3es, no Minas Hall, de amanh\u00e3 at\u00e9 domingo, acontecer\u00e1 o Dog Weekend. Trata-se de uma superfeira com todas as novidades do setor de produtos e servi\u00e7os para c\u00e3es, exposi\u00e7\u00e3o de ra\u00e7as e habilidades.<\/p>\n<p>Preserva\u00e7\u00e3o<\/p>\n<p>Bate forte o cora\u00e7\u00e3o ao ver caminh\u00f5es cercando a mina d\u2019agua, onde ser\u00e1 ampliado o acesso norte, entre a Ponte do Bragueto e a L4. Se for preservada, poderia ter uma placa com o nome do ministro Armando Leite Rollemberg.<\/p>\n<p>Hist\u00f3ria de Bras\u00edlia<\/p>\n<p>Toda aus\u00eancia \u00e9 atrevida. Foi s\u00f3 o sr. J\u00e2nio Quadros sair do governo, e o Supremo julgou logo o mandado de seguran\u00e7a fazendo voltar as corridas de cavalo nos dias de trabalho normal. (Publicado em 13\/9\/1961)<\/p>\n","protected":false},"excerpt":{"rendered":"<p>DESDE 1960 aricunha@dabr.com.br Circe Cunha com MAMFIL Ou a popula\u00e7\u00e3o de Bras\u00edlia se une para promover uma reforma verdadeira e profunda no funcionamento da C\u00e2mara Legislativa e em todo o quadro pol\u00edtico-eleitoral da capital, ou continuar\u00e1 a assistir, de camarote, \u00e0 sucess\u00e3o cont\u00ednua de esc\u00e2ndalos de corrup\u00e7\u00e3o, com s\u00e9rios preju\u00edzos n\u00e3o s\u00f3 para a cidade como um todo, mas tamb\u00e9m [&hellip;]<\/p>\n","protected":false},"author":34,"featured_media":0,"comment_status":"closed","ping_status":"closed","sticky":false,"template":"","format":"standard","meta":{"footnotes":""},"categories":[23],"tags":[],"class_list":["post-8104","post","type-post","status-publish","format-standard","hentry","category-integra"],"_links":{"self":[{"href":"https:\/\/blogs.correiobraziliense.com.br\/aricunha\/wp-json\/wp\/v2\/posts\/8104","targetHints":{"allow":["GET"]}}],"collection":[{"href":"https:\/\/blogs.correiobraziliense.com.br\/aricunha\/wp-json\/wp\/v2\/posts"}],"about":[{"href":"https:\/\/blogs.correiobraziliense.com.br\/aricunha\/wp-json\/wp\/v2\/types\/post"}],"author":[{"embeddable":true,"href":"https:\/\/blogs.correiobraziliense.com.br\/aricunha\/wp-json\/wp\/v2\/users\/34"}],"replies":[{"embeddable":true,"href":"https:\/\/blogs.correiobraziliense.com.br\/aricunha\/wp-json\/wp\/v2\/comments?post=8104"}],"version-history":[{"count":2,"href":"https:\/\/blogs.correiobraziliense.com.br\/aricunha\/wp-json\/wp\/v2\/posts\/8104\/revisions"}],"predecessor-version":[{"id":8106,"href":"https:\/\/blogs.correiobraziliense.com.br\/aricunha\/wp-json\/wp\/v2\/posts\/8104\/revisions\/8106"}],"wp:attachment":[{"href":"https:\/\/blogs.correiobraziliense.com.br\/aricunha\/wp-json\/wp\/v2\/media?parent=8104"}],"wp:term":[{"taxonomy":"category","embeddable":true,"href":"https:\/\/blogs.correiobraziliense.com.br\/aricunha\/wp-json\/wp\/v2\/categories?post=8104"},{"taxonomy":"post_tag","embeddable":true,"href":"https:\/\/blogs.correiobraziliense.com.br\/aricunha\/wp-json\/wp\/v2\/tags?post=8104"}],"curies":[{"name":"wp","href":"https:\/\/api.w.org\/{rel}","templated":true}]}}