{"id":8098,"date":"2016-08-23T02:40:55","date_gmt":"2016-08-23T05:40:55","guid":{"rendered":"https:\/\/blogs.correiobraziliense.com.br\/aricunha\/?p=8098"},"modified":"2016-08-24T08:41:31","modified_gmt":"2016-08-24T11:41:31","slug":"fim-do-cerrado-rios-milho-soja-e-feijao-por-areia","status":"publish","type":"post","link":"https:\/\/blogs.correiobraziliense.com.br\/aricunha\/fim-do-cerrado-rios-milho-soja-e-feijao-por-areia\/","title":{"rendered":"Fim do cerrado. Rios, milho, soja e feij\u00e3o por areia"},"content":{"rendered":"<p>DESDE 1960<\/p>\n<p>aricunha@dabr.com.br<\/p>\n<p>com Circe Cunha \/\/ circecunha.df@dabr.com.br<\/p>\n<p>Fim do cerrado. Rios, milho, soja e feij\u00e3o por areia<\/p>\n<p>Com a transfer\u00eancia da capital para o interior do Brasil, a Regi\u00e3o Centro-Oeste, secularmente esquecida, passou a experimentar um protagonismo at\u00e9 ent\u00e3o inusitado. A proximidade com Bras\u00edlia favoreceu e estimulou o desenvolvimento da regi\u00e3o. Novas rodovias foram abertas, estradas de ferro foram inauguradas, f\u00e1bricas instalaram-se no interior. Com o desenvolvimento gerado pelas novas condi\u00e7\u00f5es geopol\u00edticas do pa\u00eds, veio o progresso e, atr\u00e1s dele,  tamb\u00e9m  o avan\u00e7o inevit\u00e1vel da poeira.<\/p>\n<p>Ao pretender se transformar no celeiro do Brasil e do mundo, o Centro-Oeste em pouco tempo mudou. O cerrado, anteriormente abundante em toda regi\u00e3o, foi sendo substitu\u00eddo pela agricultura semeada em grandes latif\u00fandios mecanizados. Com o advento das esp\u00e9cies transg\u00eanicas, as monoculturas do milho e da soja foram expandidas at\u00e9 os limites das cidades. As novas e extensas culturas tomaram conta da vegeta\u00e7\u00e3o nativa do cerrado, posta abaixo indiscriminadamente, mesmo \u00e0s margens dos rios.<\/p>\n<p>O cerrado \u00e9 um bioma que ocupa um quarto do territ\u00f3rio brasileiro. Embora n\u00e3o possua rios caudalosos, \u00e9 nessa regi\u00e3o que est\u00e3o concentradas as nascentes de oito das  maiores bacias hidrogr\u00e1ficas do Brasil. No cerrado, est\u00e3o os principais aqu\u00edferos do pa\u00eds: Bambu\u00ed, Urucuia e Uarani. Bi\u00f3logos e outros pesquisadores s\u00e3o un\u00e2nimes em reconhecer que a retirada da vegeta\u00e7\u00e3o  natural aliada a um desmatamento criminoso e sem precedentes, est\u00e3o comprometendo irremediavelmente a manuten\u00e7\u00e3o dos n\u00edveis de \u00e1gua de grande parte do pa\u00eds.<\/p>\n<p>Se a preserva\u00e7\u00e3o da natureza \u00e9 dif\u00edcil e custosa, al\u00e9m de enfrentar o poderoso lobby dos grandes produtores, imaginem como ser\u00e1, ent\u00e3o, para todos, um processo de desertifica\u00e7\u00e3o perene de grande parte do Brasil. Em algumas regi\u00f5es, j\u00e1 \u00e9 poss\u00edvel verificar o desaparecimento de v\u00e1rias nascentes. Sem d\u00favidas, os preju\u00edzos advindos de uma atividade e de um manejo da terra sem as cautelas necess\u00e1rias ser\u00e3o infinitamente maiores do que os ganhos que uma minoria de latifundi\u00e1rios ter\u00e3o a curto prazo.<\/p>\n<p>Os alertas sobre a import\u00e2ncia de preservar a vegeta\u00e7\u00e3o nativa do cerrado v\u00eam ocorrendo h\u00e1 algum tempo sem a merecida aten\u00e7\u00e3o por parte das autoridades. Segundo alguns cientistas, o processo  \u00e9 irrevers\u00edvel. Para as gera\u00e7\u00f5es futuras, se nada for feito, os rios, o milho, a soja e o feij\u00e3o ser\u00e3o caso encerrado.<\/p>\n<p>A frase que foi pronunciada<\/p>\n<p>\u201cA beleza \u00e9 uma carta de recomenda\u00e7\u00e3o a curto prazo.\u201d<\/p>\n<p>Ninon de Lenclos, fil\u00f3sofa e cortes\u00e3 francesa e considerada s\u00edmbolo da for\u00e7a e da independ\u00eancia feminina.<\/p>\n<p>Itinerante<\/p>\n<p>Ativo em Bras\u00edlia na solu\u00e7\u00e3o de lides, o  TJDFT est\u00e1 sempre presente. Nesta semana cinco regi\u00f5es administrativas v\u00e3o receber o Juizado Itinerante, uma forma muito bem-vinda pelos cidad\u00e3os devido \u00e0 facilidade do acesso \u00e0 Justi\u00e7a.<\/p>\n<p>Concilia\u00e7\u00e3o<\/p>\n<p>Por falar em lide, o juiz Fl\u00e1vio Rostirola suspendeu a derrubada das casas no condom\u00ednio Quintas da Alvorada, mas a quest\u00e3o n\u00e3o est\u00e1 decidida. Ele enaltece a concilia\u00e7\u00e3o no caso e o amplo direito de defesa dos moradores.<\/p>\n<p>Alternativa<\/p>\n<p>Jaques Grinberg, coach de vendas, palestrante, consultor e s\u00f3cio em quatro empresas, atesta que onde h\u00e1 crise econ\u00f4mica, tem cr\u00e9dito cada vez mais exigente. Existe tamb\u00e9m busca dos consumidores por bens que sejam adquiridos sem o pagamento de juros. Esse \u00e9 o ambiente favor\u00e1vel para a aquisi\u00e7\u00e3o de bens por cons\u00f3rcio.<\/p>\n<p>Pl\u00e1stica pr\u00e1tica<\/p>\n<p>A Escola Parque \u00e9 uma institui\u00e7\u00e3o educacional que desde as ra\u00edzes da cidade era o ambiente para o desenvolvimento de artes, m\u00fasica e teatro, tr\u00eas ferramentas valiosas para a paz social, para o desenvolvimento cognitivo e afetivo. A artista pl\u00e1stica Regina Pessoa, em um resgate hist\u00f3rico, estar\u00e1 presente na Escola Parque para um bate-papo com a crian\u00e7ada. A aula pr\u00e1tica de artes pl\u00e1sticas termina no Museu da Rep\u00fablica, na exposi\u00e7\u00e3o que ficar\u00e1 aberta ao p\u00fablico at\u00e9 o dia 28.<\/p>\n<p>Hist\u00f3ria de Bras\u00edlia<\/p>\n<p>Em Bras\u00edlia, tem sido a cabe\u00e7a do Iate Clube, e o pr\u00f3prio clube \u00e9 um atestado de boa administra\u00e7\u00e3o. (Publicado em 13\/9\/1961)<\/p>\n","protected":false},"excerpt":{"rendered":"<p>DESDE 1960 aricunha@dabr.com.br com Circe Cunha \/\/ circecunha.df@dabr.com.br Fim do cerrado. Rios, milho, soja e feij\u00e3o por areia Com a transfer\u00eancia da capital para o interior do Brasil, a Regi\u00e3o Centro-Oeste, secularmente esquecida, passou a experimentar um protagonismo at\u00e9 ent\u00e3o inusitado. A proximidade com Bras\u00edlia favoreceu e estimulou o desenvolvimento da regi\u00e3o. Novas rodovias foram abertas, estradas de ferro foram [&hellip;]<\/p>\n","protected":false},"author":34,"featured_media":0,"comment_status":"closed","ping_status":"closed","sticky":false,"template":"","format":"standard","meta":{"footnotes":""},"categories":[23],"tags":[],"class_list":["post-8098","post","type-post","status-publish","format-standard","hentry","category-integra"],"_links":{"self":[{"href":"https:\/\/blogs.correiobraziliense.com.br\/aricunha\/wp-json\/wp\/v2\/posts\/8098","targetHints":{"allow":["GET"]}}],"collection":[{"href":"https:\/\/blogs.correiobraziliense.com.br\/aricunha\/wp-json\/wp\/v2\/posts"}],"about":[{"href":"https:\/\/blogs.correiobraziliense.com.br\/aricunha\/wp-json\/wp\/v2\/types\/post"}],"author":[{"embeddable":true,"href":"https:\/\/blogs.correiobraziliense.com.br\/aricunha\/wp-json\/wp\/v2\/users\/34"}],"replies":[{"embeddable":true,"href":"https:\/\/blogs.correiobraziliense.com.br\/aricunha\/wp-json\/wp\/v2\/comments?post=8098"}],"version-history":[{"count":1,"href":"https:\/\/blogs.correiobraziliense.com.br\/aricunha\/wp-json\/wp\/v2\/posts\/8098\/revisions"}],"predecessor-version":[{"id":8099,"href":"https:\/\/blogs.correiobraziliense.com.br\/aricunha\/wp-json\/wp\/v2\/posts\/8098\/revisions\/8099"}],"wp:attachment":[{"href":"https:\/\/blogs.correiobraziliense.com.br\/aricunha\/wp-json\/wp\/v2\/media?parent=8098"}],"wp:term":[{"taxonomy":"category","embeddable":true,"href":"https:\/\/blogs.correiobraziliense.com.br\/aricunha\/wp-json\/wp\/v2\/categories?post=8098"},{"taxonomy":"post_tag","embeddable":true,"href":"https:\/\/blogs.correiobraziliense.com.br\/aricunha\/wp-json\/wp\/v2\/tags?post=8098"}],"curies":[{"name":"wp","href":"https:\/\/api.w.org\/{rel}","templated":true}]}}