{"id":8093,"date":"2016-08-20T02:35:56","date_gmt":"2016-08-20T05:35:56","guid":{"rendered":"https:\/\/blogs.correiobraziliense.com.br\/aricunha\/?p=8093"},"modified":"2016-08-24T08:36:36","modified_gmt":"2016-08-24T11:36:36","slug":"quem-votou-neles-foi-voce","status":"publish","type":"post","link":"https:\/\/blogs.correiobraziliense.com.br\/aricunha\/quem-votou-neles-foi-voce\/","title":{"rendered":"Quem votou neles foi voc\u00ea"},"content":{"rendered":"<p>DESDE 1960<\/p>\n<p>aricunha@dabr.com.br<\/p>\n<p>com Circe Cunha e MAMFIL<\/p>\n<p>Grampos revelam a face oculta de autoridades brasileiras. Fossem gravadas e disponibilizadas para o p\u00fablico em geral as chamadas conversas ao p\u00e9 do ouvido dos pol\u00edticos desse pa\u00eds, a maioria de nossos representantes estaria no rumo certo para a cassa\u00e7\u00e3o do mandato e para a condena\u00e7\u00e3o pela Justi\u00e7a. O que as variadas grava\u00e7\u00f5es secretas dos pol\u00edticos t\u00eam, reiteradamente, demonstrado ao longo do tempo \u00e9 que, de fato, n\u00e3o conhecemos nem um pouco os nossos representantes nem suas ideias.<\/p>\n<p>No caso das recentes grava\u00e7\u00f5es de conversas divulgadas entre a presidente da C\u00e2mara Legislativa, Celina Le\u00e3o e a vice, Liliane Roriz, o que chama a aten\u00e7\u00e3o, logo de sa\u00edda, \u00e9 que os brasilienses de bem, que sempre se posicionaram contr\u00e1rios a emancipa\u00e7\u00e3o pol\u00edtica da capital, t\u00eam raz\u00f5es de sobra para essa luta.<\/p>\n<p>O aparato burocr\u00e1tico de representa\u00e7\u00e3o pol\u00edtica, facilitado pela Constitui\u00e7\u00e3o de 1988, e arrancado a f\u00f3rceps da lei para a capital do pa\u00eds, vem, ao longo dos anos e a cada novo esc\u00e2ndalo demonstrando n\u00e3o s\u00f3 a inutilidade e a inefic\u00e1cia desse modelo, como os s\u00e9rios preju\u00edzos para o para o contribuinte, obrigado a bancar esse circo in\u00fatil e de p\u00e9ssima qualidade produtiva.<\/p>\n<p>A cada novo epis\u00f3dio mal explicado, fica a certeza de que o atual modelo \u00e9 danoso para a cidade e para a maioria da popula\u00e7\u00e3o. Visto por sua face crua, revelada pelos seguidos casos de grampos, fica constatado que grande parte dos deputados distritais n\u00e3o representa ningu\u00e9m, al\u00e9m de si e de seus interesses inconfess\u00e1veis. A sanha pela obten\u00e7\u00e3o de vantagens de toda ordem, mesmo flagrantemente il\u00edcitas, aparece nas mais diversas legendas, variando apenas no quantitativo de acordo com o poder moment\u00e2neo de cada uma.<\/p>\n<p>Tamb\u00e9m as constantes desaven\u00e7as entre o Legislativo e o Executivo local, t\u00e3o prejudiciais \u00e0 popula\u00e7\u00e3o, obedecem e s\u00e3o movidas por motivos pouco republicanos, orientadas pelas disputas de poder pessoal. Nos di\u00e1logos, sempre captados \u00e0 sorrelfa, ficam demonstrados, al\u00e9m do baixo n\u00edvel e da mediocridade moral dos eleitos, que a forma\u00e7\u00e3o de currais eleitorais aos moldes do s\u00e9culo passado ainda s\u00e3o uma realidade presente e nefasta entre n\u00f3s.<\/p>\n<p>A frase que n\u00e3o foi pronunciada<\/p>\n<p>\u201cU\u00e9, caixa 2 ainda existe? Pensei que a<br \/>\nvers\u00e3o 2016 tivesse sofrido um upgrade para Caixa 5\u201d<\/p>\n<p>Ministro rec\u00e9m-chegado no Brasil,<br \/>\ndepois de 15 anos fora, horrorizado com as not\u00edcias.<\/p>\n<p>Reclama\u00e7\u00e3o<br \/>\n\u00bb \u00c9 certo que a Pol\u00edcia Federal tem sido exemplar nas opera\u00e7\u00f5es contra a corrup\u00e7\u00e3o, mas uma pena que para tirar passaporte n\u00e3o seja mais poss\u00edvel faz\u00ea-lo no Na Hora da Rodovi\u00e1ria do Plano Piloto, agora s\u00f3 Riacho Mall, no Riacho Fundo. E-mails protestando sobre a mudan\u00e7a podem ser feitas ao sr. Ney Ferreira de Souza, Ouvidor da PF. (ouvidoria@dpf.gov.br )<\/p>\n<p>Falta sensibilidade<br \/>\n\u00bb Por falar em reclamar, o governo federal tem seu espa\u00e7o no Reclame Aqui, o melhor portal para esse fim. Em 12 meses, foram 139 postagens. Pena que nenhum dos problemas foi resolvido.<\/p>\n<p>Proibido cortar<br \/>\n\u00bb Luiz Carlos Pato \u00e9 um dos lavadores de carro que trabalha perto do Senado. Ele plantou v\u00e1rias \u00e1rvores do estacionamento do Prodasen. Cada uma que cortam lhe d\u00f3i o cora\u00e7\u00e3o. No toco da \u00faltima v\u00edtima da serra el\u00e9trica est\u00e1 escrito: \u201cSinto muito\u201d. Algu\u00e9m registrou o sentimento de tristeza com a viol\u00eancia, no resto de seiva que chorava uma morte sem sentido.<\/p>\n<p>Intelig\u00eancia para o futuro<br \/>\n\u00bb Bancada pela Noruega, a Lib\u00e9ria recebeu investimentos para o combate \u00e0 epidemia de ebola. Em contrapartida, seria proibido fazer qualquer desmatamento. Depois da proposta \u00e0 na\u00e7\u00e3o africana, agora \u00e9 lei na Noruega. Para cortar uma \u00e1rvore, \u00e9 preciso pedir autoriza\u00e7\u00e3o para o governo.<\/p>\n<p>Parceria<br \/>\n\u00bb Aragar\u00e7as, Baliza, Bom Jardim de Goi\u00e1s e Piranhas s\u00e3o regi\u00f5es de Goi\u00e1s que ter\u00e3o as escolas e entidades beneficiadas por agricultores familiars que v\u00e3o fornecer hortifr\u00fati. Trata-se de uma parceria entre a Companhia Nacional de Abastecimento (Conab), por meio da Superintend\u00eancia Regional de Goi\u00e1s, com o contrato com a Cooperativa Mista de Agricultores e Agricultoras Familiares de Cooperjardim.<\/p>\n<p>Educa\u00e7\u00e3o<br \/>\n\u00bb A Olimp\u00edada de L\u00edngua Portuguesa Escrevendo o Futuro, iniciativa da Funda\u00e7\u00e3o Ita\u00fa Social e do Minist\u00e9rio da Educa\u00e7\u00e3o, em parceria com o Centro de Estudos e Pesquisas em Educa\u00e7\u00e3o, Cultura e A\u00e7\u00e3o Comunit\u00e1ria (Cenpec), \u00e9 uma proposta que procura aperfei\u00e7oar e atualizar sempre as t\u00e9cnicas de ensinar, em que o professor permanence em constante aprendizagem. Um bom planejamento em busca de resultados \u00e9 estrat\u00e9gia que permite ao professor ensinar melhor, e ao aluno, aprender mais. A 5\u00aa edi\u00e7\u00e3o est\u00e1 em pleno processo de produ\u00e7ao liter\u00e1ria.<\/p>\n<p>Higiene<\/p>\n<p>\u00bb Falta em nossas lanchonetes, confeitarias e padarias a tal pia para  lavar panos de ch\u00e3o no t\u00e9rreo, para que estes n\u00e3o sejam lavados na mesma cuba das lou\u00e7as. Ali\u00e1s, usar a vassoura faz economizar \u00e1gua, e evita a manipula\u00e7\u00e3o excessiva de funcion\u00e1rios com os panos de ch\u00e3o.<\/p>\n<p>Hist\u00f3ria de Bras\u00edlia<br \/>\nA reclama\u00e7\u00e3o vem do pessoal da Imprensa Nacional. At\u00e9 hoje n\u00e3o instalaram bebedouros no local de trabalho, e a cantina cobra pre\u00e7os absurdos, mesmo como est\u00e1: instalada precariamente, sem higiene, sem conforto, e sem pagar luz, aluguel ou impostos. (Publicado em 13\/9\/1961)<\/p>\n","protected":false},"excerpt":{"rendered":"<p>DESDE 1960 aricunha@dabr.com.br com Circe Cunha e MAMFIL Grampos revelam a face oculta de autoridades brasileiras. Fossem gravadas e disponibilizadas para o p\u00fablico em geral as chamadas conversas ao p\u00e9 do ouvido dos pol\u00edticos desse pa\u00eds, a maioria de nossos representantes estaria no rumo certo para a cassa\u00e7\u00e3o do mandato e para a condena\u00e7\u00e3o pela Justi\u00e7a. O que as variadas [&hellip;]<\/p>\n","protected":false},"author":34,"featured_media":0,"comment_status":"closed","ping_status":"closed","sticky":false,"template":"","format":"standard","meta":{"footnotes":""},"categories":[23],"tags":[],"class_list":["post-8093","post","type-post","status-publish","format-standard","hentry","category-integra"],"_links":{"self":[{"href":"https:\/\/blogs.correiobraziliense.com.br\/aricunha\/wp-json\/wp\/v2\/posts\/8093","targetHints":{"allow":["GET"]}}],"collection":[{"href":"https:\/\/blogs.correiobraziliense.com.br\/aricunha\/wp-json\/wp\/v2\/posts"}],"about":[{"href":"https:\/\/blogs.correiobraziliense.com.br\/aricunha\/wp-json\/wp\/v2\/types\/post"}],"author":[{"embeddable":true,"href":"https:\/\/blogs.correiobraziliense.com.br\/aricunha\/wp-json\/wp\/v2\/users\/34"}],"replies":[{"embeddable":true,"href":"https:\/\/blogs.correiobraziliense.com.br\/aricunha\/wp-json\/wp\/v2\/comments?post=8093"}],"version-history":[{"count":1,"href":"https:\/\/blogs.correiobraziliense.com.br\/aricunha\/wp-json\/wp\/v2\/posts\/8093\/revisions"}],"predecessor-version":[{"id":8094,"href":"https:\/\/blogs.correiobraziliense.com.br\/aricunha\/wp-json\/wp\/v2\/posts\/8093\/revisions\/8094"}],"wp:attachment":[{"href":"https:\/\/blogs.correiobraziliense.com.br\/aricunha\/wp-json\/wp\/v2\/media?parent=8093"}],"wp:term":[{"taxonomy":"category","embeddable":true,"href":"https:\/\/blogs.correiobraziliense.com.br\/aricunha\/wp-json\/wp\/v2\/categories?post=8093"},{"taxonomy":"post_tag","embeddable":true,"href":"https:\/\/blogs.correiobraziliense.com.br\/aricunha\/wp-json\/wp\/v2\/tags?post=8093"}],"curies":[{"name":"wp","href":"https:\/\/api.w.org\/{rel}","templated":true}]}}