{"id":8087,"date":"2016-08-18T02:20:47","date_gmt":"2016-08-18T05:20:47","guid":{"rendered":"https:\/\/blogs.correiobraziliense.com.br\/aricunha\/?p=8087"},"modified":"2016-08-18T08:21:33","modified_gmt":"2016-08-18T11:21:33","slug":"estatais-interessam-apenas-aos-politicos","status":"publish","type":"post","link":"https:\/\/blogs.correiobraziliense.com.br\/aricunha\/estatais-interessam-apenas-aos-politicos\/","title":{"rendered":"Estatais interessam apenas aos pol\u00edticos"},"content":{"rendered":"<p>DESDE 1960<\/p>\n<p>aricunha@dabr.com.br<br \/>\nCirce Cunha com MAMFIL<\/p>\n<p>Se n\u00e3o tivesse vindo a \u00f3bito ainda na inf\u00e2ncia, a estatal Brasil 2016, criada no governo Lula para preparar a cidade do Rio de Janeiro para a realiza\u00e7\u00e3o das Olimp\u00edadas  a exemplo de outras, como a Hemobr\u00e1s, ou estaria na mira da Justi\u00e7a, envolvida em casos de corrup\u00e7\u00e3o, ou teria gerado um sobrepre\u00e7o gigantesco para a realiza\u00e7\u00e3o dos jogos. A cria\u00e7\u00e3o e a manuten\u00e7\u00e3o de estatais interessam sobretudo aos pol\u00edticos, principalmente \u00e0queles que apregoam a tese de que o Estado deve ser o maior indutor do desenvolvimento.<\/p>\n<p>Atreladas aos infind\u00e1veis recursos do Tesouro Nacional, as estatais n\u00e3o operam com a l\u00f3gica cartesiana do mercado. Termos como competitividade, excel\u00eancia t\u00e9cnica ou produtividade, ou s\u00e3o desconhecidos nesse meio, ou simplesmente desconsiderados como conceitos in\u00fateis.  Blindadas por legisla\u00e7\u00e3o pr\u00f3pria e com o dinheiro farto, sugado dos contribuintes, as estatais tinham, nos governos militares, uma certa raz\u00e3o l\u00f3gica que se prendia aos conceitos de nacionalismo e fortalecimento do Estado, pr\u00f3prios do pensamento castrense.<\/p>\n<p>Com a chegada ao poder dos partidos autoproclamados de esquerda, a exist\u00eancia e a multiplica\u00e7\u00e3o das estatais ganharam, al\u00e9m contornos ideol\u00f3gicos t\u00edpicos desse matiz pol\u00edtico, uma raz\u00e3o bem pr\u00e1tica: hospedar simpatizantes e apoiadores em cargos estrat\u00e9gicos, de forma a obter vantagens e carrear para os cofres desses partidos o m\u00e1ximo poss\u00edvel de recursos sob o disfarce de doa\u00e7\u00f5es.<\/p>\n<p>Pesquisa feita pelo Instituto Teot\u00f4nio Vilela mostra que as 41 empresas estatais criadas entre 2003 e 2015 deixaram, por baixo, um passivo de mais de R$ 8 bilh\u00f5es. De acordo com a ONG Contas Abertas, as mais de 100 estatais, somadas as empresas de economia mista, movimentam, anualmente, algo em torno de R$ 1,4 trilh\u00e3o.<\/p>\n<p>\u00c9 nessa fabulosa montanha de dinheiro que residem os interesses dos partidos e n\u00e3o em ideias vagas de desenvolvimento nacional ou soberania. Para assegurar o controle e a expans\u00e3o desse nicho de riquezas, \u00e9 comum que as esquerdas apregoem constantemente o alarme de que os imperialistas do Norte est\u00e3o de olho nesses recursos.<\/p>\n<p>Curioso observar que esses partidos recorrem as mesmas t\u00e1ticas de convencimento de algumas igrejas pentecostais quando amea\u00e7am com a dana\u00e7\u00e3o eterna aqueles cr\u00e9dulos que n\u00e3o pagaram o d\u00edzimo cobrado.<\/p>\n<p>A Petrobras \u00e9 o caso mais emblem\u00e1tico e did\u00e1tico capaz de explicar o enorme interesse que esses partidos t\u00eam pelo comando dessas empresas. A lista de empresas estatais que d\u00e3o preju\u00edzos bilion\u00e1rios e est\u00e3o sob investiga\u00e7\u00e3o por crimes \u00e9 extensa e n\u00e3o tem sido f\u00e1cil simplesmente elimin\u00e1-las. Pelo menos enquanto existir contribuintes ou fi\u00e9is cr\u00e9dulos de que essa \u00e9 a \u00fanica f\u00f3rmula ou salva\u00e7\u00e3o para de erguer um pa\u00eds pr\u00f3spero ou ir para o c\u00e9u, livrando o Brasil da sanha dos imperialistas, ou seja, do capeta.<\/p>\n<p>A frase que foi pronunciada<\/p>\n<p>\u201cA filosofia progride n\u00e3o ao se tornar mais rigorosa, mas ao se tornar mais imaginativa.\u201d<\/p>\n<p>Richard Rorty, autor de Filosofia e o espelho da natureza<\/p>\n<p>Responsabilidade civil<\/p>\n<p>Nem o Estatuto da Crian\u00e7a nem o Estatuto da Pessoa com Defici\u00eancia nem a determina\u00e7\u00e3o do TCU nem a\u00e7\u00e3o judicial e nem mesmo a Constitui\u00e7\u00e3o s\u00e3o suficientes para resguardar as pessoas que usam medicamento de alto custo. Uma saga para cumprir todas as formalidades e um desrespeito ao n\u00e3o receber o rem\u00e9dio. GDF precisa honrar o compromisso com essa parte sofrida da popula\u00e7\u00e3o.<\/p>\n<p>Obriga\u00e7\u00e3o constitucional<\/p>\n<p>Para dar dignidade e vida com qualidade a um paciente com fibrose c\u00edstica s\u00e3o suficientes<\/p>\n<p>$ 11 mil por m\u00eas. Para o governo que arrecada sem parar, \u00e9 muito pouco. Para uma fam\u00edlia assalariada, \u00e9 imposs\u00edvel. Dinheiro n\u00e3o falta aos cofres p\u00fablicos. O problema \u00e9 a falta de gest\u00e3o p\u00fablica. Saem as emendas para a Sa\u00fade nas quais os recursos s\u00e3o usados para o pagamento de vigilantes. \u00c9 preciso organizar e dar transpar\u00eancia \u00e0s verbas destinadas ao Fundo Constitucional para Educa\u00e7\u00e3o, Sa\u00fade, Transporte e Seguran\u00e7a. Simples assim. Quanto entrou e quanto saiu e em que foi usado.<\/p>\n<p>Nova din\u00e2mica<\/p>\n<p>Quem passa pelo problema d\u00e1 a solu\u00e7\u00e3o. Fernando Gomide sugere que o governo acompanhe pelo CPF a identifica\u00e7\u00e3o dos pacientes que recebem o medicamento de alto custo. Automaticamente. Qual \u00e9 a quantidade necess\u00e1ria e a data para buscar. Isso \u00e9 o m\u00ednimo que se espera de um governo que est\u00e1 sempre atento em como arrecadar mais. S\u00f3 quantidade de dinheiro \u00e9 insuficiente. Urge a qualidade no uso da verba.<\/p>\n<p>Celebra\u00e7\u00e3o<\/p>\n<p>Leonel Peleja de Souza Oliveira e Terezinha C\u00e9lia Kineipp Oliveira transbordaram de felicidade na formatura do filho Mateus, novo advogado da cidade.<\/p>\n<p>Hist\u00f3ria de Bras\u00edlia<\/p>\n<p>Em Bras\u00edlia a coisa se inverte. Os \u201cpatr\u00f5es\u201d s\u00e3o os donos dos sindicatos, acostumado \u00e0 ociosidade proveitosa, tanto assim, que compareceram \u00e0 manifesta\u00e7\u00e3o sem ser convidados, e apareceram de \u00faltima hora, para se infiltrar entre os trabalhadores, e conseguirem uma audi\u00eancia com o presidente da Rep\u00fablica. (Publicado em 13\/9\/1961)<\/p>\n","protected":false},"excerpt":{"rendered":"<p>DESDE 1960 aricunha@dabr.com.br Circe Cunha com MAMFIL Se n\u00e3o tivesse vindo a \u00f3bito ainda na inf\u00e2ncia, a estatal Brasil 2016, criada no governo Lula para preparar a cidade do Rio de Janeiro para a realiza\u00e7\u00e3o das Olimp\u00edadas a exemplo de outras, como a Hemobr\u00e1s, ou estaria na mira da Justi\u00e7a, envolvida em casos de corrup\u00e7\u00e3o, ou teria gerado um sobrepre\u00e7o [&hellip;]<\/p>\n","protected":false},"author":34,"featured_media":0,"comment_status":"closed","ping_status":"closed","sticky":false,"template":"","format":"standard","meta":{"footnotes":""},"categories":[23],"tags":[],"class_list":["post-8087","post","type-post","status-publish","format-standard","hentry","category-integra"],"_links":{"self":[{"href":"https:\/\/blogs.correiobraziliense.com.br\/aricunha\/wp-json\/wp\/v2\/posts\/8087","targetHints":{"allow":["GET"]}}],"collection":[{"href":"https:\/\/blogs.correiobraziliense.com.br\/aricunha\/wp-json\/wp\/v2\/posts"}],"about":[{"href":"https:\/\/blogs.correiobraziliense.com.br\/aricunha\/wp-json\/wp\/v2\/types\/post"}],"author":[{"embeddable":true,"href":"https:\/\/blogs.correiobraziliense.com.br\/aricunha\/wp-json\/wp\/v2\/users\/34"}],"replies":[{"embeddable":true,"href":"https:\/\/blogs.correiobraziliense.com.br\/aricunha\/wp-json\/wp\/v2\/comments?post=8087"}],"version-history":[{"count":1,"href":"https:\/\/blogs.correiobraziliense.com.br\/aricunha\/wp-json\/wp\/v2\/posts\/8087\/revisions"}],"predecessor-version":[{"id":8088,"href":"https:\/\/blogs.correiobraziliense.com.br\/aricunha\/wp-json\/wp\/v2\/posts\/8087\/revisions\/8088"}],"wp:attachment":[{"href":"https:\/\/blogs.correiobraziliense.com.br\/aricunha\/wp-json\/wp\/v2\/media?parent=8087"}],"wp:term":[{"taxonomy":"category","embeddable":true,"href":"https:\/\/blogs.correiobraziliense.com.br\/aricunha\/wp-json\/wp\/v2\/categories?post=8087"},{"taxonomy":"post_tag","embeddable":true,"href":"https:\/\/blogs.correiobraziliense.com.br\/aricunha\/wp-json\/wp\/v2\/tags?post=8087"}],"curies":[{"name":"wp","href":"https:\/\/api.w.org\/{rel}","templated":true}]}}