{"id":8006,"date":"2016-07-12T03:54:11","date_gmt":"2016-07-12T06:54:11","guid":{"rendered":"https:\/\/blogs.correiobraziliense.com.br\/aricunha\/?p=8006"},"modified":"2016-07-13T05:55:01","modified_gmt":"2016-07-13T08:55:01","slug":"escola-e-extensao-natural-do-lar","status":"publish","type":"post","link":"https:\/\/blogs.correiobraziliense.com.br\/aricunha\/escola-e-extensao-natural-do-lar\/","title":{"rendered":"Escola \u00e9 a extens\u00e3o natural do lar"},"content":{"rendered":"<p><i>Desde 1960<\/i><\/p>\n<p>aricunha@dabr.com.br<\/p>\n<p>com Circe Cunha \/\/ circecunha.df@dabr.com.br e MAMFIL<\/p>\n<p>&nbsp;<\/p>\n<p>&nbsp;<\/p>\n<p>Tem raz\u00e3o um leitor que disse: \u201cO politicamente correto n\u00e3o muda nossa maneira de ser, apenas faz com que a gente se cale\u201d. Em nome da onda do politicamente correto muita barbaridade tem sido cometida, uma boa parte, inclusive, politicamente incorreta.<\/p>\n<p>A laicidade do Estado manda que se retirem os crucifixos de todas as escolas e pr\u00e9dios p\u00fablicos. Nas salas de aulas, retiram a imagem de Jesus e em seu lugar colocam-se a imagens de Guevara, Lenin ou Marx.<\/p>\n<p>No carnaval, o desfile de mulheres nuas em p\u00fablico e transmitido pelas tev\u00eas para todo pa\u00eds \u00e9 uma manifesta\u00e7\u00e3o cultural. Nesse caso, n\u00e3o se discute a proibi\u00e7\u00e3o do nudismo expl\u00edcito. J\u00e1 amamentar o filho rec\u00e9m-nascido no banco da pra\u00e7a p\u00fablica \u00e9 atentado ao pudor. Exemplos como estes se encontram aos milh\u00f5es hoje em dia. O pior \u00e9 que do sil\u00eancio acabrunhado de muitos, alguns poucos se aproveitam para impor pontos de vistas m\u00edopes, de um mundo cada vez mais bizarro.<\/p>\n<p>A sociedade que temos hoje, com suas qualidades e defeitos, espelha o lar e a escola de origem. A escola representa a primeira sociedade em que o indiv\u00edduo se integra fora de casa. Neste ambiente muito particular, o indiv\u00edduo \u00e9 ouvinte do mundo. Tudo capta, reproduz e convence os de casa.<\/p>\n<p>Num mundo ideal, a escola seria a extens\u00e3o natural do lar, alargada pelo conv\u00edvio com os semelhantes. No mundo real \u00e9 onde virtudes e v\u00edcios se acotovelam como numa feira, cada um com seu apelo pr\u00f3prio. O fato \u00e9 que nossas escolas p\u00fablicas reproduzem muito mais o pensamento de uma categoria\u2014 como grupo fechado em torno de um sindicato \u2014, do que o pensamento de pais, alunos e educadores.<\/p>\n<p>Para n\u00e3o contrariar a classe, a orienta\u00e7\u00e3o pedag\u00f3gica de nossas escolas prefere o caminho f\u00e1cil ditado pela cartilha ideol\u00f3gica sindical que o de se apoiar nas ci\u00eancias do ensino.<\/p>\n<p>O ocaso das esquerdas no Brasil n\u00e3o \u00e9 fato que se deva comemorar. O que se pode festejar, isso sim, \u00e9 o fim de um tipo muito especial de esquerda, que busca nivelar e pasteurizar o indiv\u00edduo, moldando-o de acordo com a vontade pessoal de um grupo.<\/p>\n<p>O apoderamento das escolas por vontade de um grupo sindical \u00e9 algo danoso e com consequ\u00eancias a longo prazo. Fazer das escolas, como se tem visto, lugar de proselitismo ideol\u00f3gico e propaganda partid\u00e1ria tem por finalidade atender apenas uma parte \u00ednfima da sociedade. Aqui, essa realidade se estende dos pequenos at\u00e9 os universit\u00e1rios.<\/p>\n<p>A laicidade, no sentido de neutralidade, deve se estender al\u00e9m das quest\u00f5es religiosas e abranger tamb\u00e9m quest\u00f5es partid\u00e1rias. Podem at\u00e9 tirar os crucifixos das paredes, mas \u00e9 preciso que sejam retirados tamb\u00e9m a foice e o martelo. O que se quer s\u00e3o alunos que pensem com a pr\u00f3pria cabe\u00e7a, vejam com os pr\u00f3prios olhos e andem com os pr\u00f3prios p\u00e9s. Isso \u00e9 educar. Que venham mestres e educadores de verdade com vontade e talento. Abaixo os professores de palanque.<\/p>\n<p>&nbsp;<\/p>\n<p><b>A frase que foi pronunciada<\/b><\/p>\n<p><i>&#8220;O poder desgasta aqueles que n\u00e3o o t\u00eam&#8221;<\/i><\/p>\n<p>Do filme O poderoso chef\u00e3o<\/p>\n<p>&nbsp;<\/p>\n<p><b>Balaio<\/b><\/p>\n<p>Aliados ou advers\u00e1rios. Iniciante nos jogos eletr\u00f4nicos, um amiguinho do Jo\u00e3o entrou pela primeira vez em uma lan house. Animado com a conquista, preparou-se para enfrentar o jogo Call of Duty 4. Causou um p\u00e2nico nos colegas. A divers\u00e3o dele era atirar para todos os lados. Assim est\u00e1 o presidente interino da C\u00e2mara dos Deputados, Waldir Maranh\u00e3o. Sem saber quem \u00e9 aliado e quem n\u00e3o \u00e9, confunde os colegas, jornalistas e assessores.<\/p>\n<p>&nbsp;<\/p>\n<p><b>Passado e futuro<\/b><\/p>\n<p>Por falar na C\u00e2mara dos Deputados, Espiridi\u00e3o Amin est\u00e1 sendo convencido pelos amigos para concorrer \u00e0 presid\u00eancia da C\u00e2mara. Se for considerada a vida pregressa, Amin j\u00e1 est\u00e1 eleito.<\/p>\n<p><b>Aumento<\/b><\/p>\n<p>L\u00e1 estava o Ipea atestando e os brasileiros comemorando o fim da pobreza extrema entre 1995 e 2008. Agora, a FGV apresenta um estudo coordenado por Marcelo Neri, do Centro de Pol\u00edticas Sociais, projetando um aumento dos miser\u00e1veis.<\/p>\n<p>&nbsp;<\/p>\n<p><b>Caracas!<\/b><\/p>\n<p>Enquanto isso, a Venezuela, que recebeu bilh\u00f5es de investimento do Brasil, v\u00ea seus cidad\u00e3os atravessando o pa\u00eds at\u00e9 a Col\u00f4mbia para conseguir qualquer coisa para comer. A situa\u00e7\u00e3o ultrapassa a crise econ\u00f4mica e social. N\u00e3o h\u00e1 lideran\u00e7a que segure o pa\u00eds.<\/p>\n<p>&nbsp;<\/p>\n<p><b>Terceiro mundo<\/b><\/p>\n<p>Pesquisas cient\u00edficas, que deveriam ser prioridade do nosso governo para manter a independ\u00eancia do pa\u00eds, continuam sendo sacrificadas. Dezenas de milh\u00f5es investidos em um supercomputador que permanece desativado e a nanotecnologia contra o c\u00e2ncer que at\u00e9 hoje n\u00e3o foi finalizada por falta de permiss\u00e3o.<\/p>\n<p>&nbsp;<\/p>\n<p><b>Hist\u00f3ria de Bras\u00edlia<\/b><\/p>\n<p>Sr. Presidente. Como o senhor v\u00ea, n\u00e3o foi uma cidade se criando, se desenvolvendo, se multiplicando. Foi a consci\u00eancia de homens decididos, foi o esp\u00edrito de brasilidade, foi a compet\u00eancia de t\u00e9cnicos. D\u00ea Bras\u00edlia a quem \u00e9 de Bras\u00edlia. (Publicado em 10\/09\/1961)<\/p>\n","protected":false},"excerpt":{"rendered":"<p>Desde 1960 aricunha@dabr.com.br com Circe Cunha \/\/ circecunha.df@dabr.com.br e MAMFIL &nbsp; &nbsp; Tem raz\u00e3o um leitor que disse: \u201cO politicamente correto n\u00e3o muda nossa maneira de ser, apenas faz com que a gente se cale\u201d. Em nome da onda do politicamente correto muita barbaridade tem sido cometida, uma boa parte, inclusive, politicamente incorreta. A laicidade do Estado manda que se [&hellip;]<\/p>\n","protected":false},"author":34,"featured_media":0,"comment_status":"closed","ping_status":"closed","sticky":false,"template":"","format":"standard","meta":{"footnotes":""},"categories":[23],"tags":[],"class_list":["post-8006","post","type-post","status-publish","format-standard","hentry","category-integra"],"_links":{"self":[{"href":"https:\/\/blogs.correiobraziliense.com.br\/aricunha\/wp-json\/wp\/v2\/posts\/8006","targetHints":{"allow":["GET"]}}],"collection":[{"href":"https:\/\/blogs.correiobraziliense.com.br\/aricunha\/wp-json\/wp\/v2\/posts"}],"about":[{"href":"https:\/\/blogs.correiobraziliense.com.br\/aricunha\/wp-json\/wp\/v2\/types\/post"}],"author":[{"embeddable":true,"href":"https:\/\/blogs.correiobraziliense.com.br\/aricunha\/wp-json\/wp\/v2\/users\/34"}],"replies":[{"embeddable":true,"href":"https:\/\/blogs.correiobraziliense.com.br\/aricunha\/wp-json\/wp\/v2\/comments?post=8006"}],"version-history":[{"count":1,"href":"https:\/\/blogs.correiobraziliense.com.br\/aricunha\/wp-json\/wp\/v2\/posts\/8006\/revisions"}],"predecessor-version":[{"id":8007,"href":"https:\/\/blogs.correiobraziliense.com.br\/aricunha\/wp-json\/wp\/v2\/posts\/8006\/revisions\/8007"}],"wp:attachment":[{"href":"https:\/\/blogs.correiobraziliense.com.br\/aricunha\/wp-json\/wp\/v2\/media?parent=8006"}],"wp:term":[{"taxonomy":"category","embeddable":true,"href":"https:\/\/blogs.correiobraziliense.com.br\/aricunha\/wp-json\/wp\/v2\/categories?post=8006"},{"taxonomy":"post_tag","embeddable":true,"href":"https:\/\/blogs.correiobraziliense.com.br\/aricunha\/wp-json\/wp\/v2\/tags?post=8006"}],"curies":[{"name":"wp","href":"https:\/\/api.w.org\/{rel}","templated":true}]}}