{"id":7992,"date":"2016-07-07T03:23:34","date_gmt":"2016-07-07T06:23:34","guid":{"rendered":"https:\/\/blogs.correiobraziliense.com.br\/aricunha\/?p=7992"},"modified":"2016-07-07T05:24:12","modified_gmt":"2016-07-07T08:24:12","slug":"lavando-temis-jato","status":"publish","type":"post","link":"https:\/\/blogs.correiobraziliense.com.br\/aricunha\/lavando-temis-jato\/","title":{"rendered":"Lavando T\u00eamis a Jato"},"content":{"rendered":"<p><i>Desde 1960<\/i><\/p>\n<p>@dabr.com.br<\/p>\n<p>com Circe Cunha \/\/ circecunha.df@dabr.com.br e MAMFIL<\/p>\n<p>&nbsp;<\/p>\n<p>Em anota\u00e7\u00f5es atribu\u00eddas a Marcelo Odebrecht \u00e0s quais a Pol\u00edcia Federal teve acesso, o presidente do Superior Tribunal de Justi\u00e7a (STJ), Francisco Falc\u00e3o, era mencionado \u201ccomo uma das autoridades que, no limite, podiam atuar em seu benef\u00edcio em caso de problemas judiciais.\u201d Na bomb\u00e1stica dela\u00e7\u00e3o premiada feita pelo ex-senador Delc\u00eddio do Amaral, Falc\u00e3o aparecia tamb\u00e9m, ao lado de Dilma e de Jos\u00e9 Eduardo Cardozo, como autor de um compl\u00f4 para nomear o ex-desembargador federal Marcelo Navarro Dantas para o cargo de ministro do STJ, com o firme prop\u00f3sito de obstruir as investiga\u00e7\u00f5es da Opera\u00e7\u00e3o Lava-Jato.<\/p>\n<p>Diante dessas den\u00fancias, a Procuradoria-Geral da Rep\u00fablica deu in\u00edcio a uma s\u00e9rie de investiga\u00e7\u00f5es que visavam esclarecer os tr\u00e2mites e as tramoias jur\u00eddicas, na 5\u00aa Turma do STJ, para soltar empreiteiros de peso, como o pr\u00f3prio Marcelo e o principal executivo da Andrade Gutierrez, Oct\u00e1vio Azevedo.<\/p>\n<p>Da den\u00fancia constam ainda as suspeitas de venda de habeas corpus. O pedido de abertura de inqu\u00e9rito t\u00e3o rumoroso, feito pela PGR, est\u00e1 agora nas m\u00e3os do ministro Teori Zavascki, que cuida dos casos da Lava-Jato. Formado por 33 ministros, o STJ \u00e9 a segunda Corte judicial mais importante do Brasil. Mat\u00e9rias que n\u00e3o envolvam quest\u00f5es constitucionais t\u00eam neste tribunal sua \u00faltima inst\u00e2ncia.<\/p>\n<p>\u00c9 tamb\u00e9m essa Corte que julga as autoridades com prerrogativa de foro. Por essa raz\u00e3o, suspeitas sobre desvios de comportamento de qualquer um de seus membros tem o poder de desestabilizar o pr\u00f3prio Poder Judici\u00e1rio. Repete o fil\u00f3sofo de Mondubim: \u201cn\u00e3o basta ser \u00edntegro, tem que parecer \u00edntegro\u201d.<\/p>\n<p>De qualquer forma, o pedido de investiga\u00e7\u00e3o da Procuradoria-Geral da Rep\u00fablica indica que a enxurrada vinda da Lava-Jato chegou ao Judici\u00e1rio. Em outra frente, o juiz federal Paulo Bueno criticou a decis\u00e3o do ministro do STF Dias Toffoli de soltar Paulo Bernardo, preso durante a Opera\u00e7\u00e3o Custo Brasil.<\/p>\n<p>Para Bueno, essta decis\u00e3o pode dar oportunidade para que Paulo Bernardo esconda parte do dinheiro que ainda n\u00e3o foi encontrado pela PF. Embora n\u00e3o se discorde da decis\u00e3o de Toffoli, a medida beneficiando Paulo Bernardo desestimula e constrange futuras investiga\u00e7\u00f5es deste caso.<\/p>\n<p>Para alguns juristas, o ministro Dias Toffoli deveria se declarar impedido de julgar este caso, j\u00e1 que, no passado, integrou como advogado a defesa desses mesmos personagens agora enrolados com a justi\u00e7a.<\/p>\n<p>O desembargador do Tribunal Regional Federal Ivan Athi\u00e9, depois de converter em domiciliar a pris\u00e3o de Fernando Cavendish, detido na Opera\u00e7\u00e3o Saqueador, que investiga desvios de R$ 370 milh\u00f5es em contratos de obras p\u00fablicas, voltou atr\u00e1s ante as repercuss\u00f5es negativas do caso e agora se declara impedido de julgar o caso.<\/p>\n<p>Quest\u00f5es assim fazem pairar sobre o Judici\u00e1rio brasileiro suspeitas de envolvimento de alguns de seus membros em esc\u00e2ndalos da Lava-Jato \u2014 o que, neste momento, \u00e9 tudo o que n\u00e3o pode acontecer.<\/p>\n<p>&nbsp;<\/p>\n<p><b>A frase que foi pronunciada<\/b><\/p>\n<p><i>\u201cUma gota de veneno contamina o c\u00e2ntaro.\u201d<\/i><\/p>\n<p>In\u00e1cio Dantas<\/p>\n<p>&nbsp;<\/p>\n<p><b>Cen\u00e1culo<\/b><\/p>\n<p>Essa \u00e9 uma rede pioneira de lanchonetes com alimentos saud\u00e1veis. Est\u00e1 em v\u00e1rias escolas particulares.<\/p>\n<p>&nbsp;<\/p>\n<p><b>Debate dos leitores<\/b><\/p>\n<p>Wilson Lima pede espa\u00e7o na coluna para que os leitores participem sobre o assunto Lei do Sil\u00eancio. Os que defendem o emprego de centenas de pessoas em contraponto aos que depois da labuta gostariam do sono dos justos.<\/p>\n<p>&nbsp;<\/p>\n<p><b>Hist\u00f3ria de Bras\u00edlia<\/b><\/p>\n<p>Ainda sobre a mesma r\u00e1dio, a Nacional, um recado para a atual dire\u00e7\u00e3o art\u00edstica: No programa M\u00fasica para o almo\u00e7o \u00e9 feito, constantemente, um an\u00fancio de determinado expectorante, o que n\u00e3o condiz muito com o hor\u00e1rio, dedicado a refei\u00e7\u00f5es. (Publicado em 9\/9\/1961)<\/p>\n","protected":false},"excerpt":{"rendered":"<p>Desde 1960 @dabr.com.br com Circe Cunha \/\/ circecunha.df@dabr.com.br e MAMFIL &nbsp; Em anota\u00e7\u00f5es atribu\u00eddas a Marcelo Odebrecht \u00e0s quais a Pol\u00edcia Federal teve acesso, o presidente do Superior Tribunal de Justi\u00e7a (STJ), Francisco Falc\u00e3o, era mencionado \u201ccomo uma das autoridades que, no limite, podiam atuar em seu benef\u00edcio em caso de problemas judiciais.\u201d Na bomb\u00e1stica dela\u00e7\u00e3o premiada feita pelo ex-senador [&hellip;]<\/p>\n","protected":false},"author":34,"featured_media":0,"comment_status":"closed","ping_status":"closed","sticky":false,"template":"","format":"standard","meta":{"footnotes":""},"categories":[23],"tags":[],"class_list":["post-7992","post","type-post","status-publish","format-standard","hentry","category-integra"],"_links":{"self":[{"href":"https:\/\/blogs.correiobraziliense.com.br\/aricunha\/wp-json\/wp\/v2\/posts\/7992","targetHints":{"allow":["GET"]}}],"collection":[{"href":"https:\/\/blogs.correiobraziliense.com.br\/aricunha\/wp-json\/wp\/v2\/posts"}],"about":[{"href":"https:\/\/blogs.correiobraziliense.com.br\/aricunha\/wp-json\/wp\/v2\/types\/post"}],"author":[{"embeddable":true,"href":"https:\/\/blogs.correiobraziliense.com.br\/aricunha\/wp-json\/wp\/v2\/users\/34"}],"replies":[{"embeddable":true,"href":"https:\/\/blogs.correiobraziliense.com.br\/aricunha\/wp-json\/wp\/v2\/comments?post=7992"}],"version-history":[{"count":1,"href":"https:\/\/blogs.correiobraziliense.com.br\/aricunha\/wp-json\/wp\/v2\/posts\/7992\/revisions"}],"predecessor-version":[{"id":7993,"href":"https:\/\/blogs.correiobraziliense.com.br\/aricunha\/wp-json\/wp\/v2\/posts\/7992\/revisions\/7993"}],"wp:attachment":[{"href":"https:\/\/blogs.correiobraziliense.com.br\/aricunha\/wp-json\/wp\/v2\/media?parent=7992"}],"wp:term":[{"taxonomy":"category","embeddable":true,"href":"https:\/\/blogs.correiobraziliense.com.br\/aricunha\/wp-json\/wp\/v2\/categories?post=7992"},{"taxonomy":"post_tag","embeddable":true,"href":"https:\/\/blogs.correiobraziliense.com.br\/aricunha\/wp-json\/wp\/v2\/tags?post=7992"}],"curies":[{"name":"wp","href":"https:\/\/api.w.org\/{rel}","templated":true}]}}