{"id":7988,"date":"2016-07-05T03:40:16","date_gmt":"2016-07-05T06:40:16","guid":{"rendered":"https:\/\/blogs.correiobraziliense.com.br\/aricunha\/?p=7988"},"modified":"2016-07-06T04:41:52","modified_gmt":"2016-07-06T07:41:52","slug":"capitalismo-de-estado","status":"publish","type":"post","link":"https:\/\/blogs.correiobraziliense.com.br\/aricunha\/capitalismo-de-estado\/","title":{"rendered":"Capitalismo de estado"},"content":{"rendered":"<p><i>Desde 1960<\/i><\/p>\n<p>aricunha@dabr.com.br<\/p>\n<p>com Circe Cunha \/\/ circecunha.df@dabr.com.br<\/p>\n<p>&nbsp;<\/p>\n<p>&nbsp;<\/p>\n<p>No cerne dos esc\u00e2ndalos cotidianos, est\u00e1, ao lado da mediocridade m\u00e9dia de nossos representantes pol\u00edticos, o fato de o Brasil ter enveredado, desde cedo, pelo caminho paternalista que o conduziu ao beco sem sa\u00edda do chamado capitalismo de estado.<\/p>\n<p>Essa cria\u00e7\u00e3o tem seu marco em nossa hist\u00f3ria contempor\u00e2nea quando Get\u00falio Vargas condicionou o apoio aos aliados na Segunda Guerra ao financiamento para a instala\u00e7\u00e3o da Companhia Sider\u00fargica Nacional, em Volta Redonda (RJ). O primeiro complexo industrial brasileiro moderno nasceu assim de uma decis\u00e3o monocr\u00e1tica que colocava na mesma mesa de negocia\u00e7\u00f5es as op\u00e7\u00f5es entre o apoio aos nazistas e ao eixo fascista ou o financiamento para a constru\u00e7\u00e3o de uma metal\u00fargica, com a qual o governo pretendia fazer aqui uma sui generis revolu\u00e7\u00e3o industrial de cima para baixo.<\/p>\n<p>Ainda para conferir ares de normalidade a um progresso material fict\u00edcio, confeccionado unicamente por vontade do Estado, foi organizado um modelo de sindicalismo artificial, atrelado, logicamente, aos humores do grande pai da p\u00e1tria. Ao nosso modelo de desenvolvimento e progresso foram interpostos mecanismos que condicionavam o crescimento da economia aos investimentos dos bancos estatais. Tutelados desde sua origem, empresas e empres\u00e1rios sempre viram no governo e nas institui\u00e7\u00f5es financeiras do estado come\u00e7o e fim de suas atividades.<\/p>\n<p>A onipresen\u00e7a do poder central, em toda a atividade econ\u00f4mica, ensejou uma esp\u00e9cie de atrofia, fazendo de nossos empreendedores seres totalmente dependentes da m\u00e1quina p\u00fablica. Mesmo as atividades culturais, oriundas das manifesta\u00e7\u00f5es espont\u00e2neas da popula\u00e7\u00e3o, se viram, de alguma forma, atreladas aos benesses do Estado.<\/p>\n<p>Dessa forma, n\u00e3o chega a ser surpresa que a grande maioria das empresas do pa\u00eds se encontrem hoje, por conta de uma devassa sem precedentes, no banco dos r\u00e9us, por conta de uma rela\u00e7\u00e3o hist\u00f3rica que atrelou todas elas ao dinheiro do contribuinte.<\/p>\n<p>Da mesma forma, os programas de incentivo \u00e0 cultura, em vez de favorecer a produ\u00e7\u00e3o de trabalhos realmente significativos e de largo alcance, serviram para alimentar uma ind\u00fastria de parasitas que, se submetidos aos rigores da livre iniciativa e do mercado, teriam, na sua grande maioria, naufragados ainda no porto de partida.<\/p>\n<p>Se a tutela do Estado serviu, num primeiro momento, para trazer \u00e0 tona as atividades econ\u00f4micas e culturais, suas continua\u00e7\u00e3o e superprote\u00e7\u00e3o ao longo de tanto tempo t\u00eam servido apenas para criar um mundo de fantasias, onde a Opera\u00e7\u00e3o Lava-Jato ou a Opera\u00e7\u00e3o Boca Livre s\u00e3o apenas parte desse enredo.<\/p>\n<p>&nbsp;<\/p>\n<p><b>A frase que foi pronunciada<\/b><\/p>\n<p><i>\u201cSomos a consequ\u00eancia do nosso pensamento.\u201d<\/i><\/p>\n<p>Buda<\/p>\n<p>&nbsp;<\/p>\n<p><b>Concurso<\/b><\/p>\n<p>Vem a\u00ed concurso para professor da rede p\u00fablica de ensino no DF. O governador Rodrigo Rollemberg garante que no segundo semestre de 2017 os aprovados ser\u00e3o contratados. O professor J\u00falio Greg\u00f3rio, com experi\u00eancia em sala de aula, tem dado valor \u00e0 classe docente. Agora o refor\u00e7o para a educa\u00e7\u00e3o p\u00fablica depende de um trabalho direto com a fam\u00edlia dos estudantes.<\/p>\n<p>&nbsp;<\/p>\n<p><b>Brasiliense<\/b><\/p>\n<p>Capital Inicial, C\u00e1ssia Eller, C\u00e9lia Porto, Eduardo Rangel, Hamilton Holanda, Legi\u00e3o Urbana, Ney Matogrosso, Paralamas do Sucesso, Plebe Rude, Rosa Passos e Z\u00e9lia Duncan. Apenas para ficar registradas algumas das nossas pratas da casa que despontam pelo Brasil e pelo mundo.<\/p>\n<p>&nbsp;<\/p>\n<p><b>Cidad\u00e3o<\/b><\/p>\n<p>Nota legal atrai\u00a0 contribuintes e prazo vence em agosto. Mais de 13 mil pessoas recebem cr\u00e9dito de quase 2 milh\u00f5es.<\/p>\n<p>&nbsp;<\/p>\n<p><b>C\u00e2ncer<\/b><\/p>\n<p>Em plen\u00e1rio, a senadora Ana Am\u00e9lia disse estar estupefata com a corrup\u00e7\u00e3o. Ela est\u00e1 em todos os lugares, disse a parlamentar. \u201cEst\u00e1 no esporte amador, no esporte paral\u00edmpico, est\u00e1 na cultura, com os desvios da Lei Rouanet, est\u00e1 na medicina, com os desvios das \u00f3rteses e pr\u00f3teses, lamentavelmente, mas tamb\u00e9m n\u00e3o chega a ser conforto para n\u00f3s, pol\u00edticos, que s\u00f3 a classe pol\u00edtica esteja visada nessas opera\u00e7\u00f5es envolvendo a Lava-Jato\u201d, afirmou.<\/p>\n<p>&nbsp;<\/p>\n<p><b>Metr\u00f4<\/b><\/p>\n<p>Hoje, o TRT da 10\u00aa Regi\u00e3o julga o acordo coletivo da categoria do transporte metrovi\u00e1rio. \u00c9 dia de ficar atento sobre a poss\u00edvel paralisa\u00e7\u00e3o.<\/p>\n<p>&nbsp;<\/p>\n<p>Hist\u00f3ria de Bras\u00edlia<\/p>\n<p>O Congresso votou a emenda parlamentarista sob coa\u00e7\u00e3o, para retirar do sr. Jo\u00e3o Goulart, como presidente da Rep\u00fablica, uma boa parte de sua autoridade. Por isto, e por outras raz\u00f5es, \u00e9 que n\u00e3o creio no Parlamentarismo. Estou com o sr. Raul Pilla. Satisfeito com a aprova\u00e7\u00e3o, e decepcionado com as mutila\u00e7\u00f5es. Cada partido defendeu seu quinh\u00e3o, e o povo, ora o povo, que se lixe!<\/p>\n","protected":false},"excerpt":{"rendered":"<p>Desde 1960 aricunha@dabr.com.br com Circe Cunha \/\/ circecunha.df@dabr.com.br &nbsp; &nbsp; No cerne dos esc\u00e2ndalos cotidianos, est\u00e1, ao lado da mediocridade m\u00e9dia de nossos representantes pol\u00edticos, o fato de o Brasil ter enveredado, desde cedo, pelo caminho paternalista que o conduziu ao beco sem sa\u00edda do chamado capitalismo de estado. Essa cria\u00e7\u00e3o tem seu marco em nossa hist\u00f3ria contempor\u00e2nea quando Get\u00falio [&hellip;]<\/p>\n","protected":false},"author":34,"featured_media":0,"comment_status":"closed","ping_status":"closed","sticky":false,"template":"","format":"standard","meta":{"footnotes":""},"categories":[23],"tags":[],"class_list":["post-7988","post","type-post","status-publish","format-standard","hentry","category-integra"],"_links":{"self":[{"href":"https:\/\/blogs.correiobraziliense.com.br\/aricunha\/wp-json\/wp\/v2\/posts\/7988","targetHints":{"allow":["GET"]}}],"collection":[{"href":"https:\/\/blogs.correiobraziliense.com.br\/aricunha\/wp-json\/wp\/v2\/posts"}],"about":[{"href":"https:\/\/blogs.correiobraziliense.com.br\/aricunha\/wp-json\/wp\/v2\/types\/post"}],"author":[{"embeddable":true,"href":"https:\/\/blogs.correiobraziliense.com.br\/aricunha\/wp-json\/wp\/v2\/users\/34"}],"replies":[{"embeddable":true,"href":"https:\/\/blogs.correiobraziliense.com.br\/aricunha\/wp-json\/wp\/v2\/comments?post=7988"}],"version-history":[{"count":1,"href":"https:\/\/blogs.correiobraziliense.com.br\/aricunha\/wp-json\/wp\/v2\/posts\/7988\/revisions"}],"predecessor-version":[{"id":7989,"href":"https:\/\/blogs.correiobraziliense.com.br\/aricunha\/wp-json\/wp\/v2\/posts\/7988\/revisions\/7989"}],"wp:attachment":[{"href":"https:\/\/blogs.correiobraziliense.com.br\/aricunha\/wp-json\/wp\/v2\/media?parent=7988"}],"wp:term":[{"taxonomy":"category","embeddable":true,"href":"https:\/\/blogs.correiobraziliense.com.br\/aricunha\/wp-json\/wp\/v2\/categories?post=7988"},{"taxonomy":"post_tag","embeddable":true,"href":"https:\/\/blogs.correiobraziliense.com.br\/aricunha\/wp-json\/wp\/v2\/tags?post=7988"}],"curies":[{"name":"wp","href":"https:\/\/api.w.org\/{rel}","templated":true}]}}