{"id":7981,"date":"2016-07-04T03:53:32","date_gmt":"2016-07-04T06:53:32","guid":{"rendered":"https:\/\/blogs.correiobraziliense.com.br\/aricunha\/?p=7981"},"modified":"2016-07-04T05:57:05","modified_gmt":"2016-07-04T08:57:05","slug":"opiniao-publica-lava-jato","status":"publish","type":"post","link":"https:\/\/blogs.correiobraziliense.com.br\/aricunha\/opiniao-publica-lava-jato\/","title":{"rendered":"Opini\u00e3o p\u00fablica  lava a jato"},"content":{"rendered":"<p><i>DESDE 1960<\/i><\/p>\n<p>aricunha@dabr.com.br<\/p>\n<p>com Circe Cunha \/\/ circecunha.df@dabr.com.br com MAMFIL<\/p>\n<p>&nbsp;<\/p>\n<p>Experi\u00eancia \u00e9 o outro nome para erros cometidos. \u00c9 com esse pensamento que os investigadores da Opera\u00e7\u00e3o Lava-Jato buscam seguir adiante na apura\u00e7\u00e3o do maior caso de corrup\u00e7\u00e3o da hist\u00f3ria brasileira de todos os tempos. Nesse terreno, as pegadas deixadas por sapatos de grifes foram impressas por gente muito poderosa. Portanto, \u00e9 preciso que esses profissionais da justi\u00e7a tenham todo o cuidado em seguir firmes no encalce, sem deformar as pistas e sem chamar a aten\u00e7\u00e3o daqueles que ainda seguem em frente delinquindo e certos da impunidade.<\/p>\n<p>H\u00e1 uma unanimidade sobre os riscos que correm as investiga\u00e7\u00f5es vindas de todos os setores diretamente prejudicados. O reconhecimento da exist\u00eancia de m\u00faltiplas a\u00e7\u00f5es para sabotar as investiga\u00e7\u00f5es \u00e9 recorrente, principalmente por parte dos profissionais da lei. N\u00e3o \u00e9 por outro motivo que a cada passo importante dado pelos investigadores, as a\u00e7\u00f5es empregadas e os nomes dos envolvidos s\u00e3o diretamente postos para o conhecimento da imprensa e da popula\u00e7\u00e3o.<\/p>\n<p>O semin\u00e1rio Grandes casos criminais: experi\u00eancia italiana e perspectivas no Brasil demonstra n\u00e3o s\u00f3 a necessidade de colher as experi\u00eancias do rumoroso caso ocorrido na It\u00e1lia, mas, sobretudo, os erros cometidos ao longo daquele processo e que acabaram por prejudicar a continuidade das investiga\u00e7\u00f5es. \u00c9 preciso n\u00e3o cometer as mesmas falhas. Para o principal nome daquele processo, o ex-procurador Ant\u00f4nio di Pietro, \u00e9 importante que os investigadores tenham o apoio da sociedade. No caso italiano, diz, \u201ca sociedade se mobilizou e se transformou num vigilante, num policial e num s\u00edndico\u201d. Para seu colega brasileiro, presente no evento, o procurador-geral da Rep\u00fablica, Rodrigo Janot, a Opera\u00e7\u00e3o Lava-Jato \u201cpor si s\u00f3, n\u00e3o salvar\u00e1 o Brasil\u201d.<\/p>\n<p>Em sua opini\u00e3o \u00e9 preciso, no caso brasileiro, tamb\u00e9m contar com o apoio e a mobiliza\u00e7\u00e3o social para combater a corrup\u00e7\u00e3o e acabar com a impunidade no pa\u00eds. \u201cN\u00e3o chegaremos ao fim dessa jornada unicamente pelos caminhos do Minist\u00e9rio P\u00fablico ou do Judici\u00e1rio\u201d, afirmou Janot, para quem \u00e9 \u201cindispens\u00e1vel a for\u00e7a incontrast\u00e1vel da cidadania vigilante e ativa\u201d. Para o procurador, o fim da corrup\u00e7\u00e3o equivale, na nossa hist\u00f3ria, ao fim da escravid\u00e3o.<\/p>\n<p>Quando um corpo social est\u00e1 maduro, diz, e anseia por mudan\u00e7as, o poder secular pode at\u00e9 retardar a sua implementa\u00e7\u00e3o, mas jamais impedir os desdobramentos dos fatos. Ant\u00f4nio Di Pietro, por sua vez, ressaltou que seu colega S\u00e9rgio Moro \u201cest\u00e1 fazendo o seu trabalho com o \u00fanico objetivo de cumprir o seu dever de juiz e, certamente, n\u00e3o sob influ\u00eancia de ambi\u00e7\u00f5es pol\u00edticas\u201d. J\u00e1 o presidente da Transpar\u00eancia Internacional, Jos\u00e9 Ugaz, alertou para o perigo que corre a Opera\u00e7\u00e3o Lava-Jato. \u201cNa aus\u00eancia de novas lideran\u00e7as, existe um risco real de que a velha pol\u00edtica consiga sabotar os avan\u00e7os da luta contra a corrup\u00e7\u00e3o, afirmou.<\/p>\n<p><strong>A frase que n\u00e3o foi pronunciada<\/strong><br \/>\n<em><br \/>\n\u201cA m\u00e1quina pol\u00edtica triunfa porque<br \/>\n\u00e9 uma minoria unida atuando<br \/>\ncontra uma maioria dividida.\u201d<br \/>\n<\/em><strong><br \/>\nWill Durant<\/strong><\/p>\n<p>A verdade<br \/>\n\u00bb Imposs\u00edvel resistir \u00e0 simpatia do Uber. Descontos promocionais para quem indica amigos, mais seguran\u00e7a, sem necessidade de manusear dinheiro, acompanhamento do trajeto pelos familiares. Tenho muitos amigos taxistas na cidade. Muitos mesmo. Chega a um ponto que o melhor \u00e9 se unir ao mais moderno e eficiente.<\/p>\n<p><strong>Interesses<\/strong><br \/>\n\u00bb Depois da celeuma na C\u00e2mara Legislativa sobre a vota\u00e7\u00e3o das Organiza\u00e7\u00f5es Sociais (OS), um projeto aprovado de forma duvidosa acabou por revogar a lei que regulamenta as OS. A a\u00e7\u00e3o acabou por inviabilizar o suporte das OS ao sistema p\u00fablico de sa\u00fade do DF. T\u00e9cnicos do Legislativo distrital confirmaram que se trata de ato inconstitucional. O assunto est\u00e1 fora da al\u00e7ada do Legislativo local.<\/p>\n<p><strong>Release<\/strong><br \/>\n\u00bb Escola Parque da 308 Sul recebe a pe\u00e7a O auto da comadre esp\u00edrita. Em apresenta\u00e7\u00e3o \u00fanica, a Cia. de Teatro Cesel promete uma releitura do cl\u00e1ssico de Ariano Suassuna.\u201cN\u00e3o sei, s\u00f3 sei que foi assim\u201d, quem n\u00e3o se lembra da cl\u00e1ssica frase de Chic\u00f3, personagem de O auto da compadecida? Um dos maiores cl\u00e1ssicos de Ariano Suassuna ganha o palco do Teatro da Escola Parque no pr\u00f3ximo dia 22, em duas sess\u00f5es (\u00e0s 20h e \u00e0s 21h30). A Cia. de Teatro Cesel garante que vai tirar muita gargalhadas da plateia.<\/p>\n<p><strong>Hist\u00f3ria de Bras\u00edlia<\/strong><\/p>\n<p>Nem todo mundo tem dito a verdadeira hist\u00f3ria, e \u00e9 preciso que isto fique escrito: o Congresso (C\u00e2mara e Senado, tamb\u00e9m) votou a emenda parlamentarista sob coa\u00e7\u00e3o, para retirar do sr. Jo\u00e3o Goulart, como presidente da Rep\u00fablica, uma boa parte de sua autoridade. (<strong>Publicado em 9\/9\/1961<\/strong>)<\/p>\n","protected":false},"excerpt":{"rendered":"<p>DESDE 1960 aricunha@dabr.com.br com Circe Cunha \/\/ circecunha.df@dabr.com.br com MAMFIL &nbsp; Experi\u00eancia \u00e9 o outro nome para erros cometidos. \u00c9 com esse pensamento que os investigadores da Opera\u00e7\u00e3o Lava-Jato buscam seguir adiante na apura\u00e7\u00e3o do maior caso de corrup\u00e7\u00e3o da hist\u00f3ria brasileira de todos os tempos. Nesse terreno, as pegadas deixadas por sapatos de grifes foram impressas por gente muito [&hellip;]<\/p>\n","protected":false},"author":34,"featured_media":0,"comment_status":"closed","ping_status":"closed","sticky":false,"template":"","format":"standard","meta":{"footnotes":""},"categories":[23],"tags":[],"class_list":["post-7981","post","type-post","status-publish","format-standard","hentry","category-integra"],"_links":{"self":[{"href":"https:\/\/blogs.correiobraziliense.com.br\/aricunha\/wp-json\/wp\/v2\/posts\/7981","targetHints":{"allow":["GET"]}}],"collection":[{"href":"https:\/\/blogs.correiobraziliense.com.br\/aricunha\/wp-json\/wp\/v2\/posts"}],"about":[{"href":"https:\/\/blogs.correiobraziliense.com.br\/aricunha\/wp-json\/wp\/v2\/types\/post"}],"author":[{"embeddable":true,"href":"https:\/\/blogs.correiobraziliense.com.br\/aricunha\/wp-json\/wp\/v2\/users\/34"}],"replies":[{"embeddable":true,"href":"https:\/\/blogs.correiobraziliense.com.br\/aricunha\/wp-json\/wp\/v2\/comments?post=7981"}],"version-history":[{"count":2,"href":"https:\/\/blogs.correiobraziliense.com.br\/aricunha\/wp-json\/wp\/v2\/posts\/7981\/revisions"}],"predecessor-version":[{"id":7985,"href":"https:\/\/blogs.correiobraziliense.com.br\/aricunha\/wp-json\/wp\/v2\/posts\/7981\/revisions\/7985"}],"wp:attachment":[{"href":"https:\/\/blogs.correiobraziliense.com.br\/aricunha\/wp-json\/wp\/v2\/media?parent=7981"}],"wp:term":[{"taxonomy":"category","embeddable":true,"href":"https:\/\/blogs.correiobraziliense.com.br\/aricunha\/wp-json\/wp\/v2\/categories?post=7981"},{"taxonomy":"post_tag","embeddable":true,"href":"https:\/\/blogs.correiobraziliense.com.br\/aricunha\/wp-json\/wp\/v2\/tags?post=7981"}],"curies":[{"name":"wp","href":"https:\/\/api.w.org\/{rel}","templated":true}]}}